{"id":16076,"date":"2022-10-10T10:07:37","date_gmt":"2022-10-10T10:07:37","guid":{"rendered":"https:\/\/conakrynews.org\/?p=16076"},"modified":"2022-10-10T10:07:37","modified_gmt":"2022-10-10T10:07:37","slug":"dalein-apres-la-construction-dune-ecole-sur-les-ruines-de-sa-residence-le-terrain-ne-represente-rien-a-mes-yeux","status":"publish","type":"post","link":"https:\/\/conakrynews.org\/index.php\/dalein-apres-la-construction-dune-ecole-sur-les-ruines-de-sa-residence-le-terrain-ne-represente-rien-a-mes-yeux\/","title":{"rendered":"Dalein apr\u00e8s la construction d\u2019une \u00e9cole sur les ruines de sa r\u00e9sidence : \u2018\u2019le terrain ne repr\u00e9sente rien \u00e0 mes yeux\u2019\u2019"},"content":{"rendered":"<p>Alors que le dossier de l\u2019ancienne r\u00e9sidence du leader de l\u2019Union des forces d\u00e9mocratiques de Guin\u00e9e (UFDG) est pendant devant la justice, les autorit\u00e9s de la transition sont pass\u00e9es \u00e0 la vitesse sup\u00e9rieure en proc\u00e9dant \u00e0 la construction d\u2019une \u00e9cole moderne dont l\u2019inauguration a eu lieu le vendredi 7 octobre et qui porte d\u00e9sormais le nom de Barry Diawadou. <\/p>\n<p>Depuis Paris o\u00f9 il s\u00e9journe, Cellou Dalein Diallo a confi\u00e9 \u00e0 Ring politique qu\u2019il attend la d\u00e9cision de la justice guin\u00e9enne.<\/p>\n<p>\u2018\u2019J\u2019ai d\u00e9j\u00e0 saisi la justice, j\u2019attends qu\u2019elle dise son mot. Je consid\u00e8re que la mani\u00e8re d\u2019agir \u00e9tait un m\u00e9pris de la justice et une n\u00e9gation du droit jusqu\u2019\u00e0 maintenant. Il y a eu la confiscation, la destruction, la construction de l\u2019\u00e9cole et l\u2019inauguration en grande pompe de cette \u00e9cole, alors que le dossier reste pendant devant la justice. Je m\u2019en remets \u00e0 la justice, je suis fort de mon droit\u2019\u2019, r\u00e9agit-il au micro de nos confr\u00e8res de Sabari FM.<\/p>\n<p>L\u2019ancien Premier ministre dit \u00e0 qui veut l\u2019entendre que \u2018\u2019le terrain ne repr\u00e9sente rien \u00e0 mes yeux. Mais ce qui m\u2019a pr\u00e9occup\u00e9 en tant leader politique, c\u2019est la n\u00e9gation du droit et le m\u00e9pris de la justice qui a pr\u00e9sid\u00e9 \u00e0 toutes ces op\u00e9rations\u2019\u2019.<\/p>\n<p>Avec VisionGuinee.Info<\/p>\n","protected":false},"excerpt":{"rendered":"<p>Alors que le dossier de l\u2019ancienne r\u00e9sidence du leader de l\u2019Union des forces d\u00e9mocratiques de Guin\u00e9e (UFDG) est pendant devant la justice, les autorit\u00e9s de la transition sont pass\u00e9es \u00e0 la vitesse sup\u00e9rieure en proc\u00e9dant \u00e0 la construction d\u2019une \u00e9cole moderne dont l\u2019inauguration a eu lieu le vendredi 7 octobre et qui porte d\u00e9sormais le [&hellip;]<\/p>\n","protected":false},"author":2,"featured_media":16077,"comment_status":"closed","ping_status":"closed","sticky":false,"template":"","format":"standard","meta":{"footnotes":""},"categories":[57],"tags":[],"class_list":{"0":"post-16076","1":"post","2":"type-post","3":"status-publish","4":"format-standard","5":"has-post-thumbnail","7":"category-politique"},"_links":{"self":[{"href":"https:\/\/conakrynews.org\/index.php\/wp-json\/wp\/v2\/posts\/16076","targetHints":{"allow":["GET"]}}],"collection":[{"href":"https:\/\/conakrynews.org\/index.php\/wp-json\/wp\/v2\/posts"}],"about":[{"href":"https:\/\/conakrynews.org\/index.php\/wp-json\/wp\/v2\/types\/post"}],"author":[{"embeddable":true,"href":"https:\/\/conakrynews.org\/index.php\/wp-json\/wp\/v2\/users\/2"}],"replies":[{"embeddable":true,"href":"https:\/\/conakrynews.org\/index.php\/wp-json\/wp\/v2\/comments?post=16076"}],"version-history":[{"count":0,"href":"https:\/\/conakrynews.org\/index.php\/wp-json\/wp\/v2\/posts\/16076\/revisions"}],"wp:featuredmedia":[{"embeddable":true,"href":"https:\/\/conakrynews.org\/index.php\/wp-json\/wp\/v2\/media\/16077"}],"wp:attachment":[{"href":"https:\/\/conakrynews.org\/index.php\/wp-json\/wp\/v2\/media?parent=16076"}],"wp:term":[{"taxonomy":"category","embeddable":true,"href":"https:\/\/conakrynews.org\/index.php\/wp-json\/wp\/v2\/categories?post=16076"},{"taxonomy":"post_tag","embeddable":true,"href":"https:\/\/conakrynews.org\/index.php\/wp-json\/wp\/v2\/tags?post=16076"}],"curies":[{"name":"wp","href":"https:\/\/api.w.org\/{rel}","templated":true}]}}