{"id":1610,"date":"2017-10-16T17:22:57","date_gmt":"2017-10-16T15:22:57","guid":{"rendered":"https:\/\/conakrynews.org\/?p=1610"},"modified":"2017-10-16T17:22:57","modified_gmt":"2017-10-16T15:22:57","slug":"guinee-naissance-dune-nouvelle-alliance-epauler-gouvernance-dalpha-conde","status":"publish","type":"post","link":"https:\/\/conakrynews.org\/index.php\/guinee-naissance-dune-nouvelle-alliance-epauler-gouvernance-dalpha-conde\/","title":{"rendered":"Guin\u00e9e : Naissance  d\u2019une nouvelle Alliance pour \u00e9pauler la Gouvernance d\u2019Alpha Cond\u00e9"},"content":{"rendered":"<p><strong>Les membres de l\u2019Alliance Des Acteurs de la Mouvance Pr\u00e9sidentielle en Abr\u00e9g\u00e9 (AMP) \u00e9taient\u00a0 en face\u00a0 des hommes de m\u00e9dias ce Lundi ,16 Octobre 2017 dans la Salle Commune des journalistes de Guin\u00e9e. L\u2019objectif, de cette r\u00e9cente sortie m\u00e9diatique desdits membres, \u00e9tait \u00a0de proc\u00e9der au lancement officiel des activit\u00e9s de leur nouvelle Alliance qui\u00a0 a pour but\u00a0 d\u2019\u00e9pauler la gouvernance d\u2019Alpha Cond\u00e9 dans le cadre du d\u00e9veloppement harmonieux de la Guin\u00e9e.<\/strong><\/p>\n<p>A l\u2019occasion de cette c\u00e9r\u00e9monie de lancement, Dr. Saliou Bella \u00a0Diallo, porte-parole de la Mouvance Pr\u00e9sidentielle et Pr\u00e9sident de l\u2019Alliance des Acteurs de la Mouvance Pr\u00e9sidentielle (AMP) a d\u00e9clar\u00e9 \u00e0 la Presse\u00a0:\u00a0\u00ab\u00a0 Nous ne pensons pas \u00e0 un probl\u00e8me de troisi\u00e8me Mandat. J\u2019ai souvent d\u00e9clar\u00e9 \u00a0dans les m\u00e9dias que cette affaire d\u2019\u00e9ventuel troisi\u00e8me mandant du Pr\u00e9sident Alpha Cond\u00e9 ne nous pr\u00e9occupe pas. Ce qui nous pr\u00e9occupe plut\u00f4t aujourd\u2019hui, c\u2019est de multiplier par deux ou par \u00a0trois \u00a0le bilan du Prof Alpha Cond\u00e9.Pour que\u00a0 la guin\u00e9e puisse sortir de l\u2019orni\u00e8re et atteindre \u00a0la croissance \u00a0\u00e0\u00a0 deux (2) chiffres \u00a0d\u2019ici l\u2019ann\u00e9e 2020.Pour le moment, le projet de troisi\u00e8me mandat n\u2019a jamais \u00e9t\u00e9 \u00e9voqu\u00e9 par le Pr\u00e9sident de la R\u00e9publique ni par un \u00a0autre responsable \u00a0officiel de la Mouvance\u00a0\u00bb,a-t-il d\u00e9clar\u00e9. Avant de pr\u00e9ciser\u00a0:\u00a0\u00ab\u00a0Sur la question\u00a0 des\u00a0 accusations \u00e0 l\u2019encontre du\u00a0 \u00a0pr\u00e9sident \u00e0 cause \u00a0de ses multiples voyages. Le pr\u00e9sident a \u00a0besoin de voyager pour rechercher \u00a0des investisseurs devant accompagner \u00a0la Guin\u00e9e dans son projet de d\u00e9veloppement. L\u2019exemple r\u00e9cent, c\u2019est \u00a0l\u2019obtention d\u2019un contrat de 20 milliards \u00a0de Dollars \u00a0avec la Chine. Dont trois Milliards seront en<img loading=\"lazy\" decoding=\"async\" class=\"alignnone size-medium wp-image-1611\" src=\"https:\/\/conakrynews.org\/wp-content\/uploads\/2017\/10\/photo-bella-2-500x375.jpg\" alt=\"\" width=\"500\" height=\"375\" srcset=\"https:\/\/conakrynews.org\/wp-content\/uploads\/2017\/10\/photo-bella-2-500x375.jpg 500w, https:\/\/conakrynews.org\/wp-content\/uploads\/2017\/10\/photo-bella-2-768x576.jpg 768w\" sizes=\"auto, (max-width: 500px) 100vw, 500px\" \/>caissables maintenant\u00a0\u00bb, <strong>a-t-il \u00a0pr\u00e9cis\u00e9 le Pr\u00e9sident de l\u2019AMP.<\/strong><\/p>\n<p>&nbsp;<\/p>\n<p><strong>\u00a0<\/strong><strong>Dans son expos\u00e9,<\/strong> le Porte-Parole de l\u2019Alliance \u00a0Des Acteurs \u00a0de la Mouvance Pr\u00e9sidentielle, P\u00e9p\u00e9 Koul\u00e9mou, a soulign\u00e9 que plus d\u2019une cinquantaine de Partis politiques ont sign\u00e9 cette Alliance. Avant d\u2019affirmer\u00a0:\u00a0\u00ab\u00a0\u00a0La situation politique actuelle de notre pays se caract\u00e9rise par l\u2019Installation de la quasi-totalit\u00e9 des institutions R\u00e9publicaine. La bonne amorce d\u2019un d\u00e9collage \u00e9conomique pour une croissance \u00e0 deux chiffres avant 2020 et l\u2019organisation des \u00e9lections communales. La Mouvance pr\u00e9sidentielle doit s\u2019assurer d\u2019une bonne organisation, d\u2019une meilleure strat\u00e9gie pour obtenir une majorit\u00e9 absolue aux prochaines consultations \u00e9lectorales. Dans cette optique, plusieurs Paris Politiques qui ont la m\u00eame vision, la m\u00eame strat\u00e9gie. C\u2019est pour ces \u00a0raisons, que plusieurs \u00a0\u00a0partis Politique qui ont travaill\u00e9 tr\u00e8s longtemps \u00a0au sein de la Mouvance Pr\u00e9sidentielle, ont d\u00e9cid\u00e9 de proc\u00e9der \u00e0 la cr\u00e9ation d\u2019une nouvelle Alliance politique D\u00e9nomm\u00e9\u00a0: Alliance des Acteurs de la Mouvance Pr\u00e9sidentielle (AMP)\u00a0\u00bb, a-t-il affirm\u00e9 le Porte-Parole.<\/p>\n<p>&nbsp;<\/p>\n<p>Pour mettre un terme \u00e0 ses propos, il a dit\u00a0:\u00a0\u00ab\u00a0Notre \u00a0Alliance est dirig\u00e9e par un Bureau Ex\u00e9cutif et un Coll\u00e8ge de leaders. Et, nous comptons proc\u00e9der \u00e0 l\u2019installation de nos d\u00e9membrements au niveau r\u00e9gional, pr\u00e9fectoral et sous-pr\u00e9fectoral \u00a0dans les semaines \u00e0 venir. Des commissions techniques seront identifi\u00e9es et mises place pour un bon fonctionnement de nos activit\u00e9s\u00a0\u00bb, <strong>a conclu M.Koul\u00e9mou.<\/strong><\/p>\n<p><strong>Sylla Ibrahima Kalil pour www.conkrynews.org \u00a0\u00a0<\/strong><\/p>\n","protected":false},"excerpt":{"rendered":"<p>Les membres de l\u2019Alliance Des Acteurs de la Mouvance Pr\u00e9sidentielle en Abr\u00e9g\u00e9 (AMP) \u00e9taient\u00a0 en face\u00a0 des hommes de m\u00e9dias ce Lundi ,16 Octobre 2017 dans la Salle Commune des journalistes de Guin\u00e9e. L\u2019objectif, de cette r\u00e9cente sortie m\u00e9diatique desdits membres, \u00e9tait \u00a0de proc\u00e9der au lancement officiel des activit\u00e9s de leur nouvelle Alliance qui\u00a0 a [&hellip;]<\/p>\n","protected":false},"author":2,"featured_media":1611,"comment_status":"open","ping_status":"open","sticky":false,"template":"","format":"image","meta":{"footnotes":""},"categories":[57],"tags":[],"class_list":{"0":"post-1610","1":"post","2":"type-post","3":"status-publish","4":"format-image","5":"has-post-thumbnail","7":"category-politique","8":"post_format-post-format-image"},"_links":{"self":[{"href":"https:\/\/conakrynews.org\/index.php\/wp-json\/wp\/v2\/posts\/1610","targetHints":{"allow":["GET"]}}],"collection":[{"href":"https:\/\/conakrynews.org\/index.php\/wp-json\/wp\/v2\/posts"}],"about":[{"href":"https:\/\/conakrynews.org\/index.php\/wp-json\/wp\/v2\/types\/post"}],"author":[{"embeddable":true,"href":"https:\/\/conakrynews.org\/index.php\/wp-json\/wp\/v2\/users\/2"}],"replies":[{"embeddable":true,"href":"https:\/\/conakrynews.org\/index.php\/wp-json\/wp\/v2\/comments?post=1610"}],"version-history":[{"count":0,"href":"https:\/\/conakrynews.org\/index.php\/wp-json\/wp\/v2\/posts\/1610\/revisions"}],"wp:featuredmedia":[{"embeddable":true,"href":"https:\/\/conakrynews.org\/index.php\/wp-json\/wp\/v2\/media\/1611"}],"wp:attachment":[{"href":"https:\/\/conakrynews.org\/index.php\/wp-json\/wp\/v2\/media?parent=1610"}],"wp:term":[{"taxonomy":"category","embeddable":true,"href":"https:\/\/conakrynews.org\/index.php\/wp-json\/wp\/v2\/categories?post=1610"},{"taxonomy":"post_tag","embeddable":true,"href":"https:\/\/conakrynews.org\/index.php\/wp-json\/wp\/v2\/tags?post=1610"}],"curies":[{"name":"wp","href":"https:\/\/api.w.org\/{rel}","templated":true}]}}