{"id":16114,"date":"2022-10-11T20:55:08","date_gmt":"2022-10-11T20:55:08","guid":{"rendered":"https:\/\/conakrynews.org\/?p=16114"},"modified":"2022-10-11T20:55:08","modified_gmt":"2022-10-11T20:55:08","slug":"plainte-delle-kamano-contre-lactiviste-bella-bah-grace-a-la-mediation-de-me-bea-les-deux-se-sont-reconcilies","status":"publish","type":"post","link":"https:\/\/conakrynews.org\/index.php\/plainte-delle-kamano-contre-lactiviste-bella-bah-grace-a-la-mediation-de-me-bea-les-deux-se-sont-reconcilies\/","title":{"rendered":"Plainte  d&rsquo;Elle Kamano  contre l&rsquo;activiste  Bella Bah: Gr\u00e2ce  \u00e0 la  m\u00e9diation de Me Bea , les deux se sont r\u00e9concili\u00e9s"},"content":{"rendered":"<p>Suite \u00e0  une plainte  de  l&rsquo;artiste  reggaeman  et devenu  homme  politique,  Elie Kamano, l&rsquo;activiste Bella bah  a \u00e9t\u00e9  conduit ce lundi ,  11 Octobre  2022 \u00e0  la  direction  Centrale  de  la police  judiciaire (DPJ).<\/p>\n<p>Selon nos informations,  gr\u00e2ce  \u00e0  la m\u00e9ditation  de l&rsquo;avocat  des deux hommes, Me Salif B\u00e9avogui, l&rsquo;accus\u00e9  Bella bah a reconnu  son tort  et il a pr\u00e9sent\u00e9  aussi ses excuses  au plaignant Elie Kamano.<\/p>\n<p>Interrog\u00e9, Me Salif B\u00e9avogui, nous   a  confirm\u00e9   ces informations. :\u00a0\u00bbEffectivement  Bella bah a  \u00e9t\u00e9  conduit  \u00e0  la direction Centrale de la  police  judiciaire  suite \u00e0  une plainte  pour diffamation  d\u00e9pos\u00e9e  par mon fr\u00e8re  artiste  Elie  Kamano.Mais, \u00e9tant  l&rsquo;avocat  des deux hommes, je suis parvenu  \u00e0  leur mettre ensemble.Bella bah    a reconnu  son tort et il a pr\u00e9sent\u00e9  ses excuses \u00e0  son fr\u00e8re  Elie Kamano,  qui  a  aussi  accept\u00e9 le  pardon de ce dernier. <\/p>\n<p>Apr\u00e8s  avoir  r\u00e9concili\u00e9  ces deux  fr\u00e8res  Guin\u00e9ens, Me Bea a remerci\u00e9   Elie Kamano  d&rsquo;avoir  accepter de pardonner , et il  \u00e9galement  remerci\u00e9  Bella bah pour  sa grandeur  d&rsquo;homme.<\/p>\n<p>Pour finir, l&rsquo;avocat a pr\u00e9cis\u00e9 que c&rsquo;\u00e9tait  une proc\u00e9dure  r\u00e9guli\u00e8re  et que la police   a agit dans la l\u00e9galit\u00e9.<\/p>\n<p>Sylla Ibrahima Kalil,pour www conakrynews 625444534<\/p>\n","protected":false},"excerpt":{"rendered":"<p>Suite \u00e0 une plainte de l&rsquo;artiste reggaeman et devenu homme politique, Elie Kamano, l&rsquo;activiste Bella bah a \u00e9t\u00e9 conduit ce lundi , 11 Octobre 2022 \u00e0 la direction Centrale de la police judiciaire (DPJ). Selon nos informations, gr\u00e2ce \u00e0 la m\u00e9ditation de l&rsquo;avocat des deux hommes, Me Salif B\u00e9avogui, l&rsquo;accus\u00e9 Bella bah a reconnu son [&hellip;]<\/p>\n","protected":false},"author":2,"featured_media":16115,"comment_status":"closed","ping_status":"closed","sticky":false,"template":"","format":"standard","meta":{"footnotes":""},"categories":[58],"tags":[],"class_list":{"0":"post-16114","1":"post","2":"type-post","3":"status-publish","4":"format-standard","5":"has-post-thumbnail","7":"category-societe"},"_links":{"self":[{"href":"https:\/\/conakrynews.org\/index.php\/wp-json\/wp\/v2\/posts\/16114","targetHints":{"allow":["GET"]}}],"collection":[{"href":"https:\/\/conakrynews.org\/index.php\/wp-json\/wp\/v2\/posts"}],"about":[{"href":"https:\/\/conakrynews.org\/index.php\/wp-json\/wp\/v2\/types\/post"}],"author":[{"embeddable":true,"href":"https:\/\/conakrynews.org\/index.php\/wp-json\/wp\/v2\/users\/2"}],"replies":[{"embeddable":true,"href":"https:\/\/conakrynews.org\/index.php\/wp-json\/wp\/v2\/comments?post=16114"}],"version-history":[{"count":0,"href":"https:\/\/conakrynews.org\/index.php\/wp-json\/wp\/v2\/posts\/16114\/revisions"}],"wp:featuredmedia":[{"embeddable":true,"href":"https:\/\/conakrynews.org\/index.php\/wp-json\/wp\/v2\/media\/16115"}],"wp:attachment":[{"href":"https:\/\/conakrynews.org\/index.php\/wp-json\/wp\/v2\/media?parent=16114"}],"wp:term":[{"taxonomy":"category","embeddable":true,"href":"https:\/\/conakrynews.org\/index.php\/wp-json\/wp\/v2\/categories?post=16114"},{"taxonomy":"post_tag","embeddable":true,"href":"https:\/\/conakrynews.org\/index.php\/wp-json\/wp\/v2\/tags?post=16114"}],"curies":[{"name":"wp","href":"https:\/\/api.w.org\/{rel}","templated":true}]}}