{"id":16137,"date":"2022-10-13T10:55:09","date_gmt":"2022-10-13T10:55:09","guid":{"rendered":"https:\/\/conakrynews.org\/?p=16137"},"modified":"2022-10-13T10:55:09","modified_gmt":"2022-10-13T10:55:09","slug":"ousmane-gaoul-sur-son-exclusion-a-lufdg-dalein-navait-aucun-pouvoir-pour-mexclure-de-lufdg","status":"publish","type":"post","link":"https:\/\/conakrynews.org\/index.php\/ousmane-gaoul-sur-son-exclusion-a-lufdg-dalein-navait-aucun-pouvoir-pour-mexclure-de-lufdg\/","title":{"rendered":"Ousmane Gaoul sur son exclusion \u00e0 l\u2019UFDG: \u201cDalein n\u2019avait aucun pouvoir pour m\u2019exclure de l\u2019UFDG\u201d"},"content":{"rendered":"<p>L\u2019ancien responsable de la cellule de communication de l\u2019union des forces d\u00e9mocratiques de Guin\u00e9e (UFDG), Ousmane Gaoual Diallo ne d\u00e9col\u00e8re pas contre son ex pr\u00e9sident, Cellou Dalein Diallo apr\u00e8s son exclusion au sein du parti.<\/p>\n<p>Invit\u00e9 chez nos confr\u00e8res de la Radio Espace FM dans la c\u00e9l\u00e8bre \u00e9mission des  \u00bb Grandes Gueules\u2019\u2019, l\u2019actuel porte-parole du gouvernement a d\u00e9nonc\u00e9 le non-respect des r\u00e8glements int\u00e9rieurs et les proc\u00e9dures de son exclusion.<\/p>\n<p>Selon lui, son ancien patron n\u2019a aucun pouvoir de l\u2019exclure au sein du parti: \u201cJe suis \u00e9tonn\u00e9 de l\u2019acte qu\u2019il a pris pour  du parti de fa\u00e7on  ill\u00e9gale. Parce que le pr\u00e9sident de l\u2019UFDG n\u2019a aucun pouvoir d\u2019exclure un militant du parti. C\u2019est contraire aux textes, \u00e0 l\u2019esprit, aux statuts et r\u00e8glement du parti. Je pensais avec  son parcours, il aurait fait beaucoup plus attention aux textes du parti,\u201d d\u00e9nonce Ousmane Gaoual Diallo.<\/p>\n<p>Le ministre des postes et t\u00e9l\u00e9communications dit \u00e0 qui veut l\u2019entendre que le pr\u00e9sident de l\u2019UFDG n\u2019a aucune pr\u00e9rogative pour exclure un militant des rangs du parti.<\/p>\n<p>\u201cLe bureau ex\u00e9cutif suspend quelqu\u2019un m\u00eame pour deux ans en attendant que le congr\u00e8s ent\u00e9rine l\u2019exclusion. Mais le pr\u00e9sident d\u2019un parti n\u2019a aucun pouvoir pour exclure un militant. La proc\u00e9dure voudrait que lorsqu\u2019un militant est mis en cause, qu\u2019il soit jug\u00e9 par l\u2019instance \u00e0 laquelle il appartient. On met en place une commission de discipline, le mis en cause est invit\u00e9 \u00e0 se d\u00e9fendre et il y a un forme de jugement. Si les sanctions sont propos\u00e9es, elles sont ramen\u00e9es au niveau du bureau ex\u00e9cutif qui ent\u00e9rine. Si \u00e7a devrait conduire \u00e0 l\u2019exclusio, le bureau politique peut suspendre la personne pour 24 mois en attendant le congr\u00e8s\u201d, fait-il savoir.<\/p>\n<p>Avant de poursuivre : \u201cAu lieu de cela, il s\u2019est assis \u00e0 Dakar pour envoyer une lettre pour dire : \u2018Je t\u2019exclus\u2019. Pour moi, \u00e7a a \u00e9t\u00e9 une tr\u00e8s grande surprise. Parce que le conseil politique auquel j\u2019appartiens n\u2019est pas une instance de d\u00e9cision, mais une instance d\u2019ex\u00e9cution. Donc il n\u2019avait aucun pouvoir pour m\u2019exclure de l\u2019UFDG\u201d, assure-t-il.<\/p>\n<p>Pour terminer, le ministre des postes et t\u00e9l\u00e9communications, prend acte de la d\u00e9cision de son ancien pr\u00e9sident, Cellou Dalein Diallo.<\/p>\n<p>\u2019\u2019Mais comme il l\u2019a fait, j\u2019ai pris acte. Je n\u2019ai  dit. Mais j\u2019\u00e9tais tr\u00e8s d\u00e9\u00e7u de voir qu\u2019il ne fait pas attention au respect des textes dans l\u2019exercice du pouvoir qu\u2019il a \u00e0 la t\u00eate du parti. C\u2019est une surprise pour moi. Je pensais qu\u2019avec tout ce que nous avons subi et fait ensemble, chacun d\u2019entre nous allait attention pour que les actes soient en conformit\u00e9 avec les d\u00e9cisions\u201d, a-t-il d\u00e9clar\u00e9.<\/p>\n<p>Mohamed Camara<\/p>\n","protected":false},"excerpt":{"rendered":"<p>L\u2019ancien responsable de la cellule de communication de l\u2019union des forces d\u00e9mocratiques de Guin\u00e9e (UFDG), Ousmane Gaoual Diallo ne d\u00e9col\u00e8re pas contre son ex pr\u00e9sident, Cellou Dalein Diallo apr\u00e8s son exclusion au sein du parti. Invit\u00e9 chez nos confr\u00e8res de la Radio Espace FM dans la c\u00e9l\u00e8bre \u00e9mission des \u00bb Grandes Gueules\u2019\u2019, l\u2019actuel porte-parole du [&hellip;]<\/p>\n","protected":false},"author":2,"featured_media":16138,"comment_status":"closed","ping_status":"closed","sticky":false,"template":"","format":"standard","meta":{"footnotes":""},"categories":[57],"tags":[],"class_list":{"0":"post-16137","1":"post","2":"type-post","3":"status-publish","4":"format-standard","5":"has-post-thumbnail","7":"category-politique"},"_links":{"self":[{"href":"https:\/\/conakrynews.org\/index.php\/wp-json\/wp\/v2\/posts\/16137","targetHints":{"allow":["GET"]}}],"collection":[{"href":"https:\/\/conakrynews.org\/index.php\/wp-json\/wp\/v2\/posts"}],"about":[{"href":"https:\/\/conakrynews.org\/index.php\/wp-json\/wp\/v2\/types\/post"}],"author":[{"embeddable":true,"href":"https:\/\/conakrynews.org\/index.php\/wp-json\/wp\/v2\/users\/2"}],"replies":[{"embeddable":true,"href":"https:\/\/conakrynews.org\/index.php\/wp-json\/wp\/v2\/comments?post=16137"}],"version-history":[{"count":0,"href":"https:\/\/conakrynews.org\/index.php\/wp-json\/wp\/v2\/posts\/16137\/revisions"}],"wp:featuredmedia":[{"embeddable":true,"href":"https:\/\/conakrynews.org\/index.php\/wp-json\/wp\/v2\/media\/16138"}],"wp:attachment":[{"href":"https:\/\/conakrynews.org\/index.php\/wp-json\/wp\/v2\/media?parent=16137"}],"wp:term":[{"taxonomy":"category","embeddable":true,"href":"https:\/\/conakrynews.org\/index.php\/wp-json\/wp\/v2\/categories?post=16137"},{"taxonomy":"post_tag","embeddable":true,"href":"https:\/\/conakrynews.org\/index.php\/wp-json\/wp\/v2\/tags?post=16137"}],"curies":[{"name":"wp","href":"https:\/\/api.w.org\/{rel}","templated":true}]}}