{"id":16154,"date":"2022-10-14T12:24:19","date_gmt":"2022-10-14T12:24:19","guid":{"rendered":"https:\/\/conakrynews.org\/?p=16154"},"modified":"2022-10-14T12:24:19","modified_gmt":"2022-10-14T12:24:19","slug":"conseil-des-ministres-plus-jamais-la-guinee-ne-retombera-dans-les-erreurs-du-passe-dixit-colonel-mamadi-doumbouya","status":"publish","type":"post","link":"https:\/\/conakrynews.org\/index.php\/conseil-des-ministres-plus-jamais-la-guinee-ne-retombera-dans-les-erreurs-du-passe-dixit-colonel-mamadi-doumbouya\/","title":{"rendered":"Conseil des ministres : \u00ab plus jamais la Guin\u00e9e ne retombera dans les erreurs du pass\u00e9 \u00bb dixit colonel Mamadi Doumbouya"},"content":{"rendered":"<p>La Session Ordinaire du Conseil des Ministres s\u2019est tenue ce jeudi 13 Octobre 2022 de 10H \u00e0 12H, sous la Haute Autorit\u00e9 de \ud835\udc2c\ud835\udc28\ud835\udc27 \ud835\udc04\ud835\udc31\ud835\udc1c\ud835\udc1e\ud835\udc25\ud835\udc25\ud835\udc1e\ud835\udc27\ud835\udc1c\ud835\udc1e \ud835\udc0c\ud835\udc28\ud835\udc27\ud835\udc2c\ud835\udc22\ud835\udc1e\ud835\udc2e\ud835\udc2b \ud835\udc25\ud835\udc1e \ud835\udc0f\ud835\udc2b\ud835\udc1e\u0301\ud835\udc2c\ud835\udc22\ud835\udc1d\ud835\udc1e\ud835\udc27\ud835\udc2d \ud835\udc1d\ud835\udc2e \ud835\udc02\ud835\udc0d\ud835\udc11\ud835\udc03, \ud835\udc0f\ud835\udc2b\ud835\udc1e\u0301\ud835\udc2c\ud835\udc22\ud835\udc1d\ud835\udc1e\ud835\udc27\ud835\udc2d \ud835\udc1d\ud835\udc1e \ud835\udc25\ud835\udc1a \ud835\udc13\ud835\udc2b\ud835\udc1a\ud835\udc27\ud835\udc2c\ud835\udc22\ud835\udc2d\ud835\udc22\ud835\udc28\ud835\udc27, \ud835\udc02\ud835\udc21\ud835\udc1e\ud835\udc1f \ud835\udc1d\ud835\udc1e \ud835\udc25\u2019\ud835\udc04\ud835\udc2d\ud835\udc1a\ud835\udc2d, \ud835\udc02\ud835\udc21\ud835\udc1e\ud835\udc1f \ud835\udc12\ud835\udc2e\ud835\udc29\ud835\udc2b\ud835\udc1e\u0302\ud835\udc26\ud835\udc1e \ud835\udc1d\ud835\udc1e\ud835\udc2c \ud835\udc00\ud835\udc2b\ud835\udc26\ud835\udc1e\u0301\ud835\udc1e\ud835\udc2c, \ud835\udc25\ud835\udc1e \ud835\udc02\ud835\udc28\ud835\udc25\ud835\udc28\ud835\udc27\ud835\udc1e\ud835\udc25 \ud835\udc0c\ud835\udc1a\ud835\udc26\ud835\udc1a\ud835\udc1d\ud835\udc22 \ud835\udc03\ud835\udc0e\ud835\udc14\ud835\udc0c\ud835\udc01\ud835\udc0e\ud835\udc14\ud835\udc18\ud835\udc00.<\/p>\n<p>Les points suivants \u00e9taient inscrits \u00e0 l\u2019ordre du jour :<\/p>\n<p>\ud835\udc08. \ud835\udc0c\ud835\udc04\ud835\udc12\ud835\udc12\ud835\udc00\ud835\udc06\ud835\udc04 \ud835\udc03\ud835\udc04 \ud835\udc12\ud835\udc0e\ud835\udc0d \ud835\udc04\ud835\udc17\ud835\udc02\ud835\udc04\ud835\udc0b\ud835\udc0b\ud835\udc04\ud835\udc0d\ud835\udc02\ud835\udc04 \ud835\udc0c\ud835\udc0e\ud835\udc0d\ud835\udc12\ud835\udc08\ud835\udc04\ud835\udc14\ud835\udc11 \ud835\udc0b\ud835\udc04 \ud835\udc0f\ud835\udc11\ud835\udc04\u0301\ud835\udc12\ud835\udc08\ud835\udc03\ud835\udc04\ud835\udc0d\ud835\udc13 \ud835\udc03\ud835\udc04 \ud835\udc0b\ud835\udc00 \ud835\udc13\ud835\udc11\ud835\udc00\ud835\udc0d\ud835\udc12\ud835\udc08\ud835\udc13\ud835\udc08\ud835\udc0e\ud835\udc0d<\/p>\n<p>\ud835\udc08\ud835\udc08. \ud835\udc02\ud835\udc0e\ud835\udc0c\ud835\udc0f\ud835\udc13\ud835\udc04-\ud835\udc11\ud835\udc04\ud835\udc0d\ud835\udc03\ud835\udc14 \ud835\udc03\ud835\udc04 \ud835\udc0b\ud835\udc00 \ud835\udc12\ud835\udc04\ud835\udc12\ud835\udc12\ud835\udc08\ud835\udc0e\ud835\udc0d \ud835\udc0e\ud835\udc11\ud835\udc03\ud835\udc08\ud835\udc0d\ud835\udc00\ud835\udc08\ud835\udc11\ud835\udc04 \ud835\udc03\ud835\udc14 \ud835\udc02\ud835\udc0e\ud835\udc0d\ud835\udc12\ud835\udc04\ud835\udc08\ud835\udc0b \ud835\udc08\ud835\udc0d\ud835\udc13\ud835\udc04\ud835\udc11\ud835\udc0c\ud835\udc08\ud835\udc0d\ud835\udc08\ud835\udc12\ud835\udc13\ud835\udc04\u0301\ud835\udc11\ud835\udc08\ud835\udc04\ud835\udc0b \ud835\udc03\ud835\udc14 \ud835\udc0c\ud835\udc00\ud835\udc11\ud835\udc03\ud835\udc08 \ud835\udfcf\ud835\udfcf \ud835\udc0e\ud835\udc02\ud835\udc13\ud835\udc0e\ud835\udc01\ud835\udc11\ud835\udc04 \ud835\udfd0\ud835\udfce\ud835\udfd0\ud835\udfd0<\/p>\n<p>\ud835\udc08\ud835\udc08\ud835\udc08. \ud835\udc03\ud835\udc04\ud835\udc02\ud835\udc08\ud835\udc12\ud835\udc08\ud835\udc0e\ud835\udc0d\ud835\udc12 \ud835\udc03\ud835\udc14 \ud835\udc02\ud835\udc0e\ud835\udc0d\ud835\udc12\ud835\udc04\ud835\udc08\ud835\udc0b \ud835\udc03\ud835\udc04\ud835\udc12 \ud835\udc0c\ud835\udc08\ud835\udc0d\ud835\udc08\ud835\udc12\ud835\udc13\ud835\udc11\ud835\udc04\ud835\udc12<\/p>\n<p>\ud835\udc08\ud835\udc15. \ud835\udc03\ud835\udc08\ud835\udc15\ud835\udc04\ud835\udc11\ud835\udc12<\/p>\n<p>\ud835\udc08. \ud835\udc0c\ud835\udc04\ud835\udc12\ud835\udc12\ud835\udc00\ud835\udc06\ud835\udc04 \ud835\udc03\ud835\udc04 \ud835\udc12\ud835\udc0e\ud835\udc0d \ud835\udc04\ud835\udc17\ud835\udc02\ud835\udc04\ud835\udc0b\ud835\udc0b\ud835\udc04\ud835\udc0d\ud835\udc02\ud835\udc04 \ud835\udc0c\ud835\udc0e\ud835\udc0d\ud835\udc12\ud835\udc08\ud835\udc04\ud835\udc14\ud835\udc11 \ud835\udc0b\ud835\udc04 \ud835\udc0f\ud835\udc11\ud835\udc04\ud835\udc12\ud835\udc08\ud835\udc03\ud835\udc04\ud835\udc0d\ud835\udc13 \ud835\udc03\ud835\udc04 \ud835\udc0b\ud835\udc00 \ud835\udc13\ud835\udc11\ud835\udc00\ud835\udc0d\ud835\udc12\ud835\udc08\ud835\udc13\ud835\udc08\ud835\udc0e\ud835\udc0d<\/p>\n<p>Son Excellence Monsieur le Pr\u00e9sident du CNRD, Pr\u00e9sident de la Transition, Chef de l\u2019Etat, Chef Supr\u00eame des Arm\u00e9es, le Colonel Mamadi DOUMBOUYA, a tout d\u2019abord r\u00e9it\u00e9r\u00e9 son engagement \u00e0 poursuivre les r\u00e9formes structurelles qui sont en train d\u2019\u00eatre men\u00e9es dans l\u2019int\u00e9r\u00eat sup\u00e9rieur de la Nation bien que cela d\u00e9range certains qui veulent \u00e0 tout prix arr\u00eater la dynamique du sursaut patriotique de la refondation en cours.<\/p>\n<p>En outre, le Chef de l\u2019Etat a rassur\u00e9 que notre pays respectera tous ses engagements \u00e0 la fois envers ses partenaires et avec ses investisseurs \u00e9voluant dans le domaine des mines.<\/p>\n<p>Le Pr\u00e9sident de la Transition a indiqu\u00e9 que le respect du code minier et la protection des int\u00e9r\u00eats de notre pays est une mission qu\u2019il assigne \u00e0 l\u2019ensemble des membres du Gouvernement. Car plus jamais la Guin\u00e9e ne retombera dans les erreurs du pass\u00e9, a-t-il indiqu\u00e9.<br \/>\nAussi, le Chef de l\u2019Etat a r\u00e9affirm\u00e9 sa ferme et ardente volont\u00e9 \u00e0 respecter et \u00e0 faire respecter le sacro-saint principe de l\u2019ind\u00e9pendance de la justice et sa farouche opposition \u00e0 son instrumentalisation. Il a saisi cette occasion pour inviter l\u2019ensemble des membres du Gouvernement et particuli\u00e8rement le ministre de la Justice \u00e0 veiller scrupuleusement au respect de ces valeurs.<\/p>\n<p>\ud835\udc08\ud835\udc08. \ud835\udc02\ud835\udc0e\ud835\udc0c\ud835\udc0f\ud835\udc13\ud835\udc04-\ud835\udc11\ud835\udc04\ud835\udc0d\ud835\udc03\ud835\udc14 \ud835\udc03\ud835\udc14 \ud835\udc02\ud835\udc0e\ud835\udc0d\ud835\udc12\ud835\udc04\ud835\udc08\ud835\udc0b \ud835\udc08\ud835\udc0d\ud835\udc13\ud835\udc04\ud835\udc11\ud835\udc0c\ud835\udc08\ud835\udc0d\ud835\udc08\ud835\udc12\ud835\udc13\ud835\udc04\u0301\ud835\udc11\ud835\udc08\ud835\udc04\ud835\udc0b<\/p>\n<p>Le Premier Ministre, le Docteur Bernard GOUMOU, a articul\u00e9 son message autour de cinq points essentiels :<\/p>\n<p>\u2013 Le compte rendu de mission en R\u00e9publique S\u0153ur du B\u00e9nin ;<\/p>\n<p>\u2013 L\u2019information sur l\u2019\u00e9tat d\u2019avancement du Cadre de Dialogue Inclusif (CDI) ;<\/p>\n<p>\u2013 L\u2019organisation du S\u00e9minaire des Conseillers Juridiques, des Directeurs Nationaux\/G\u00e9n\u00e9raux et leurs Adjoints, ainsi que les membres du Conseil d\u2019Administration des \u00c9tablissements Publics Administratifs ;<\/p>\n<p>\u2013 La cr\u00e9ation d\u2019un Fonds ;<\/p>\n<p>\u2013 Les projets prioritaires de l\u2019action du Gouvernement et les reformes \u00e0 mettre en place.<\/p>\n<p>-S\u2019agissant de la mission du Premier Ministre en R\u00e9publique S\u0153ur du B\u00e9nin.<\/p>\n<p>Le Chef du Gouvernement a effectu\u00e9 une visite d\u2019amiti\u00e9 et de travail \u00e0 Cotonou, R\u00e9publique du B\u00e9nin du 06 au 09 octobre 2022 en compagnie des cadres de l\u2019Administration et Contr\u00f4le des Grands Projets, de la Soci\u00e9t\u00e9 Nationale de la Promotion Immobili\u00e8re et du minist\u00e8re de l\u2019Urbanisme, de l\u2019Habitat et de l\u2019Am\u00e9nagement du Territoire. Cette mission a \u00e9t\u00e9 re\u00e7ue avec un accueil chaleureux des Autorit\u00e9s B\u00e9ninoises.<\/p>\n<p>Le Premier Ministre a eu un entretien avec le Ministre d\u2019\u00c9tat en charge du D\u00e9veloppement et de la Coordination de l\u2019Action Gouvernementale en pr\u00e9sence de la ministre de l\u2019Industrie et du Commerce du B\u00e9nin. A cette heureuse occasion, le Premier Ministre lui a transmis les salutations et le message de fraternit\u00e9 et d\u2019amiti\u00e9 de Son Excellence Monsieur le Pr\u00e9sident de la Transition, Chef de l\u2019\u00c9tat, Chef Supr\u00eame des Arm\u00e9es, le Colonel Mamadi Doumbouya.<\/p>\n<p>Le Premier Ministre a par ailleurs soulign\u00e9 l\u2019attachement du Gouvernement et du Pr\u00e9sident de la Transition \u00e0 offrir \u00e0 la Guin\u00e9e des infrastructures publiques de qualit\u00e9. D\u2019o\u00f9 la pertinence de s\u2019enqu\u00e9rir de l\u2019exp\u00e9rience B\u00e9ninoise.<\/p>\n<p>A cet effet, le Ministre d\u2019\u00c9tat charg\u00e9 de la Coordination de l\u2019Action Gouvernementale du B\u00e9nin, Abdoulaye Bio TCHANE, a rappel\u00e9 que la Guin\u00e9e et le B\u00e9nin partagent une histoire tr\u00e8s riche avant de pr\u00e9senter le programme d\u2019action du Gouvernement 2021-2026.<\/p>\n<p>Le Premier Ministre a approfondi les \u00e9changes avec les Autorit\u00e9s B\u00e9ninoises sur les chantiers qui int\u00e9ressaient la mission, notamment :<\/p>\n<p>-la construction d\u2019une cit\u00e9 minist\u00e9rielle sur 5 ha \u00e0 Cotonou ;<\/p>\n<p>-la construction d\u2019une cit\u00e9 de 20.000 logements sociaux sur 50 ha \u00e0 25 km de Cotonou ;<\/p>\n<p>-la gestion des d\u00e9chets urbains pour six (6) communes.<\/p>\n<p>Le Chef du Gouvernement a inform\u00e9 que l\u2019ensemble des projets de l\u2019\u00c9tat est conduit par une soci\u00e9t\u00e9 immobili\u00e8re mixte.<\/p>\n<p>Le Premier Ministre et sa d\u00e9l\u00e9gation ont \u00e9t\u00e9 impressionn\u00e9s \u00e0 la fois par le mod\u00e8le et par la qualit\u00e9 des r\u00e9alisations en cours. Il a not\u00e9 que le mod\u00e8le B\u00e9ninois pourrait inspirer notre pays \u00e0 produire des r\u00e9sultats concrets. Le Premier Ministre a soulign\u00e9 que le co\u00fbt estimatif des projets en cours d\u2019ex\u00e9cution pour le quinquennat 2021-2026 au B\u00e9nin est de 1,5 milliards US. C\u2019est ainsi qu\u2019il a invit\u00e9 \u00e0 Conakry l\u2019\u00e9quipe de la soci\u00e9t\u00e9 de construction de la cit\u00e9 minist\u00e9rielle de Cotonou, afin d\u2019approfondir le niveau de contact et partager son exp\u00e9rience.<\/p>\n<p>-Concernant l\u2019information sur l\u2019\u00e9tat d\u2019avancement du Cadre de Dialogue Inclusif (CDI)<\/p>\n<p>Le Chef du Gouvernement a rappel\u00e9 avoir eu une premi\u00e8re r\u00e9union technique avec les facilitatrices du Cadre de Dialogue Inclusif, le ministre de l\u2019Administration du Territoire et de la D\u00e9centralisation et celui des Affaires \u00c9trang\u00e8res, de la Coop\u00e9ration internationale, de l\u2019Int\u00e9gration Africaine et des Guin\u00e9ens de l\u2019\u00c9tranger le mercredi 5 octobre 2022. Le Premier Ministre a pr\u00e9cis\u00e9 que cette r\u00e9union \u00e9tait bas\u00e9e sur la m\u00e9thodologie de travail \u00e0 adopter. Au nom du Pr\u00e9sident de la Transition, il a rassur\u00e9 les facilitatrices de leur ind\u00e9pendance dans la conduite de cette mission d\u2019int\u00e9r\u00eat g\u00e9n\u00e9ral.<\/p>\n<p>Le Chef du Gouvernement a inform\u00e9 que les facilitatrices ont affirm\u00e9 leur engagement et ont propos\u00e9 d\u2019organiser des rencontres avec les acteurs des Forces vives de la Nation en vue du lancement de la session inaugurale du Cadre de Dialogue Inclusif.<\/p>\n<p>Dans la logique des prises de contacts, le Premier Ministre a \u00e9mis le souhait de faire une tourn\u00e9e avec les facilitatrices pour rassurer toutes les parties prenantes de la ferme volont\u00e9 du Chef de l\u2019\u00c9tat \u00e0 mettre ensemble les Guin\u00e9ennes et les Guin\u00e9ens pour le bon d\u00e9roulement de cette transition. La suite de cette tourn\u00e9e sera marqu\u00e9e par le lancement officiel du dialogue inclusif inter-guin\u00e9en pr\u00e9vu le jeudi 20 octobre 2022.<\/p>\n<p>-Formation des Conseillers juridiques, des Directeurs Nationaux\/G\u00e9n\u00e9raux et leurs Adjoints ainsi que les membres du Conseil d\u2019Administration des \u00c9tablissements Publics Administratifs ;<\/p>\n<p>Le Chef du Gouvernement a inform\u00e9 qu\u2019il est pr\u00e9vu dans le cadre de la continuit\u00e9 du renforcement de la capacit\u00e9 des acteurs de l\u2019Administration Publique, une s\u00e9rie de formations des Conseillers juridiques des D\u00e9partements minist\u00e9riels, des Directeurs Nationaux\/G\u00e9n\u00e9raux et leurs Adjoints, des membres des Conseils d\u2019Administration des \u00c9tablissements Publics Administratifs sur la gouvernance des organismes publics. Il a fait savoir qu\u2019\u00e0 date, les Termes de R\u00e9f\u00e9rence ainsi que le budget y aff\u00e9rents sont finalis\u00e9s et valid\u00e9s.<\/p>\n<p>Le Premier Ministre a rassur\u00e9 dans ce sens que Monsieur le Ministre Secr\u00e9taire G\u00e9n\u00e9ral du Gouvernement a \u00e9t\u00e9 invit\u00e9 \u00e0 prendre toutes les dispositions pour la tenue effective dudit s\u00e9minaire.<\/p>\n<p>-Sur le point relatif \u00e0 la cr\u00e9ation d\u2019un fonds<\/p>\n<p>Le Chef du Gouvernement a fait savoir que la Cr\u00e9ation de ce fonds sera au service de l\u2019int\u00e9r\u00eat g\u00e9n\u00e9ral et du d\u00e9veloppement \u00e9conomique du pays.<\/p>\n<p>Le Premier Ministre a inform\u00e9 que la Guin\u00e9e dispose d\u2019un instrument efficace, en l\u2019esp\u00e8ce, la Banque Nationale d\u2019Investissement de Guin\u00e9e qui orientera l\u2019\u00e9conomie et permettra de lever des fonds publics.<\/p>\n<p>\ud835\udc00\ud835\udc14 \ud835\udc13\ud835\udc08\ud835\udc13\ud835\udc11\ud835\udc04 \ud835\udc03\ud835\udc04\ud835\udc12 \ud835\udc02\ud835\udc0e\ud835\udc0c\ud835\udc0c\ud835\udc14\ud835\udc0d\ud835\udc08\ud835\udc02\ud835\udc00\ud835\udc13\ud835\udc08\ud835\udc0e\ud835\udc0d\ud835\udc12<\/p>\n<p>La ministre de l\u2019Environnement et du D\u00e9veloppement Durable a fait une communication relative aux dispositions envisag\u00e9es pour la reprise d\u2019une exploitation foresti\u00e8re responsable et s\u00e9curis\u00e9e en R\u00e9publique de Guin\u00e9e.<\/p>\n<p>Elle a rappel\u00e9 que face \u00e0 l\u2019exploitation abusive du bois entrainant ainsi la destruction des habitats fauniques, la d\u00e9gradation des t\u00eates de sources, l\u2019ensablement et l\u2019ass\u00e8chement des cours d\u2019eau, l\u2019augmentation de la temp\u00e9rature, le minist\u00e8re en charge de l\u2019Environnement avait proc\u00e9d\u00e9 en juin 2021, \u00e0 l\u2019interdiction de la coupe et du transport du bois sur toute l\u2019\u00e9tendue du territoire national jusqu\u2019\u00e0 nouvel ordre.<\/p>\n<p>\ud835\udc08\ud835\udc08\ud835\udc08. \ud835\udc03\ud835\udc04\u0301\ud835\udc02\ud835\udc08\ud835\udc12\ud835\udc08\ud835\udc0e\ud835\udc0d\ud835\udc12<\/p>\n<p>Le Conseil a d\u00e9cid\u00e9 :<\/p>\n<p>1. De lever l\u2019interdiction de la coupe du bois pour une ann\u00e9e pour satisfaire le besoin local en bois. Cette lev\u00e9e doit \u00eatre encadr\u00e9e selon les crit\u00e8res suivants :<\/p>\n<p>\u2022 La r\u00e9duction du nombre de scies tron\u00e7onneuses agr\u00e9\u00e9 de 6 \u00e0 2 ;<\/p>\n<p>\u2022 La r\u00e9duction des quotas mensuels de coupe au niveau national de 20 391m3 \u00e0 8 208 m3 ;<\/p>\n<p>\u2022 La r\u00e9duction du nombre d\u2019exploitants agr\u00e9\u00e9s de bois de 83 \u00e0 72 ;<\/p>\n<p>\u2022 L\u2019\u00e9laboration des cahiers de charges pr\u00e9cisant les obligations contractuelles de l\u2019exploitant agr\u00e9\u00e9 de bois ;<\/p>\n<p>\u2022 La r\u00e9duction du nombre de postes de contr\u00f4le de 63 \u00e0 23 ;<\/p>\n<p>Le Conseil a aussi d\u00e9cid\u00e9 :<\/p>\n<p>2. D\u2019interdire formellement l\u2019exportation du bois guin\u00e9en quel que soit le type de bois et la forme ;<\/p>\n<p>3. De mettre la ministre du Commerce, de l\u2019Industrie et des PME \u00e0 contribution pour faire la promotion des charpentes m\u00e9talliques dans les constructions au profit de celles en bois ;<\/p>\n<p>4. De r\u00e9fl\u00e9chir en collaboration avec les minist\u00e8res en charge de l\u2019Education, sur les mesures permettant de trouver une alternative dans l\u2019utilisation du charbon et du bois notamment par le biogaz ;<\/p>\n<p>5. De mettre en \u0153uvre une politique d\u2019utilisation du gaz \u00e0 la place du charbon et du bois de chauffe ;<\/p>\n<p>6. De proc\u00e9der dans un premier temps \u00e0 faire la p\u00e9dagogie et la sensibilisation sur la Loi Fria qui exigeait qu\u2019un arbre soit plant\u00e9 \u00e0 chaque \u00e9v\u00e8nement social, notamment les naissances, les mariages et les d\u00e9c\u00e8s.<\/p>\n<p>\ud835\udc08\ud835\udc15. \ud835\udc00\ud835\udc14 \ud835\udc13\ud835\udc08\ud835\udc13\ud835\udc11\ud835\udc04 \ud835\udc03\ud835\udc04\ud835\udc12 \ud835\udc03\ud835\udc08\ud835\udc15\ud835\udc04\ud835\udc11\ud835\udc12<\/p>\n<p>-Le Ministre Directeur de Cabinet de la Pr\u00e9sidence a f\u00e9licit\u00e9 le Premier Ministre, Chef du Gouvernement, pour les r\u00e9sultats obtenus lors de sa visite au B\u00e9nin.<\/p>\n<p>-Madame la ministre de l\u2019Enseignement Sup\u00e9rieur, de la Recherche et de l\u2019Innovation a port\u00e9 \u00e0 l\u2019attention du Conseil sur la prochaine visite d\u2019amiti\u00e9 et de travail de son homologue du Mali. Pr\u00e9vue du 16 au 19 octobre 2022, cette visite portera sur les relations de coop\u00e9rations scientifiques et l\u2019adh\u00e9sion de la Guin\u00e9e au WASCAL (Centre Ouest Africain de Recherches et de Services Scientifiques sur le changement climatique et l\u2019utilisation adapt\u00e9e des terres).<\/p>\n<p>-Le ministre des Affaires \u00c9trang\u00e8res a fait part au Conseil de la tenue prochaine de deux grandes commissions mixtes de coop\u00e9ration :<\/p>\n<p>\u2022 La premi\u00e8re avec la R\u00e9publique du Mali du 15 au 17 novembre 2022 \u00e0 Conakry ;<\/p>\n<p>\u2022 La deuxi\u00e8me avec le Maroc du 06 au 08 d\u00e9cembre 2022 \u00e0 Conakry.<\/p>\n<p>-Le ministre des Infrastructures a attir\u00e9 l\u2019attention du Conseil sur les d\u00e9gradations constat\u00e9es sur la route nationale Coyah-Mamou-Dabola, pr\u00e9cis\u00e9ment les d\u00e9formations constat\u00e9es sur la chauss\u00e9e. Des voies de correction sont envisag\u00e9es avec l\u2019ACGP.<\/p>\n<p>-Le ministre des Postes et des T\u00e9l\u00e9communications a fait un bref compte rendu de sa r\u00e9cente mission en France et en Roumanie.<\/p>\n<p>-Enfin l\u2019Administrateur G\u00e9n\u00e9ral des Grands Projets a fait une pr\u00e9sentation en Conseil Interminist\u00e9riel sur la situation d\u2019ensemble des projets routiers dans le pays. Il a formul\u00e9 une requ\u00eate de mobilisation de ressources pour effectuer des travaux d\u2019\u00e9tudes.<\/p>\n<p>Il lui a \u00e9t\u00e9 sugg\u00e9r\u00e9 d\u2019approfondir et d\u2019\u00e9largir la pr\u00e9sentation \u00e0 l\u2019ensemble des projets publics. Il s\u2019agira alors d\u2019identifier clairement les projets avec \u00e9tudes compl\u00e8tes ; les projets sans \u00e9tudes ou en attente de financement ; et les projets en cours d\u2019ex\u00e9cution.<\/p>\n<p>\ud835\udc02\ud835\udc28\ud835\udc27\ud835\udc1a\ud835\udc24\ud835\udc2b\ud835\udc32 \ud835\udc25\ud835\udc1e \ud835\udfcf\ud835\udfd1 \ud835\udc28\ud835\udc1c\ud835\udc2d\ud835\udc28\ud835\udc1b\ud835\udc2b\ud835\udc1e \ud835\udfd0\ud835\udfce\ud835\udfd0\ud835\udfd0<\/p>\n<p>\ud835\udc0b\ud835\udc1e \ud835\udc02\ud835\udc28\ud835\udc27\ud835\udc2c\ud835\udc1e\ud835\udc22\ud835\udc25 \ud835\udc1d\ud835\udc1e\ud835\udc2c \ud835\udc0c\ud835\udc22\ud835\udc27\ud835\udc22\ud835\udc2c\ud835\udc2d\ud835\udc2b\ud835\udc1e\ud835\udc2c<\/p>\n","protected":false},"excerpt":{"rendered":"<p>La Session Ordinaire du Conseil des Ministres s\u2019est tenue ce jeudi 13 Octobre 2022 de 10H \u00e0 12H, sous la Haute Autorit\u00e9 de \ud835\udc2c\ud835\udc28\ud835\udc27 \ud835\udc04\ud835\udc31\ud835\udc1c\ud835\udc1e\ud835\udc25\ud835\udc25\ud835\udc1e\ud835\udc27\ud835\udc1c\ud835\udc1e \ud835\udc0c\ud835\udc28\ud835\udc27\ud835\udc2c\ud835\udc22\ud835\udc1e\ud835\udc2e\ud835\udc2b \ud835\udc25\ud835\udc1e \ud835\udc0f\ud835\udc2b\ud835\udc1e\u0301\ud835\udc2c\ud835\udc22\ud835\udc1d\ud835\udc1e\ud835\udc27\ud835\udc2d \ud835\udc1d\ud835\udc2e \ud835\udc02\ud835\udc0d\ud835\udc11\ud835\udc03, \ud835\udc0f\ud835\udc2b\ud835\udc1e\u0301\ud835\udc2c\ud835\udc22\ud835\udc1d\ud835\udc1e\ud835\udc27\ud835\udc2d \ud835\udc1d\ud835\udc1e \ud835\udc25\ud835\udc1a \ud835\udc13\ud835\udc2b\ud835\udc1a\ud835\udc27\ud835\udc2c\ud835\udc22\ud835\udc2d\ud835\udc22\ud835\udc28\ud835\udc27, \ud835\udc02\ud835\udc21\ud835\udc1e\ud835\udc1f \ud835\udc1d\ud835\udc1e \ud835\udc25\u2019\ud835\udc04\ud835\udc2d\ud835\udc1a\ud835\udc2d, \ud835\udc02\ud835\udc21\ud835\udc1e\ud835\udc1f \ud835\udc12\ud835\udc2e\ud835\udc29\ud835\udc2b\ud835\udc1e\u0302\ud835\udc26\ud835\udc1e \ud835\udc1d\ud835\udc1e\ud835\udc2c \ud835\udc00\ud835\udc2b\ud835\udc26\ud835\udc1e\u0301\ud835\udc1e\ud835\udc2c, \ud835\udc25\ud835\udc1e \ud835\udc02\ud835\udc28\ud835\udc25\ud835\udc28\ud835\udc27\ud835\udc1e\ud835\udc25 \ud835\udc0c\ud835\udc1a\ud835\udc26\ud835\udc1a\ud835\udc1d\ud835\udc22 \ud835\udc03\ud835\udc0e\ud835\udc14\ud835\udc0c\ud835\udc01\ud835\udc0e\ud835\udc14\ud835\udc18\ud835\udc00. Les points suivants \u00e9taient inscrits \u00e0 l\u2019ordre du jour : [&hellip;]<\/p>\n","protected":false},"author":2,"featured_media":16155,"comment_status":"closed","ping_status":"closed","sticky":false,"template":"","format":"standard","meta":{"footnotes":""},"categories":[57],"tags":[],"class_list":{"0":"post-16154","1":"post","2":"type-post","3":"status-publish","4":"format-standard","5":"has-post-thumbnail","7":"category-politique"},"_links":{"self":[{"href":"https:\/\/conakrynews.org\/index.php\/wp-json\/wp\/v2\/posts\/16154","targetHints":{"allow":["GET"]}}],"collection":[{"href":"https:\/\/conakrynews.org\/index.php\/wp-json\/wp\/v2\/posts"}],"about":[{"href":"https:\/\/conakrynews.org\/index.php\/wp-json\/wp\/v2\/types\/post"}],"author":[{"embeddable":true,"href":"https:\/\/conakrynews.org\/index.php\/wp-json\/wp\/v2\/users\/2"}],"replies":[{"embeddable":true,"href":"https:\/\/conakrynews.org\/index.php\/wp-json\/wp\/v2\/comments?post=16154"}],"version-history":[{"count":0,"href":"https:\/\/conakrynews.org\/index.php\/wp-json\/wp\/v2\/posts\/16154\/revisions"}],"wp:featuredmedia":[{"embeddable":true,"href":"https:\/\/conakrynews.org\/index.php\/wp-json\/wp\/v2\/media\/16155"}],"wp:attachment":[{"href":"https:\/\/conakrynews.org\/index.php\/wp-json\/wp\/v2\/media?parent=16154"}],"wp:term":[{"taxonomy":"category","embeddable":true,"href":"https:\/\/conakrynews.org\/index.php\/wp-json\/wp\/v2\/categories?post=16154"},{"taxonomy":"post_tag","embeddable":true,"href":"https:\/\/conakrynews.org\/index.php\/wp-json\/wp\/v2\/tags?post=16154"}],"curies":[{"name":"wp","href":"https:\/\/api.w.org\/{rel}","templated":true}]}}