{"id":1617,"date":"2017-10-20T10:29:15","date_gmt":"2017-10-20T08:29:15","guid":{"rendered":"https:\/\/conakrynews.org\/?p=1617"},"modified":"2017-10-20T10:29:15","modified_gmt":"2017-10-20T08:29:15","slug":"crise-togo-lopposition-refuse-mediation-dalpha-conde-laccuse","status":"publish","type":"post","link":"https:\/\/conakrynews.org\/index.php\/crise-togo-lopposition-refuse-mediation-dalpha-conde-laccuse\/","title":{"rendered":"Crise au Togo: l&rsquo;opposition refuse la m\u00e9diation d&rsquo;Alpha Cond\u00e9 et l&rsquo;accuse&#8230;"},"content":{"rendered":"<p><em>Le pr\u00e9sident en exercice de l\u2019Union africaine, Alpha Cond\u00e9 vient au secours du Togo qui connait actuellement une crise politique suivie de violentes manifestations. Le pr\u00e9sident guin\u00e9en rencontrera cette semaine les leaders de l\u2019opposition pour trouver avec ces derniers des solutions de sortie de crise.<\/em><\/p>\n<p>Cette semaine, des leaders de l\u2019opposition togolaise sont attendus dans la capitale guin\u00e9enne. Il s\u2019agit de Tikpi Atchadam, Jean-Pierre Fabre ou encore Fran\u00e7ois Boko. Cependant, la presse togolaise a annonc\u00e9 que ces leaders auraient d\u00e9clin\u00e9 l\u2019invitation d\u2019Alpha Cond\u00e9, qu\u2019ils accusent d\u2019\u00eatre un alli\u00e9 du pr\u00e9sident Faure Gnassingb\u00e9.<\/p>\n<p>Cette initiative du pr\u00e9sident en exercice de l\u2019Union africaine fait suite \u00e0 la visite du pr\u00e9sident togolais Faure Gnassingb\u00e9 en Guin\u00e9e le 10 octobre dernier. Une visite annonc\u00e9e officiellement pour discuter des questions de la sous-r\u00e9gion. Cependant, certains observateurs soup\u00e7onnent Faure d\u2019\u00eatre all\u00e9 chercher du soutien chez Alpha Cond\u00e9.<\/p>\n<p>En octobre, alors que l\u2019Organisation internationale de la francophonie (OIF) avait tent\u00e9 une m\u00e9diation, l\u2019opposition avait carr\u00e9ment refus\u00e9 d\u2019y participer. La coalition de l\u2019opposition avait alors mis en avant la position de la repr\u00e9sentante, A\u00efchatou Mindaoudou, partisane d\u2019un r\u00e9f\u00e9rendum pour la r\u00e9forme constitutionnelle.<\/p>\n<p>De jours en jours, les choses se compliquent au Togo. Depuis le 19 ao\u00fbt, les violences ne font que s\u2019envenimer, surtout ces derni\u00e8res semaines. Ce mercredi 18 octobre quatre personnes ont \u00e9t\u00e9 tu\u00e9es par balles dans de nouveaux affrontements entre la police et des manifestants dans les deux principales villes du pays : Lom\u00e9 et Sokod\u00e9.<\/p>\n<p>L\u2019opposition r\u00e9clame depuis plus de 10 ans une r\u00e9forme de la constitution, et notamment la limitation \u00e0 deux, du mandat pr\u00e9sidentiel. Le gouvernement a assur\u00e9 qu\u2019il soumettrait son projet de r\u00e9forme au peuple d\u2019ici la fin de l\u2019ann\u00e9e, par voie de r\u00e9f\u00e9rendum. Une option rejet\u00e9e par les opposants.<\/p>\n<p>afrikmag<\/p>\n<p><img loading=\"lazy\" decoding=\"async\" class=\"alignnone size-full wp-image-1505\" src=\"https:\/\/conakrynews.org\/wp-content\/uploads\/2017\/09\/images-alpha-cond\u00e9.jpg\" alt=\"\" width=\"299\" height=\"169\" \/><\/p>\n","protected":false},"excerpt":{"rendered":"<p>Le pr\u00e9sident en exercice de l\u2019Union africaine, Alpha Cond\u00e9 vient au secours du Togo qui connait actuellement une crise politique suivie de violentes manifestations. Le pr\u00e9sident guin\u00e9en rencontrera cette semaine les leaders de l\u2019opposition pour trouver avec ces derniers des solutions de sortie de crise. Cette semaine, des leaders de l\u2019opposition togolaise sont attendus dans [&hellip;]<\/p>\n","protected":false},"author":2,"featured_media":1505,"comment_status":"open","ping_status":"open","sticky":false,"template":"","format":"image","meta":{"footnotes":""},"categories":[57],"tags":[],"class_list":{"0":"post-1617","1":"post","2":"type-post","3":"status-publish","4":"format-image","5":"has-post-thumbnail","7":"category-politique","8":"post_format-post-format-image"},"_links":{"self":[{"href":"https:\/\/conakrynews.org\/index.php\/wp-json\/wp\/v2\/posts\/1617","targetHints":{"allow":["GET"]}}],"collection":[{"href":"https:\/\/conakrynews.org\/index.php\/wp-json\/wp\/v2\/posts"}],"about":[{"href":"https:\/\/conakrynews.org\/index.php\/wp-json\/wp\/v2\/types\/post"}],"author":[{"embeddable":true,"href":"https:\/\/conakrynews.org\/index.php\/wp-json\/wp\/v2\/users\/2"}],"replies":[{"embeddable":true,"href":"https:\/\/conakrynews.org\/index.php\/wp-json\/wp\/v2\/comments?post=1617"}],"version-history":[{"count":0,"href":"https:\/\/conakrynews.org\/index.php\/wp-json\/wp\/v2\/posts\/1617\/revisions"}],"wp:featuredmedia":[{"embeddable":true,"href":"https:\/\/conakrynews.org\/index.php\/wp-json\/wp\/v2\/media\/1505"}],"wp:attachment":[{"href":"https:\/\/conakrynews.org\/index.php\/wp-json\/wp\/v2\/media?parent=1617"}],"wp:term":[{"taxonomy":"category","embeddable":true,"href":"https:\/\/conakrynews.org\/index.php\/wp-json\/wp\/v2\/categories?post=1617"},{"taxonomy":"post_tag","embeddable":true,"href":"https:\/\/conakrynews.org\/index.php\/wp-json\/wp\/v2\/tags?post=1617"}],"curies":[{"name":"wp","href":"https:\/\/api.w.org\/{rel}","templated":true}]}}