{"id":16198,"date":"2022-10-17T09:30:41","date_gmt":"2022-10-17T09:30:41","guid":{"rendered":"https:\/\/conakrynews.org\/?p=16198"},"modified":"2022-10-17T09:30:41","modified_gmt":"2022-10-17T09:30:41","slug":"guinee-le-titre-honorifique-de-lambassadeur-de-la-paix-decerne-a-27-personnalites","status":"publish","type":"post","link":"https:\/\/conakrynews.org\/index.php\/guinee-le-titre-honorifique-de-lambassadeur-de-la-paix-decerne-a-27-personnalites\/","title":{"rendered":"Guin\u00e9e: le titre honorifique de l\u2019Ambassadeur de la paix d\u00e9cern\u00e9 \u00e0 27 personnalit\u00e9s"},"content":{"rendered":"<p>La fondation Elhadj Dieriba Diaby pour la paix et l\u2019Assistance Sociale en collaboration avec le Mouvement international pour la paix vient de d\u00e9cerner ce samedi 15 octobre 2022 le titre honorifique de l\u2019Ambassadeur de la paix \u00e0 27 personnalit\u00e9s dont 25 guin\u00e9ens qui oeuvrent dans le sens de la paix en Afrique.<\/p>\n<p>Ce \u00ab mouvement international pour la Paix \u00bb existe il y\u2019a 150 ans Elhadj Dieriba Diaby qui a b\u00e9n\u00e9fici\u00e9 ce titre depuis les ann\u00e9es 1993 \u00e0 la R\u00e9publique D\u00e9mocratique du Congo depuis il continue sur la promotion de la paix \u00e0 travers l\u2019Afrique.<br \/>\n\u00c0 l\u2019occasion, l\u2019Ambassadeur Elhdji Dieriba Diaby pour la paix a soulign\u00e9 que la paix est un h\u00e9ritage commun pour tout le monde donc, nous devrons la conserver soigneusement.<\/p>\n<p>\u00ab D\u00e9sormais vous \u00eates Ambassadeur de la paix, votre choix n\u2019est pas fortuit, cela est due \u00e0 des remarques sur vos combats que vous mener pour la conservation de la paix en Afrique notamment en Guin\u00e9e \u00e0 travers cette fondation. Nous vous exhortons de continuer sur cette dynamique. Les nouveaux Ambassadeurs, vous devez \u00eatre des exemples pour le pays, la paix doit exister entre nous d\u2019abord, on doit \u00e9viter de se critiquer \u00e0 la place publique notre exemplarit\u00e9 on doit continuer \u00e0 l\u2019entretenir avec fiert\u00e9 pour pousser la population \u00e0 nous \u00e9couter dignement. Nos critiques en vers les uns et aux autres on doit la sauvegarder \u00e0 l\u2019interne \u00bb.<br \/>\n\u00ab Nous avons beaucoup de choses \u00e0 mener pour cette nation pour que la paix continue \u00e0 r\u00e9gner dans notre beau pays la Guin\u00e9e. Dans les prochains jours, nous allons commencer \u00e0 rencontrer les autorit\u00e9s administratives ainsi que les autres structures politiques,soci\u00e9t\u00e9s civiles (\u2026.).On ne peut rien donner \u00e0 ce pays sauf la paix, il faut qu\u2019on mette de coter les distinctions religieuses o\u00f9 ethnique pour privil\u00e9gier l\u2019int\u00e9r\u00eat de ce pays .Il faut encore regarder notre pays qui \u00e0 aid\u00e9 ses fr\u00e8res dans la lutte coloniale au jour d\u2019aujourd\u2019hui on est toujours derri\u00e8re. Il est regrettable aujourd\u2019hui qu\u2019on soit sanctionn\u00e9 par la CEDEAO ou par l\u2019Union Africaine, institutions sur lesquelles la Guin\u00e9e s\u2019est insvestie pour leurs cr\u00e9ations mais sauf que nous, l\u2019utilisation de notre d\u00e9mocratie reste \u00e0 desirer. Je vous invite (Ambassadeurs de la paix)  de continuer \u00e0 l\u2019intensification de la culture de la paix dans ce pays.<br \/>\nSi tout va bien dans les prochains jours nous allons d\u00e9buter \u00e0 rencontrer les autorit\u00e9s administratives ainsi les autres structures \u00bb indique-t-il Elhadj Djeriba Diaby.<\/p>\n<p>Poursuivant, il a pr\u00e9cis\u00e9 que le credo du mouvement internationale pour la paix c\u2019est le dialogue dans le processus de la paix entre les fils d\u2019une nation.<br \/>\n\u00ab Le c\u00f4t\u00e9 guin\u00e9en, nous y ferons notre part dignement pour l\u2019int\u00e9r\u00eat de ce pays surtout, pendant cette transition qui est une p\u00e9riode tr\u00e8s sinsible . \u00bb Conclut-il.<br \/>\n\u00c0 noter que le \u00ab mouvement international pour la Paix \u00bb existe depuis d\u2019une centaine d\u2019ann\u00e9e dont Elhadj Dieriba Diaby est l\u2019un des b\u00e9n\u00e9ficiaires de ce titre depuis les ann\u00e9es 1993 en R\u00e9publique D\u00e9mocratique du Congo.c<\/p>\n<p>Guineequotidien.com<\/p>\n","protected":false},"excerpt":{"rendered":"<p>La fondation Elhadj Dieriba Diaby pour la paix et l\u2019Assistance Sociale en collaboration avec le Mouvement international pour la paix vient de d\u00e9cerner ce samedi 15 octobre 2022 le titre honorifique de l\u2019Ambassadeur de la paix \u00e0 27 personnalit\u00e9s dont 25 guin\u00e9ens qui oeuvrent dans le sens de la paix en Afrique. Ce \u00ab mouvement [&hellip;]<\/p>\n","protected":false},"author":2,"featured_media":16199,"comment_status":"closed","ping_status":"closed","sticky":false,"template":"","format":"standard","meta":{"footnotes":""},"categories":[58],"tags":[],"class_list":{"0":"post-16198","1":"post","2":"type-post","3":"status-publish","4":"format-standard","5":"has-post-thumbnail","7":"category-societe"},"_links":{"self":[{"href":"https:\/\/conakrynews.org\/index.php\/wp-json\/wp\/v2\/posts\/16198","targetHints":{"allow":["GET"]}}],"collection":[{"href":"https:\/\/conakrynews.org\/index.php\/wp-json\/wp\/v2\/posts"}],"about":[{"href":"https:\/\/conakrynews.org\/index.php\/wp-json\/wp\/v2\/types\/post"}],"author":[{"embeddable":true,"href":"https:\/\/conakrynews.org\/index.php\/wp-json\/wp\/v2\/users\/2"}],"replies":[{"embeddable":true,"href":"https:\/\/conakrynews.org\/index.php\/wp-json\/wp\/v2\/comments?post=16198"}],"version-history":[{"count":0,"href":"https:\/\/conakrynews.org\/index.php\/wp-json\/wp\/v2\/posts\/16198\/revisions"}],"wp:featuredmedia":[{"embeddable":true,"href":"https:\/\/conakrynews.org\/index.php\/wp-json\/wp\/v2\/media\/16199"}],"wp:attachment":[{"href":"https:\/\/conakrynews.org\/index.php\/wp-json\/wp\/v2\/media?parent=16198"}],"wp:term":[{"taxonomy":"category","embeddable":true,"href":"https:\/\/conakrynews.org\/index.php\/wp-json\/wp\/v2\/categories?post=16198"},{"taxonomy":"post_tag","embeddable":true,"href":"https:\/\/conakrynews.org\/index.php\/wp-json\/wp\/v2\/tags?post=16198"}],"curies":[{"name":"wp","href":"https:\/\/api.w.org\/{rel}","templated":true}]}}