{"id":1620,"date":"2017-10-22T18:28:31","date_gmt":"2017-10-22T16:28:31","guid":{"rendered":"https:\/\/conakrynews.org\/?p=1620"},"modified":"2017-10-25T11:57:34","modified_gmt":"2017-10-25T09:57:34","slug":"dedicace-livre-ahmed-sekou-toure-lafricain-a-ose-dire-non-general-degaul-28-septembre-1958-inedit-de-sidiki-kobole-keita","status":"publish","type":"post","link":"https:\/\/conakrynews.org\/index.php\/dedicace-livre-ahmed-sekou-toure-lafricain-a-ose-dire-non-general-degaul-28-septembre-1958-inedit-de-sidiki-kobole-keita\/","title":{"rendered":"D\u00e9dicace du livre : \u00ab Ahmed Sekou Tour\u00e9, l\u2019Africain qui a os\u00e9 dire non au G\u00e9n\u00e9ral Degaul le 28 Septembre 1958 \u00bb, un In\u00e9dit de Sidiki Kobol\u00e9 Keita"},"content":{"rendered":"<p><strong>Le Samedi \u00a021 Octobre 2017 \u00e0 Conakry, devant un parterre de repr\u00e9sentants des organes de m\u00e9dias, l\u2019\u00e9crivain Guin\u00e9en, El Hadj Sidiki Kobol\u00e9 Keita, enseignant chercheur en histoire \u00a0a proc\u00e9d\u00e9 officiellement \u00a0\u00e0 la d\u00e9dicace de son \u0153uvre litt\u00e9raire Intitul\u00e9\u00a0:\u00a0\u00ab\u00a0AHMED SEKOU TOURE, l\u2019AFRICAIN QUI A OSE DIRE NON AU GENERAL DEGAUL LE 28 SEPTEMBRE 1958\u00a0\u00bb.Cette c\u00e9r\u00e9monie de d\u00e9dicace s\u2019est d\u00e9roul\u00e9e \u00a0dans la Salle\u00a0 de Conf\u00e9rence du minist\u00e8re des Affair\u00e9s \u00e9trang\u00e8res avec la participation de \u00a0plusieurs \u00a0personnalit\u00e9s notamment, les cadres de l\u2019Administration, le repr\u00e9sentant de l\u2019UNESCO, les responsables du Commissariat G\u00e9n\u00e9ral de Conakry \u2018\u2019Capitale Mondiale du Livre\u2019\u2019, les \u00e9crivains, les \u00e9l\u00e8ves et \u00e9tudiants etc. Dans cette pr\u00e9sente \u0153uvre litt\u00e9raire, l\u2019auteur du livre a relat\u00e9 l\u2019histoire de la Guin\u00e9e avant l\u2019ind\u00e9pendance, pendant et apr\u00e8s et \u00a0il a \u00a0\u00e9galement relat\u00e9 par la m\u00eame occasion \u00a0\u00a0l\u2019histoire du p\u00e8re Fondateur de \u00a0la r\u00e9volution Guin\u00e9enne \u00a0pendant la p\u00e9riode coloniale, il s\u2019agit \u00a0de Camarade \u00a0\u2018\u2019Feu Ahmed S\u00e9kou Tour\u00e9\u2019\u2019. \u00a0\u00a0\u00a0<\/strong><\/p>\n<p>&nbsp;<\/p>\n<p>A l\u2019entame de son expos\u00e9, l\u2019auteur du livre\u00a0 a d\u00e9clar\u00e9\u00a0 que\u00a0 la source d\u2019inspiration de cette \u0153uvre litt\u00e9raire, c\u2019est suite \u00a0\u00a0\u00e0 son\u00a0 \u00a0constat que\u00a0 \u00a0la jeunesse Guin\u00e9enne \u00a0actuelle \u00a0\u00a0n\u2019a pas \u00a0du tout l\u2019inqui\u00e9tude d\u2019apprendre l\u2019histoire de\u00a0 leur \u00a0pays. \u00ab\u00a0Donc l\u2019objectif principal de mon \u0153uvre est de non seulement \u00a0instruire \u00e0 cette jeunesse ce qui s\u2019est pass\u00e9 entre 1947 et 1957.Les partis politiques qui existaient au sein de la Guin\u00e9e et comment ces partis \u00e9taient organis\u00e9s. Et, comment le Parti D\u00e9mocratique de Guin\u00e9e (PDG, RDA) \u00e9tait structur\u00e9 \u00a0\u00e0 l\u2019\u00e9poque. Car, le PDG, c\u2019est un \u00a0parti qui est d\u2019abord pass\u00e9 par des consultations et il a fini par s\u2019imposer\u00a0 pour devenir un parti unique\u00a0 dans lequel\u00a0 tous les autres partis politiques de la Guin\u00e9e \u00a0se retrouvaient. Donc c\u2019est\u00a0 ce que le pr\u00e9sent livre veut d\u00e9montrer, pour que les jeunes connaissent l\u2019histoire de notre pays\u00a0\u00bb,a-t-il pr\u00e9cis\u00e9. Avant d\u2019ajouter\u00a0:\u00a0\u00ab\u00a0 Partir en profondeur \u00a0pour comprendre comment la structure syndicale \u00e9tait organis\u00e9e \u00a0pendant l\u2019\u00e9poque de la r\u00e9volution. D\u00e9montrer aux jeunes, que \u00a0\u00a0le 28 Septembre 1958 n\u2019a pas \u00e9t\u00e9 un ph\u00e9nom\u00e8ne spontan\u00e9, mais l\u2019aboutissement d\u2019un long processus de lutte certes entam\u00e9 par nos a\u00efeux. Contre l\u2019intrusion et la domination coloniales fran\u00e7aises, mais surtout poursuivi par des nationalistes courageux pr\u00eats \u00e0 tout affrontement avec le colonisateur fran\u00e7ais. Le territoire guin\u00e9en devrait coute \u00e0 coute retrouver \u00a0son ind\u00e9pendance du joug colonial fran\u00e7ais\u00a0\u00bb, a-t-il ajout\u00e9 l\u2019\u00e9crivain.<\/p>\n<p>&nbsp;<\/p>\n<p>&nbsp;<\/p>\n<p>Rench\u00e9rissant, il a dit\u00a0:\u00a0\u00ab\u00a0En guin\u00e9e, chacun enseigne son histoire\u00a0; \u00e0 la radio, \u00e0 la t\u00e9l\u00e9vision, dans \u00a0journaux et sur les sites, nombre de personnes profitent de toutes sortes d\u2019occasions pour raconter des inepties, soutenir des affirmations subjectives qui ne r\u00e9sistent \u00e0 aucune analyse objective des faits historiques \u00e9tablis, aucune source documentation irr\u00e9futable et v\u00e9ritable n\u2019est cit\u00e9e. Ceux qui affirment d\u2019\u00eatre des connaisseurs de l\u2019histoire r\u00e9cente de la guin\u00e9e n\u2019analysent tr\u00e8s souvent les faits que sous \u00a0angle ethnique ou politicienne, deux \u00a0prismes d\u00e9formants. Rappelez-vous certaines interviews diffus\u00e9es dans certains \u00a0m\u00e9dias de la place \u00a0au cours des mois d\u2019ao\u00fbt et Septembre 2017\u00a0\u00bba-t-il fait savoir M.Kobol\u00e9.<\/p>\n<p>Avant d\u2019affirmer\u00a0:\u00a0\u00ab\u00a0C\u2019est pourquoi, afin de faciliter toutes v\u00e9rifications \u00e9ventuelles, je cherche, dans mes ouvrages, \u00e0 \u00e9tablir d\u2019abord des faits avec indications compl\u00e8te\u00a0 des sources avant de les appr\u00e9cier ou de les qualifier. Car, si leur interpr\u00e9tation est libre\u00a0; les faits historiques \u00e9tant t\u00eatus donc v\u00e9ritables, doivent \u00eatre objectivement restitu\u00e9s (citation de l\u2019acte, des acteurs ou t\u00e9moins, de la dates ou p\u00e9riode pr\u00e9cis)\u00a0\u00bb, a-t-il affirm\u00e9.<\/p>\n<p>&nbsp;<\/p>\n<p>&nbsp;<\/p>\n<p>Avant de rappeler quelques phrases du Chapitre I \u00a0et II de son livre\u00a0:\u00a0\u00ab Ahmed Sekou Tour\u00e9, l\u2019autodidacte, est une biographie sommaire et analyse du r\u00f4le transcendant de cet homme\u00a0 charismatique qui s\u2019\u00e9tait d\u00e9j\u00e0 impos\u00e9 au cours de la p\u00e9riode de la lutte anticoloniale en Guin\u00e9e, en Afrique et dans le monde\u00a0 comme l\u2019un des plus cons\u00e9quents des nationalistes africains de sa g\u00e9n\u00e9ration. Dans le deuxi\u00e8me \u00a0Chapitre de mon livre, j\u2019ai \u00a0\u00a0parl\u00e9 \u00a0de \u00a0la lutte syndicale. L\u2019organisation des diff\u00e9rents syndicats, les gr\u00e8ves qui ont imm\u00e9diatement d\u00e9stabilis\u00e9 le fondement \u00e9conomique du syst\u00e8me colonial en Guin\u00e9e .La question de la d\u00e9saffiliation des syndicats guin\u00e9ens des centrales m\u00e9tropolitaines et analyse le r\u00f4le important jou\u00e9 par les syndicalistes guin\u00e9ens dans le processus de cr\u00e9ation de l\u2019UGTAN\u00a0\u00bb, a-t-il rappel\u00e9.<\/p>\n<p>&nbsp;<\/p>\n<p>Pour mettre un terme \u00e0 ses propos, l\u2019auteur a fait savoir \u00a0que les autres chapitres abordent la lutte pour la cr\u00e9ation des partis, leur implantation et leur repr\u00e9sentativit\u00e9 avant le choix d\u00e9cisif du 28 Septembre 1958.<\/p>\n<p><strong>Sylla Ibrahima Kalil\u00a0 664594788<\/strong><\/p>\n<p><img loading=\"lazy\" decoding=\"async\" class=\"alignnone size-medium wp-image-1621\" src=\"https:\/\/conakrynews.org\/wp-content\/uploads\/2017\/10\/kobol\u00e9-281x375.jpg\" alt=\"\" width=\"281\" height=\"375\" srcset=\"https:\/\/conakrynews.org\/wp-content\/uploads\/2017\/10\/kobol\u00e9-281x375.jpg 281w, https:\/\/conakrynews.org\/wp-content\/uploads\/2017\/10\/kobol\u00e9-768x1024.jpg 768w, https:\/\/conakrynews.org\/wp-content\/uploads\/2017\/10\/kobol\u00e9.jpg 1920w\" sizes=\"auto, (max-width: 281px) 100vw, 281px\" \/><\/p>\n","protected":false},"excerpt":{"rendered":"<p>Le Samedi \u00a021 Octobre 2017 \u00e0 Conakry, devant un parterre de repr\u00e9sentants des organes de m\u00e9dias, l\u2019\u00e9crivain Guin\u00e9en, El Hadj Sidiki Kobol\u00e9 Keita, enseignant chercheur en histoire \u00a0a proc\u00e9d\u00e9 officiellement \u00a0\u00e0 la d\u00e9dicace de son \u0153uvre litt\u00e9raire Intitul\u00e9\u00a0:\u00a0\u00ab\u00a0AHMED SEKOU TOURE, l\u2019AFRICAIN QUI A OSE DIRE NON AU GENERAL DEGAUL LE 28 SEPTEMBRE 1958\u00a0\u00bb.Cette c\u00e9r\u00e9monie de [&hellip;]<\/p>\n","protected":false},"author":2,"featured_media":1621,"comment_status":"open","ping_status":"open","sticky":false,"template":"","format":"image","meta":{"footnotes":""},"categories":[62],"tags":[],"class_list":{"0":"post-1620","1":"post","2":"type-post","3":"status-publish","4":"format-image","5":"has-post-thumbnail","7":"category-culture","8":"post_format-post-format-image"},"_links":{"self":[{"href":"https:\/\/conakrynews.org\/index.php\/wp-json\/wp\/v2\/posts\/1620","targetHints":{"allow":["GET"]}}],"collection":[{"href":"https:\/\/conakrynews.org\/index.php\/wp-json\/wp\/v2\/posts"}],"about":[{"href":"https:\/\/conakrynews.org\/index.php\/wp-json\/wp\/v2\/types\/post"}],"author":[{"embeddable":true,"href":"https:\/\/conakrynews.org\/index.php\/wp-json\/wp\/v2\/users\/2"}],"replies":[{"embeddable":true,"href":"https:\/\/conakrynews.org\/index.php\/wp-json\/wp\/v2\/comments?post=1620"}],"version-history":[{"count":0,"href":"https:\/\/conakrynews.org\/index.php\/wp-json\/wp\/v2\/posts\/1620\/revisions"}],"wp:featuredmedia":[{"embeddable":true,"href":"https:\/\/conakrynews.org\/index.php\/wp-json\/wp\/v2\/media\/1621"}],"wp:attachment":[{"href":"https:\/\/conakrynews.org\/index.php\/wp-json\/wp\/v2\/media?parent=1620"}],"wp:term":[{"taxonomy":"category","embeddable":true,"href":"https:\/\/conakrynews.org\/index.php\/wp-json\/wp\/v2\/categories?post=1620"},{"taxonomy":"post_tag","embeddable":true,"href":"https:\/\/conakrynews.org\/index.php\/wp-json\/wp\/v2\/tags?post=1620"}],"curies":[{"name":"wp","href":"https:\/\/api.w.org\/{rel}","templated":true}]}}