{"id":16206,"date":"2022-10-17T19:45:20","date_gmt":"2022-10-17T19:45:20","guid":{"rendered":"https:\/\/conakrynews.org\/?p=16206"},"modified":"2022-10-17T22:03:01","modified_gmt":"2022-10-17T22:03:01","slug":"conakry-lhonorable-cellou-balde-de-lufdg-arrete-par-des-services-de-securite","status":"publish","type":"post","link":"https:\/\/conakrynews.org\/index.php\/conakry-lhonorable-cellou-balde-de-lufdg-arrete-par-des-services-de-securite\/","title":{"rendered":"Conakry : L&rsquo;honorable  Cellou Bald\u00e9 de l&rsquo;UFDG arr\u00eat\u00e9 par  des services de s\u00e9curit\u00e9"},"content":{"rendered":"<p>C&rsquo;est une information que nous venons d&rsquo;apprendre de sources fiables.Le Coordinateur  des F\u00e9d\u00e9rations de  l&rsquo;UFDG de l&rsquo;int\u00e9rieur, l&rsquo;honorable  Cellou  Bald\u00e9, a \u00e9t\u00e9 arr\u00eat\u00e9  ce  lundi par des \u00e9l\u00e9ments  de  la Direction  Centrale des Investigations judiciaires.Selon notre source,ce  responsable de  l&rsquo;UFDG  a \u00e9t\u00e9  arr\u00eat\u00e9 alors qu&rsquo;il \u00e9tait \u00e0 Dixinn Bora chez  Mamadou  Sylla pour assister \u00e0 une  r\u00e9union  de CORED.<\/p>\n<p>Joint  par la r\u00e9daction  de notre  quotidien en ligne, l&rsquo;avocat  de l&rsquo;homme  politique  Me Salif B\u00e9avogui,  nous a confirm\u00e9 ces informations.\u00a0\u00bb Effectivement,l&rsquo;honorable  Celou Bald\u00e9 a \u00e9t\u00e9  arr\u00eat\u00e9  et conduit \u00e0 la  direction Centrale des  Investigations judiciaires de la gendarmerie.Dans les heures  qui  vont suivre nous saurions  ce qu&rsquo;on lui reproche exactement.D\u00e9j\u00e0 le collectif  des avocats est entrain de  prendre des dispositions pour  rentrer en contact  avec notre client\u00a0\u00bb, explique t-il.<\/p>\n<p>Nous y reviendrons&#8230;.<\/p>\n<p>Sylla Ibrahima Kalil,pour www conakrynews 625444534<\/p>\n","protected":false},"excerpt":{"rendered":"<p>C&rsquo;est une information que nous venons d&rsquo;apprendre de sources fiables.Le Coordinateur des F\u00e9d\u00e9rations de l&rsquo;UFDG de l&rsquo;int\u00e9rieur, l&rsquo;honorable Cellou Bald\u00e9, a \u00e9t\u00e9 arr\u00eat\u00e9 ce lundi par des \u00e9l\u00e9ments de la Direction Centrale des Investigations judiciaires.Selon notre source,ce responsable de l&rsquo;UFDG a \u00e9t\u00e9 arr\u00eat\u00e9 alors qu&rsquo;il \u00e9tait \u00e0 Dixinn Bora chez Mamadou Sylla pour assister \u00e0 [&hellip;]<\/p>\n","protected":false},"author":2,"featured_media":16207,"comment_status":"closed","ping_status":"closed","sticky":false,"template":"","format":"standard","meta":{"footnotes":""},"categories":[57],"tags":[],"class_list":{"0":"post-16206","1":"post","2":"type-post","3":"status-publish","4":"format-standard","5":"has-post-thumbnail","7":"category-politique"},"_links":{"self":[{"href":"https:\/\/conakrynews.org\/index.php\/wp-json\/wp\/v2\/posts\/16206","targetHints":{"allow":["GET"]}}],"collection":[{"href":"https:\/\/conakrynews.org\/index.php\/wp-json\/wp\/v2\/posts"}],"about":[{"href":"https:\/\/conakrynews.org\/index.php\/wp-json\/wp\/v2\/types\/post"}],"author":[{"embeddable":true,"href":"https:\/\/conakrynews.org\/index.php\/wp-json\/wp\/v2\/users\/2"}],"replies":[{"embeddable":true,"href":"https:\/\/conakrynews.org\/index.php\/wp-json\/wp\/v2\/comments?post=16206"}],"version-history":[{"count":0,"href":"https:\/\/conakrynews.org\/index.php\/wp-json\/wp\/v2\/posts\/16206\/revisions"}],"wp:featuredmedia":[{"embeddable":true,"href":"https:\/\/conakrynews.org\/index.php\/wp-json\/wp\/v2\/media\/16207"}],"wp:attachment":[{"href":"https:\/\/conakrynews.org\/index.php\/wp-json\/wp\/v2\/media?parent=16206"}],"wp:term":[{"taxonomy":"category","embeddable":true,"href":"https:\/\/conakrynews.org\/index.php\/wp-json\/wp\/v2\/categories?post=16206"},{"taxonomy":"post_tag","embeddable":true,"href":"https:\/\/conakrynews.org\/index.php\/wp-json\/wp\/v2\/tags?post=16206"}],"curies":[{"name":"wp","href":"https:\/\/api.w.org\/{rel}","templated":true}]}}