{"id":16217,"date":"2022-10-18T11:11:50","date_gmt":"2022-10-18T11:11:50","guid":{"rendered":"https:\/\/conakrynews.org\/?p=16217"},"modified":"2022-10-18T11:11:50","modified_gmt":"2022-10-18T11:11:50","slug":"karim-benzema-remporte-le-ballon-dor-2022-putellas-sacree-chez-les-femmes","status":"publish","type":"post","link":"https:\/\/conakrynews.org\/index.php\/karim-benzema-remporte-le-ballon-dor-2022-putellas-sacree-chez-les-femmes\/","title":{"rendered":"Karim Benzema remporte le Ballon d\u2019Or 2022, Putellas sacr\u00e9e chez les femmes"},"content":{"rendered":"<p>Karim Benzema a remport\u00e9 lundi le Ballon d\u2019Or. Le S\u00e9n\u00e9galais Sadio Man\u00e9 a quant \u00e0 lui re\u00e7u le tout premier \u00ab prix Socrates \u00bb d\u00e9cern\u00e9 \u00e0 un footballeur engag\u00e9.<\/p>\n<p>Le jour de gloire est arriv\u00e9 pour Karim Benzema. Le Fran\u00e7ais, auteur d\u2019une saison exceptionnelle, s\u2019est vu remettre lundi la plus prestigieuse des r\u00e9compenses individuelles du football, lundi 17 octobre au Th\u00e9\u00e2tre du Chatelet \u00e0 Paris.<\/p>\n<p>Les autres r\u00e9compenses :<\/p>\n<p>L\u2019Espagnole Alexia Putellas est laur\u00e9ate du Ballon d\u2019Or f\u00e9minin pour la deuxi\u00e8me ann\u00e9e cons\u00e9cutive. Elle devance l\u2019Anglaise Beth Mead (2e), d\u2019Arsenal, sacr\u00e9e championne d\u2019Europe \u00e0 domicile avec les \u00ab Lionesses \u00bb et d\u00e9sign\u00e9e meilleure joueuse de la comp\u00e9tition, et l\u2019Australienne Sam Kerr (3e), qui joue \u00e0 Chelsea.<\/p>\n<p>Gavi, milieu espagnol du FC Barcelone, a remport\u00e9 le troph\u00e9e Kopa du meilleur jeune. Il succ\u00e8de \u00e0 son partenaire Pedri.<\/p>\n<p>Le S\u00e9n\u00e9galais Sadio Man\u00e9 a re\u00e7u le \u00ab prix Socrates \u00bb, d\u00e9cern\u00e9 pour la premi\u00e8re fois lors de la c\u00e9r\u00e9monie du Ballon d\u2019Or et destin\u00e9 \u00e0 mettre en lumi\u00e8re les footballeuses et footballeurs engag\u00e9s dans des projets soci\u00e9taux et caritatifs. L\u2019attaquant du Bayern Munich et de la s\u00e9lection s\u00e9n\u00e9galaise a \u00e9t\u00e9 r\u00e9compens\u00e9 pour son investissement dans le d\u00e9veloppement de son village natal de Bambali, dans le sud du S\u00e9n\u00e9gal, o\u00f9 il a notamment encourag\u00e9 l\u2019\u00e9gal acc\u00e8s des gar\u00e7ons et des filles \u00e0 la pratique du football.<\/p>\n<p>Le Polonais Robert Lewandowski a re\u00e7u pour la deuxi\u00e8me ann\u00e9e cons\u00e9cutive le Troph\u00e9e de meilleur buteur du monde, rebaptis\u00e9 Gerd M\u00fcller.<\/p>\n<p>Thibaut Courtois, septi\u00e8me du Ballon d\u2019Or, a remport\u00e9 le troph\u00e9e Yachine de meilleur gardien.<\/p>\n<p>Avec France24<\/p>\n","protected":false},"excerpt":{"rendered":"<p>Karim Benzema a remport\u00e9 lundi le Ballon d\u2019Or. Le S\u00e9n\u00e9galais Sadio Man\u00e9 a quant \u00e0 lui re\u00e7u le tout premier \u00ab prix Socrates \u00bb d\u00e9cern\u00e9 \u00e0 un footballeur engag\u00e9. Le jour de gloire est arriv\u00e9 pour Karim Benzema. Le Fran\u00e7ais, auteur d\u2019une saison exceptionnelle, s\u2019est vu remettre lundi la plus prestigieuse des r\u00e9compenses individuelles du [&hellip;]<\/p>\n","protected":false},"author":2,"featured_media":16218,"comment_status":"closed","ping_status":"closed","sticky":false,"template":"","format":"standard","meta":{"footnotes":""},"categories":[64],"tags":[],"class_list":{"0":"post-16217","1":"post","2":"type-post","3":"status-publish","4":"format-standard","5":"has-post-thumbnail","7":"category-sport"},"_links":{"self":[{"href":"https:\/\/conakrynews.org\/index.php\/wp-json\/wp\/v2\/posts\/16217","targetHints":{"allow":["GET"]}}],"collection":[{"href":"https:\/\/conakrynews.org\/index.php\/wp-json\/wp\/v2\/posts"}],"about":[{"href":"https:\/\/conakrynews.org\/index.php\/wp-json\/wp\/v2\/types\/post"}],"author":[{"embeddable":true,"href":"https:\/\/conakrynews.org\/index.php\/wp-json\/wp\/v2\/users\/2"}],"replies":[{"embeddable":true,"href":"https:\/\/conakrynews.org\/index.php\/wp-json\/wp\/v2\/comments?post=16217"}],"version-history":[{"count":0,"href":"https:\/\/conakrynews.org\/index.php\/wp-json\/wp\/v2\/posts\/16217\/revisions"}],"wp:featuredmedia":[{"embeddable":true,"href":"https:\/\/conakrynews.org\/index.php\/wp-json\/wp\/v2\/media\/16218"}],"wp:attachment":[{"href":"https:\/\/conakrynews.org\/index.php\/wp-json\/wp\/v2\/media?parent=16217"}],"wp:term":[{"taxonomy":"category","embeddable":true,"href":"https:\/\/conakrynews.org\/index.php\/wp-json\/wp\/v2\/categories?post=16217"},{"taxonomy":"post_tag","embeddable":true,"href":"https:\/\/conakrynews.org\/index.php\/wp-json\/wp\/v2\/tags?post=16217"}],"curies":[{"name":"wp","href":"https:\/\/api.w.org\/{rel}","templated":true}]}}