{"id":16238,"date":"2022-10-18T23:11:51","date_gmt":"2022-10-18T23:11:51","guid":{"rendered":"https:\/\/conakrynews.org\/?p=16238"},"modified":"2022-10-18T23:11:51","modified_gmt":"2022-10-18T23:11:51","slug":"ballon-dor-le-senegalais-sadio-mane-sur-la-deuxieme-marche-du-podium","status":"publish","type":"post","link":"https:\/\/conakrynews.org\/index.php\/ballon-dor-le-senegalais-sadio-mane-sur-la-deuxieme-marche-du-podium\/","title":{"rendered":"Ballon d\u2019Or: le S\u00e9n\u00e9galais Sadio Man\u00e9 sur la deuxi\u00e8me marche du podium"},"content":{"rendered":"<p>Apr\u00e8s l\u2019illustre George Weah, Ballon d\u2019Or en 1995, aucun autre joueur africain n\u2019\u00e9tait parvenu \u00e0 monter sur le podium. Pour ce nouveau classement qui couronne le Fran\u00e7ais Karim Benzema, le S\u00e9n\u00e9galais Sadio Man\u00e9 s\u2019offre la deuxi\u00e8me place.<\/p>\n<p>Achet\u00e9 32 millions d\u2019euros par le Bayern Munich, Sadio Man\u00e9 a d\u00e9barqu\u00e9 en Allemagne l\u2019\u00e9t\u00e9 dernier apr\u00e8s six saisons avec Liverpool. Mais c\u2019est pour ses performances avec le club anglais qu\u2019il est r\u00e9compens\u00e9 ce lundi 17 octobre.<\/p>\n<p>51 matchs toutes comp\u00e9titions confondues<\/p>\n<p>Lors de la saison 2020-2021 avec les Reds, Sadio Man\u00e9 a marqu\u00e9 23 buts et d\u00e9livr\u00e9 5 passes d\u00e9cisives en 51 matchs toutes comp\u00e9titions confondues. Il a jou\u00e9 la finale de la Ligue des champions face au Real Madrid, et termin\u00e9 \u00e0 la deuxi\u00e8me place du championnat derri\u00e8re Manchester City.<\/p>\n<p>Consid\u00e9r\u00e9 comme l\u2019un des meilleurs joueurs de l\u2019histoire de l\u2019\u00e9quipe nationale du S\u00e9n\u00e9gal, il a aussi remport\u00e9 la Coupe d\u2019Afrique des nations au Cameroun en d\u00e9but d\u2019ann\u00e9e pour sa deuxi\u00e8me finale d\u2019affil\u00e9e, apr\u00e8s \u00eatre pass\u00e9 \u00e0 c\u00f4t\u00e9 du titre en 2019 en \u00c9gypte. Il est d\u00e9sign\u00e9 par la Conf\u00e9d\u00e9ration africaine de football (CAF) meilleur joueur de la comp\u00e9tition et inscrit le p\u00e9nalty victorieux lors de la finale contre l\u2019\u00c9gypte.<\/p>\n<p>Le natif de Bambali, rest\u00e9 au pied du podium du Ballon d\u2019Or en 2019, a aussi permis la qualification des Lions de la T\u00e9ranga pour le prochain mondial au Qatar. En juin, lors du premier match contre le B\u00e9nin, au stade Abdoulaye Wade de Diamniadio comptant pour la phase qualificative de la Coupe d\u2019Afrique des Nations 2023, Man\u00e9 marque trois buts durant la rencontre, portant son total \u00e0 32 r\u00e9alisations avec les Lions de la T\u00e9ranga.<\/p>\n<p>Il d\u00e9passe ainsi Henri Camara qui d\u00e9tenait jusque-l\u00e0 le record de buts inscrits en s\u00e9lection. Il bat l\u2019\u00c9gypte de son ex-co\u00e9quipier Mohamed Salah en barrage. En 2022, il est comme en 2019 d\u00e9sign\u00e9 une nouvelle fois Meilleur joueur africain par la CAF.<\/p>\n<p>Avec RFI<\/p>\n","protected":false},"excerpt":{"rendered":"<p>Apr\u00e8s l\u2019illustre George Weah, Ballon d\u2019Or en 1995, aucun autre joueur africain n\u2019\u00e9tait parvenu \u00e0 monter sur le podium. Pour ce nouveau classement qui couronne le Fran\u00e7ais Karim Benzema, le S\u00e9n\u00e9galais Sadio Man\u00e9 s\u2019offre la deuxi\u00e8me place. Achet\u00e9 32 millions d\u2019euros par le Bayern Munich, Sadio Man\u00e9 a d\u00e9barqu\u00e9 en Allemagne l\u2019\u00e9t\u00e9 dernier apr\u00e8s six [&hellip;]<\/p>\n","protected":false},"author":2,"featured_media":16239,"comment_status":"closed","ping_status":"closed","sticky":false,"template":"","format":"standard","meta":{"footnotes":""},"categories":[64],"tags":[],"class_list":{"0":"post-16238","1":"post","2":"type-post","3":"status-publish","4":"format-standard","5":"has-post-thumbnail","7":"category-sport"},"_links":{"self":[{"href":"https:\/\/conakrynews.org\/index.php\/wp-json\/wp\/v2\/posts\/16238","targetHints":{"allow":["GET"]}}],"collection":[{"href":"https:\/\/conakrynews.org\/index.php\/wp-json\/wp\/v2\/posts"}],"about":[{"href":"https:\/\/conakrynews.org\/index.php\/wp-json\/wp\/v2\/types\/post"}],"author":[{"embeddable":true,"href":"https:\/\/conakrynews.org\/index.php\/wp-json\/wp\/v2\/users\/2"}],"replies":[{"embeddable":true,"href":"https:\/\/conakrynews.org\/index.php\/wp-json\/wp\/v2\/comments?post=16238"}],"version-history":[{"count":0,"href":"https:\/\/conakrynews.org\/index.php\/wp-json\/wp\/v2\/posts\/16238\/revisions"}],"wp:featuredmedia":[{"embeddable":true,"href":"https:\/\/conakrynews.org\/index.php\/wp-json\/wp\/v2\/media\/16239"}],"wp:attachment":[{"href":"https:\/\/conakrynews.org\/index.php\/wp-json\/wp\/v2\/media?parent=16238"}],"wp:term":[{"taxonomy":"category","embeddable":true,"href":"https:\/\/conakrynews.org\/index.php\/wp-json\/wp\/v2\/categories?post=16238"},{"taxonomy":"post_tag","embeddable":true,"href":"https:\/\/conakrynews.org\/index.php\/wp-json\/wp\/v2\/tags?post=16238"}],"curies":[{"name":"wp","href":"https:\/\/api.w.org\/{rel}","templated":true}]}}