{"id":1624,"date":"2017-10-25T11:03:20","date_gmt":"2017-10-25T09:03:20","guid":{"rendered":"https:\/\/conakrynews.org\/?p=1624"},"modified":"2017-10-25T11:14:47","modified_gmt":"2017-10-25T09:14:47","slug":"guinee-lex-gouverneur-de-conakry-commandant-sekou-resco-appele-a-comparaitre-tribunal","status":"publish","type":"post","link":"https:\/\/conakrynews.org\/index.php\/guinee-lex-gouverneur-de-conakry-commandant-sekou-resco-appele-a-comparaitre-tribunal\/","title":{"rendered":"Guin\u00e9e : L\u2019ex Gouverneur de Conakry,  Commandant S\u00e9kou Resco appel\u00e9 \u00e0 Compara\u00eetre au Tribunal"},"content":{"rendered":"<p><strong>L\u2019ex-gouverneur de la ville de Conakry sous la transition, le commandant S\u00e9kou Resco Camara est attendu le 13 Novembre prochain au tribunal de premi\u00e8re instance de Dixinn. Il va \u00eatre entendu dans le dossier concernant les tortures inflig\u00e9es \u00e0 15 victimes \u00e0 l\u2019escadron mobile d\u2019Hamdallaye en 2010.<\/strong><\/p>\n<p>L\u2019annonce a \u00e9t\u00e9 faite ce mardi par certaines organisations de d\u00e9fense des droits de l\u2019homme qui accompagnent ces victimes dans leur combat pour la justice. Il s\u2019agit de la F\u00e9d\u00e9ration Internationale des Ligues des Droits de l\u2019Homme (FIDH), l\u2019Organisation Guin\u00e9enne des Droits de l\u2019Homme (OGDH) et M\u00eames Droits pour Tous (MDT)<\/p>\n<p>Selon ces organisations :\u00a0<em>\u00ab Le 23 octobre 2010, plusieurs personnes \u00e9taient arbitrairement arr\u00eat\u00e9es, d\u00e9tenues et tortur\u00e9es dans la cour de la gendarmerie de l\u2019escadron mobile d\u2019Hamdallaye. Il s\u2019agissait principalement de commer\u00e7ants et artisans travaillant \u00e0 proximit\u00e9 de la route o\u00f9 le cort\u00e8ge du G\u00e9n\u00e9ral S\u00e9kouba Konat\u00e9 avait \u00e9t\u00e9 caillass\u00e9.\u00bb<\/em><\/p>\n<p>Outre l\u2019ancien gouverneur de la ville de Conakry, plusieurs hauts responsables militaires sont \u00e9galement attendus au TP de Dixinn dont le g\u00e9naral Nouhou Thiam, ex chef d\u2019Etat major des arm\u00e9es pendant la transition dirig\u00e9e par le g\u00e9n\u00e9ral S\u00e9kouba Konat\u00e9.<\/p>\n<p><em>\u00ab\u00a0Plusieurs hauts responsables politiques et militaires ont depuis \u00e9t\u00e9 mis en cause. Il s\u2019agit de l\u2019ancien gouverneur de Conakry : le commandant S\u00e9kou Resco Camara ; l\u2019ancien chef d\u2019\u00e9tat-major des arm\u00e9es : Nouhou Thiam ; et du commandant Aboubacar Sidiki Camara dit \u00ab De Gaulle \u00bb, ancien chef de la s\u00e9curit\u00e9 pr\u00e9sidentielle de Sekouba Konat\u00e9, d\u00e9c\u00e9d\u00e9 en 2014.\u00bb<\/em><\/p>\n<p>Pour ces organisations de d\u00e9fense des droits de l\u2019homme, l\u2019ouverture de ce proc\u00e8s sera un grand pas dans la lutte contre l\u2019impunit\u00e9 et l\u2019usage de la torture par des agents d\u00e9positaires de l\u2019autorit\u00e9 publique en Guin\u00e9e.<\/p>\n<p><strong>Ledevoiguinee.com<\/strong><\/p>\n<p><strong>Le titre engage www.conakrynews.org<\/strong><\/p>\n<p>&nbsp;<\/p>\n<p><img loading=\"lazy\" decoding=\"async\" class=\"alignnone size-full wp-image-1625\" src=\"https:\/\/conakrynews.org\/wp-content\/uploads\/2017\/10\/s\u00e9kou-resco.jpg\" alt=\"\" width=\"480\" height=\"360\" \/><\/p>\n","protected":false},"excerpt":{"rendered":"<p>L\u2019ex-gouverneur de la ville de Conakry sous la transition, le commandant S\u00e9kou Resco Camara est attendu le 13 Novembre prochain au tribunal de premi\u00e8re instance de Dixinn. Il va \u00eatre entendu dans le dossier concernant les tortures inflig\u00e9es \u00e0 15 victimes \u00e0 l\u2019escadron mobile d\u2019Hamdallaye en 2010. L\u2019annonce a \u00e9t\u00e9 faite ce mardi par certaines [&hellip;]<\/p>\n","protected":false},"author":2,"featured_media":1625,"comment_status":"open","ping_status":"open","sticky":false,"template":"","format":"image","meta":{"footnotes":""},"categories":[1],"tags":[],"class_list":{"0":"post-1624","1":"post","2":"type-post","3":"status-publish","4":"format-image","5":"has-post-thumbnail","7":"category-non-classe","8":"post_format-post-format-image"},"_links":{"self":[{"href":"https:\/\/conakrynews.org\/index.php\/wp-json\/wp\/v2\/posts\/1624","targetHints":{"allow":["GET"]}}],"collection":[{"href":"https:\/\/conakrynews.org\/index.php\/wp-json\/wp\/v2\/posts"}],"about":[{"href":"https:\/\/conakrynews.org\/index.php\/wp-json\/wp\/v2\/types\/post"}],"author":[{"embeddable":true,"href":"https:\/\/conakrynews.org\/index.php\/wp-json\/wp\/v2\/users\/2"}],"replies":[{"embeddable":true,"href":"https:\/\/conakrynews.org\/index.php\/wp-json\/wp\/v2\/comments?post=1624"}],"version-history":[{"count":0,"href":"https:\/\/conakrynews.org\/index.php\/wp-json\/wp\/v2\/posts\/1624\/revisions"}],"wp:featuredmedia":[{"embeddable":true,"href":"https:\/\/conakrynews.org\/index.php\/wp-json\/wp\/v2\/media\/1625"}],"wp:attachment":[{"href":"https:\/\/conakrynews.org\/index.php\/wp-json\/wp\/v2\/media?parent=1624"}],"wp:term":[{"taxonomy":"category","embeddable":true,"href":"https:\/\/conakrynews.org\/index.php\/wp-json\/wp\/v2\/categories?post=1624"},{"taxonomy":"post_tag","embeddable":true,"href":"https:\/\/conakrynews.org\/index.php\/wp-json\/wp\/v2\/tags?post=1624"}],"curies":[{"name":"wp","href":"https:\/\/api.w.org\/{rel}","templated":true}]}}