{"id":16340,"date":"2022-10-23T18:21:57","date_gmt":"2022-10-23T18:21:57","guid":{"rendered":"https:\/\/conakrynews.org\/?p=16340"},"modified":"2022-10-24T11:38:53","modified_gmt":"2022-10-24T11:38:53","slug":"marela-arrestation-par-la-police-des-presumes-voleurs-des-equipements-de-la-societe-swr-international","status":"publish","type":"post","link":"https:\/\/conakrynews.org\/index.php\/marela-arrestation-par-la-police-des-presumes-voleurs-des-equipements-de-la-societe-swr-international\/","title":{"rendered":"Marela :Arrestation par la police  des pr\u00e9sum\u00e9s  voleurs  des \u00e9quipements de la soci\u00e9t\u00e9 \u2039\u2039SWR International \u203a\u203a"},"content":{"rendered":"<div style=\"width: 352px;\" class=\"wp-video\"><video class=\"wp-video-shortcode\" id=\"video-16340-1\" width=\"352\" height=\"640\" preload=\"metadata\" controls=\"controls\"><source type=\"video\/mp4\" src=\"https:\/\/conakrynews.org\/wp-content\/uploads\/2022\/10\/VID-20221023-WA0011.mp4?_=1\" \/><a href=\"https:\/\/conakrynews.org\/wp-content\/uploads\/2022\/10\/VID-20221023-WA0011.mp4\">https:\/\/conakrynews.org\/wp-content\/uploads\/2022\/10\/VID-20221023-WA0011.mp4<\/a><\/video><\/div>\n<p>C&rsquo;est une information de derni\u00e8re minute.Selon une source fiable, les installations de la soci\u00e9t\u00e9 \u2039\u2039SWR International\u203a\u203a \u00e0 Marela dans la pr\u00e9fecture de Faranah, ont \u00e9t\u00e9 r\u00e9cemment vandalis\u00e9es par des personnes mal intentionn\u00e9es. <\/p>\n<p><img loading=\"lazy\" decoding=\"async\" src=\"https:\/\/conakrynews.org\/wp-content\/uploads\/2022\/10\/IMG-20221023-WA0010-211x375.jpg\" alt=\"\" width=\"211\" height=\"375\" class=\"alignright size-medium wp-image-16341\" srcset=\"https:\/\/conakrynews.org\/wp-content\/uploads\/2022\/10\/IMG-20221023-WA0010-211x375.jpg 211w, https:\/\/conakrynews.org\/wp-content\/uploads\/2022\/10\/IMG-20221023-WA0010.jpg 563w\" sizes=\"auto, (max-width: 211px) 100vw, 211px\" \/><\/p>\n<p>Selon notre informateur, les services de s\u00e9curit\u00e9 et des forces de s\u00e9curit\u00e9 de la soci\u00e9t\u00e9 d\u00e9ploy\u00e9s sur les sites de la soci\u00e9t\u00e9 \u2039\u2039SWR International\u203a\u203a \u00e0 Marela sont \u00e0 la base de ces cas de voles des \u00e9quipements notamment les batteries et les panneaux solaires.<\/p>\n<p><img loading=\"lazy\" decoding=\"async\" src=\"https:\/\/conakrynews.org\/wp-content\/uploads\/2022\/10\/IMG-20221023-WA0001-211x375.jpg\" alt=\"\" width=\"211\" height=\"375\" class=\"alignright size-medium wp-image-16343\" srcset=\"https:\/\/conakrynews.org\/wp-content\/uploads\/2022\/10\/IMG-20221023-WA0001-211x375.jpg 211w, https:\/\/conakrynews.org\/wp-content\/uploads\/2022\/10\/IMG-20221023-WA0001.jpg 563w\" sizes=\"auto, (max-width: 211px) 100vw, 211px\" \/><\/p>\n<p>Joint par la r\u00e9daction de notre quotidien en ligne, un responsable de la \u00ab\u00a0soci\u00e9t\u00e9 SWR International\u203a\u203a a expliqu\u00e9: \u2039\u2039des \u00e9quipements de notre soci\u00e9t\u00e9 ont \u00e9t\u00e9 effectivement vol\u00e9s par nos gardes de s\u00e9curit\u00e9 priv\u00e9s et des militaires sur le site de Marela. Mais, nous saluons le bon travail de la police de Marela, y compris l&rsquo;arm\u00e9e, pour avoir captur\u00e9 les criminels et r\u00e9cup\u00e9r\u00e9 la plupart des objets vol\u00e9s, notamment des panneaux solaires et des batteries\u203a\u203a,   a laiss\u00e9 entendre ce responsable de la soci\u00e9t\u00e9 \u00ab\u00a0SWR International\u00a0\u00bb.<\/p>\n<div style=\"width: 480px;\" class=\"wp-video\"><video class=\"wp-video-shortcode\" id=\"video-16340-2\" width=\"480\" height=\"848\" preload=\"metadata\" controls=\"controls\"><source type=\"video\/mp4\" src=\"https:\/\/conakrynews.org\/wp-content\/uploads\/2022\/10\/VID-20221023-WA0009.mp4?_=2\" \/><a href=\"https:\/\/conakrynews.org\/wp-content\/uploads\/2022\/10\/VID-20221023-WA0009.mp4\">https:\/\/conakrynews.org\/wp-content\/uploads\/2022\/10\/VID-20221023-WA0009.mp4<\/a><\/video><\/div>\n<p>Interrog\u00e9, M.Mo\u00efse  Millimono, un des responsables de la soci\u00e9t\u00e9, a affirm\u00e9 :\u2039\u2039  C&rsquo;est le  15 Octobre 2022, que le responsable de  la  logistique  nous a inform\u00e9  qu&rsquo;il a constat\u00e9  des d\u00e9g\u00e2ts  au niveau  de  nos installations \u00e0 Marela.Depuis lors nous avons  port\u00e9s  plainte contre x pour vole de biens.Ensuite,   on a  inform\u00e9  aussi  les autorit\u00e9s  locales de la sous-pr\u00e9fecture  de Marela  et de la pr\u00e9fecture de Faranah. Et  une mission de   la  police  s&rsquo;\u00e9tait  mise en  \u0153uvre  pour faire  des Investigations  sur  les  vingt sept (27) panneaux solaires qui ont   \u00e9t\u00e9  vol\u00e9s  dans nos conteneurs.Et  \u00e0 la  date  d&rsquo;hier, on  a   recouvr\u00e9  18  panneaux solaires dans les  endroits de Marela et ses environs.Pour le moment, il y a deux ( 2) militaires et  deux  agents de  s\u00e9curit\u00e9 qui sont impliqu\u00e9s  et  la police a  aussi mis la main sur  des receleurs de ces panneaux solaires de notre soci\u00e9t\u00e9\u203a\u203a a-il affirm\u00e9.<\/p>\n<p><img loading=\"lazy\" decoding=\"async\" src=\"https:\/\/conakrynews.org\/wp-content\/uploads\/2022\/10\/IMG-20221023-WA0008-515x290.jpg\" alt=\"\" width=\"515\" height=\"290\" class=\"alignright size-medium wp-image-16345\" srcset=\"https:\/\/conakrynews.org\/wp-content\/uploads\/2022\/10\/IMG-20221023-WA0008-515x290.jpg 515w, https:\/\/conakrynews.org\/wp-content\/uploads\/2022\/10\/IMG-20221023-WA0008-768x432.jpg 768w, https:\/\/conakrynews.org\/wp-content\/uploads\/2022\/10\/IMG-20221023-WA0008.jpg 1000w\" sizes=\"auto, (max-width: 515px) 100vw, 515px\" \/><\/p>\n<p>Avant d&rsquo;ajouter :\u2039\u2039 Demain  les instructions  commenceront  pour situer  les  responsables  de chacune   des personnes impliqu\u00e9es  dans  cette  affaire  de vole<br \/>\ndes panneaux solaires de notre soci\u00e9t\u00e9\u203a\u203a<\/p>\n<p><img loading=\"lazy\" decoding=\"async\" src=\"https:\/\/conakrynews.org\/wp-content\/uploads\/2022\/10\/IMG-20221023-WA0004-211x375.jpg\" alt=\"\" width=\"211\" height=\"375\" class=\"alignright size-medium wp-image-16348\" srcset=\"https:\/\/conakrynews.org\/wp-content\/uploads\/2022\/10\/IMG-20221023-WA0004-211x375.jpg 211w, https:\/\/conakrynews.org\/wp-content\/uploads\/2022\/10\/IMG-20221023-WA0004.jpg 563w\" sizes=\"auto, (max-width: 211px) 100vw, 211px\" \/><\/p>\n<p>Pour mettre un terme  \u00e0 ses  propos, M.Millimono, a pr\u00e9cis\u00e9  que ces  panneaux solaires devraient  servir  \u00e0 la base vie et aux installations de la soci\u00e9t\u00e9 \u2039\u2039SWR  International \u203a\u203a \u00e0  Marela.<\/p>\n<div style=\"width: 352px;\" class=\"wp-video\"><video class=\"wp-video-shortcode\" id=\"video-16340-3\" width=\"352\" height=\"640\" preload=\"metadata\" controls=\"controls\"><source type=\"video\/mp4\" src=\"https:\/\/conakrynews.org\/wp-content\/uploads\/2022\/10\/VID-20221023-WA0013.mp4?_=3\" \/><a href=\"https:\/\/conakrynews.org\/wp-content\/uploads\/2022\/10\/VID-20221023-WA0013.mp4\">https:\/\/conakrynews.org\/wp-content\/uploads\/2022\/10\/VID-20221023-WA0013.mp4<\/a><\/video><\/div>\n<p>Nous y reviendrons&#8230;.<\/p>\n<div style=\"width: 352px;\" class=\"wp-video\"><video class=\"wp-video-shortcode\" id=\"video-16340-4\" width=\"352\" height=\"640\" preload=\"metadata\" controls=\"controls\"><source type=\"video\/mp4\" src=\"https:\/\/conakrynews.org\/wp-content\/uploads\/2022\/10\/VID-20221023-WA0012-2.mp4?_=4\" \/><a href=\"https:\/\/conakrynews.org\/wp-content\/uploads\/2022\/10\/VID-20221023-WA0012-2.mp4\">https:\/\/conakrynews.org\/wp-content\/uploads\/2022\/10\/VID-20221023-WA0012-2.mp4<\/a><\/video><\/div>\n<p>Sylla Ibrahima Kalil,pour www conakrynews 625444534<\/p>\n","protected":false},"excerpt":{"rendered":"<p>C&rsquo;est une information de derni\u00e8re minute.Selon une source fiable, les installations de la soci\u00e9t\u00e9 \u2039\u2039SWR International\u203a\u203a \u00e0 Marela dans la pr\u00e9fecture de Faranah, ont \u00e9t\u00e9 r\u00e9cemment vandalis\u00e9es par des personnes mal intentionn\u00e9es. Selon notre informateur, les services de s\u00e9curit\u00e9 et des forces de s\u00e9curit\u00e9 de la soci\u00e9t\u00e9 d\u00e9ploy\u00e9s sur les sites de la soci\u00e9t\u00e9 \u2039\u2039SWR [&hellip;]<\/p>\n","protected":false},"author":2,"featured_media":16343,"comment_status":"closed","ping_status":"closed","sticky":false,"template":"","format":"standard","meta":{"footnotes":""},"categories":[58],"tags":[],"class_list":{"0":"post-16340","1":"post","2":"type-post","3":"status-publish","4":"format-standard","5":"has-post-thumbnail","7":"category-societe"},"_links":{"self":[{"href":"https:\/\/conakrynews.org\/index.php\/wp-json\/wp\/v2\/posts\/16340","targetHints":{"allow":["GET"]}}],"collection":[{"href":"https:\/\/conakrynews.org\/index.php\/wp-json\/wp\/v2\/posts"}],"about":[{"href":"https:\/\/conakrynews.org\/index.php\/wp-json\/wp\/v2\/types\/post"}],"author":[{"embeddable":true,"href":"https:\/\/conakrynews.org\/index.php\/wp-json\/wp\/v2\/users\/2"}],"replies":[{"embeddable":true,"href":"https:\/\/conakrynews.org\/index.php\/wp-json\/wp\/v2\/comments?post=16340"}],"version-history":[{"count":0,"href":"https:\/\/conakrynews.org\/index.php\/wp-json\/wp\/v2\/posts\/16340\/revisions"}],"wp:featuredmedia":[{"embeddable":true,"href":"https:\/\/conakrynews.org\/index.php\/wp-json\/wp\/v2\/media\/16343"}],"wp:attachment":[{"href":"https:\/\/conakrynews.org\/index.php\/wp-json\/wp\/v2\/media?parent=16340"}],"wp:term":[{"taxonomy":"category","embeddable":true,"href":"https:\/\/conakrynews.org\/index.php\/wp-json\/wp\/v2\/categories?post=16340"},{"taxonomy":"post_tag","embeddable":true,"href":"https:\/\/conakrynews.org\/index.php\/wp-json\/wp\/v2\/tags?post=16340"}],"curies":[{"name":"wp","href":"https:\/\/api.w.org\/{rel}","templated":true}]}}