{"id":1645,"date":"2017-10-30T11:10:11","date_gmt":"2017-10-30T10:10:11","guid":{"rendered":"https:\/\/conakrynews.org\/?p=1645"},"modified":"2017-10-30T11:10:11","modified_gmt":"2017-10-30T10:10:11","slug":"necrologie-presse-guineenne-deuil-alseny-duplex-sylla-groupe-gangan-nest-plus","status":"publish","type":"post","link":"https:\/\/conakrynews.org\/index.php\/necrologie-presse-guineenne-deuil-alseny-duplex-sylla-groupe-gangan-nest-plus\/","title":{"rendered":"N\u00e9crologie :La presse guin\u00e9enne en deuil : Alseny Duplex Sylla du groupe Gangan n\u2019est plus"},"content":{"rendered":"<p>&nbsp;<\/p>\n<p><strong>N\u00e9crologie\u00a0: La presse guin\u00e9enne en deuil : Alseny Duplex Sylla du groupe Gangan n\u2019est plus<\/strong><\/p>\n<p>Le journaliste-animateur \u00e0 la radiot\u00e9l\u00e9vision\u00a0Gangan,Alseny\u00a0Duplex Sylla, a tir\u00e9 sa r\u00e9v\u00e9rence dans la nuit du\u00a0samedi\u00a0au dimanche 29 octobre 2017 aux environs de 4h du matin \u00e0 l\u2019h\u00f4pital\u00a0Sino-guin\u00e9en.<br \/>\nLongtemps alit\u00e9 \u00e0 l\u2019h\u00f4pital\u00a0sino-guin\u00e9en,\u00a0Alseny\u00a0Duplex Sylla souffrait de la tumeur au niveau du bras qui finit par l\u2019emport\u00e9.<br \/>\n\u00c0\u00a0cette douloureuse nouvelle, la r\u00e9daction du site <strong>Guineequotidien.com<\/strong> pr\u00e9sente ses condol\u00e9ances \u00e0 l\u2019ensemble de la presse guin\u00e9enne particuli\u00e8rement \u00e0 la famille du d\u00e9funt.<\/p>\n<p>Que l\u2019\u00e2me de notre cher confr\u00e8re,\u00a0Alseny\u00a0Duplex Sylla repose en paix. Amen<\/p>\n<p>Karifa Zoumanigui<\/p>\n<p><img loading=\"lazy\" decoding=\"async\" class=\"alignnone size-full wp-image-1646\" src=\"https:\/\/conakrynews.org\/wp-content\/uploads\/2017\/10\/alseny.jpg\" alt=\"\" width=\"300\" height=\"300\" srcset=\"https:\/\/conakrynews.org\/wp-content\/uploads\/2017\/10\/alseny.jpg 300w, https:\/\/conakrynews.org\/wp-content\/uploads\/2017\/10\/alseny-70x70.jpg 70w\" sizes=\"auto, (max-width: 300px) 100vw, 300px\" \/><\/p>\n","protected":false},"excerpt":{"rendered":"<p>&nbsp; N\u00e9crologie\u00a0: La presse guin\u00e9enne en deuil : Alseny Duplex Sylla du groupe Gangan n\u2019est plus Le journaliste-animateur \u00e0 la radiot\u00e9l\u00e9vision\u00a0Gangan,Alseny\u00a0Duplex Sylla, a tir\u00e9 sa r\u00e9v\u00e9rence dans la nuit du\u00a0samedi\u00a0au dimanche 29 octobre 2017 aux environs de 4h du matin \u00e0 l\u2019h\u00f4pital\u00a0Sino-guin\u00e9en. Longtemps alit\u00e9 \u00e0 l\u2019h\u00f4pital\u00a0sino-guin\u00e9en,\u00a0Alseny\u00a0Duplex Sylla souffrait de la tumeur au niveau du bras [&hellip;]<\/p>\n","protected":false},"author":2,"featured_media":1646,"comment_status":"open","ping_status":"open","sticky":false,"template":"","format":"image","meta":{"footnotes":""},"categories":[1],"tags":[],"class_list":{"0":"post-1645","1":"post","2":"type-post","3":"status-publish","4":"format-image","5":"has-post-thumbnail","7":"category-non-classe","8":"post_format-post-format-image"},"_links":{"self":[{"href":"https:\/\/conakrynews.org\/index.php\/wp-json\/wp\/v2\/posts\/1645","targetHints":{"allow":["GET"]}}],"collection":[{"href":"https:\/\/conakrynews.org\/index.php\/wp-json\/wp\/v2\/posts"}],"about":[{"href":"https:\/\/conakrynews.org\/index.php\/wp-json\/wp\/v2\/types\/post"}],"author":[{"embeddable":true,"href":"https:\/\/conakrynews.org\/index.php\/wp-json\/wp\/v2\/users\/2"}],"replies":[{"embeddable":true,"href":"https:\/\/conakrynews.org\/index.php\/wp-json\/wp\/v2\/comments?post=1645"}],"version-history":[{"count":0,"href":"https:\/\/conakrynews.org\/index.php\/wp-json\/wp\/v2\/posts\/1645\/revisions"}],"wp:featuredmedia":[{"embeddable":true,"href":"https:\/\/conakrynews.org\/index.php\/wp-json\/wp\/v2\/media\/1646"}],"wp:attachment":[{"href":"https:\/\/conakrynews.org\/index.php\/wp-json\/wp\/v2\/media?parent=1645"}],"wp:term":[{"taxonomy":"category","embeddable":true,"href":"https:\/\/conakrynews.org\/index.php\/wp-json\/wp\/v2\/categories?post=1645"},{"taxonomy":"post_tag","embeddable":true,"href":"https:\/\/conakrynews.org\/index.php\/wp-json\/wp\/v2\/tags?post=1645"}],"curies":[{"name":"wp","href":"https:\/\/api.w.org\/{rel}","templated":true}]}}