{"id":16466,"date":"2022-10-28T12:20:36","date_gmt":"2022-10-28T12:20:36","guid":{"rendered":"https:\/\/conakrynews.org\/?p=16466"},"modified":"2022-10-28T12:20:36","modified_gmt":"2022-10-28T12:20:36","slug":"conseil-des-ministres-le-president-de-la-transition-invite-ses-ministres-a-eviter-la-personnalisation-et-la-politisation-de-ladministration","status":"publish","type":"post","link":"https:\/\/conakrynews.org\/index.php\/conseil-des-ministres-le-president-de-la-transition-invite-ses-ministres-a-eviter-la-personnalisation-et-la-politisation-de-ladministration\/","title":{"rendered":"Conseil des ministres : le pr\u00e9sident de la transition invite ses ministres \u00e0 \u00e9viter la personnalisation et la politisation de l\u2019Administration"},"content":{"rendered":"<p>La Session Ordinaire du Conseil des Ministres s\u2019est tenue ce jeudi 27 octobre 2022 de 10H \u00e0 12H, sous la Haute Autorit\u00e9 de son Excellence Monsieur le Pr\u00e9sident du CNRD, Pr\u00e9sident de la Transition, Chef de l\u2019Etat, Chef Supr\u00eame des Arm\u00e9es, le Colonel Mamadi DOUMBOUYA.<\/p>\n<p>Les points suivants \u00e9taient inscrits \u00e0 l\u2019ordre du jour :<\/p>\n<p>MESSAGE DE SON EXCELLENCE MONSIEUR LE PRESIDENT DE LA TRANSITION<br \/>\nCOMPTE-RENDU DE LA SESSION ORDINAIRE DU CONSEIL INTERMINISTERIEL DU MARDI 25 OCTOBRE 2022<br \/>\nDECISIONS DU CONSEIL DES MINISTRES<br \/>\nDIVERS<\/p>\n<p>MESSAGE DE SON EXCELLENCE MONSIEUR LE PRESIDENT DE LA TRANSITION<br \/>\nLe message de Son Excellence Monsieur le Pr\u00e9sident du CNRD, Pr\u00e9sident de la Transition, Chef de l\u2019Etat, Chef Supr\u00eame des Arm\u00e9es, le Colonel Mamadi DOUMBOUYA, a principalement port\u00e9 sur la demande d\u2019ad\u00e9quation entre les priorit\u00e9s pr\u00e9sidentielles \u00e0 travers les projets d\u2019importance nationale et la lettre de cadrage et orientation budg\u00e9taire de la Loi des finances 2023.<\/p>\n<p>Au Premier Ministre, au Ministre du Budget et au Ministre des Finances et du Plan, le Pr\u00e9sident a instruit d\u2019affiner la Strat\u00e9gie et le Chiffrage du plan de Relance de notre \u00c9conomie en cette p\u00e9riode de Transition<\/p>\n<p>Le Pr\u00e9sident a instruit le Ministre du Budget, de prendre toutes les dispositions pour le cadrage budg\u00e9taire de la loi de finances initiale 2023 pour le Recensement G\u00e9n\u00e9ral de la Population.<\/p>\n<p>Aussi, il a exhort\u00e9 les membres du Gouvernement \u00e0 mieux s\u2019impr\u00e9gner, du contenu des r\u00e8gles r\u00e9gissant la passation des march\u00e9s publics et ce, dans la ligne des principes de refondation de l\u2019Etat et de rectification institutionnelle.<\/p>\n<p>Enfin, il a invit\u00e9 les membres du Gouvernement \u00e0 \u00e9viter les erreurs du pass\u00e9 qui consistaient notamment en la personnalisation et la politisation de l\u2019Administration.<\/p>\n<p>COMPTE RENDU DU CONSEIL INTERMINISTERIEL<br \/>\nLe Premier Ministre, Chef du Gouvernement, le docteur Bernard GOUMOU a, au nom du Pr\u00e9sident de la Transition et au nom de l\u2019\u00e9quipe gouvernementale, pr\u00e9sent\u00e9 ses condol\u00e9ances les plus attrist\u00e9es aux ministres Secr\u00e9taire G\u00e9n\u00e9ral du Gouvernement et \u00e0 celui de la Culture pour la perte de leurs proches.<br \/>\nEnsuite, le message du Premier Ministre a port\u00e9 sur quatre points :<\/p>\n<p>Tout d\u2019abord, le Chef du Gouvernement a f\u00e9licit\u00e9 les Ministres pour leurs actions agricoles men\u00e9es en \u00e9troite application des instructions de Son Excellence Monsieur le Pr\u00e9sident de la Transition, qui consistaient \u00e0 cultiver 50 hectares chacun, en vue de renforcer la s\u00e9curit\u00e9 alimentaire dans notre pays.<br \/>\nLe Chef du Gouvernement a trouv\u00e9 n\u00e9cessaire de traduire cet esprit, en strat\u00e9gie dynamique, pour soutenir la production locale. Avec l\u2019appui du FODA, cette initiative pourrait \u00eatre \u00e9largie au niveau des hauts fonctionnaires, a-t-il indiqu\u00e9. Aussi, le Premier Ministre a invit\u00e9 le ministre de l\u2019Agriculture et de l\u2019\u00c9levage \u00e0 r\u00e9fl\u00e9chir sur un m\u00e9canisme de production, dont l\u2019effet serait d\u2019attirer les villes vers les campagnes.<br \/>\nEnsuite, le Chef du Gouvernement a constat\u00e9, la r\u00e9surgence de l\u2019ins\u00e9curit\u00e9 dans les villes de l\u2019Int\u00e9rieur du pays, et tr\u00e8s fortement dans le grand Conakry. A travers des remont\u00e9es d\u2019information du minist\u00e8re de la S\u00e9curit\u00e9, il a \u00e9t\u00e9 rapport\u00e9, il y a quelques jours, qu\u2019un vigile aurait \u00e9t\u00e9 retrouv\u00e9 ligot\u00e9 et tu\u00e9 dans la commune de Matoto. Deux autres attaques \u00e0 main arm\u00e9e ont \u00e9galement \u00e9t\u00e9 signal\u00e9es dans la m\u00eame commune, o\u00f9 un jeune \u00e9tudiant en licence aurait \u00e9t\u00e9 fauch\u00e9 \u00e0 Sangoyah. Le 21 octobre dernier, une boutique de vente de produits cosm\u00e9tiques et de changes de monnaie avait aussi \u00e9t\u00e9 cambriol\u00e9e par des inconnus dans un grand march\u00e9 de la capitale. Une autre boutique aurait \u00e9t\u00e9 \u00e9galement vid\u00e9e de son contenu par des hommes arm\u00e9s \u00e0 Kindia.<br \/>\nSur la question des violences faites aux femmes, le Premier Ministre a fait un constat amer sur l\u2019intensification des cas de viols. D\u2019apr\u00e8s les donn\u00e9es de la m\u00e9decine l\u00e9gale, 12 cas de viol seraient enregistr\u00e9s en moyenne par jour.<br \/>\nDans la perspective de rassurer et de mettre en confiance nos concitoyens, le Chef du Gouvernement a invit\u00e9 les Ministres en charge de la S\u00e9curit\u00e9 et de la Protection Civile, de la D\u00e9fense et de l\u2019Administration du Territoire, \u00e0 travailler d\u2019urgence et en synergie, sur un plan renforc\u00e9 de lutte contre le banditisme et le crime organis\u00e9, car, dira-t-il, il ne doit pas y avoir de tol\u00e9rance pour les hors-la-loi.<br \/>\nAussi, il a exhort\u00e9 les Ministres en charge de la S\u00e9curit\u00e9 et des t\u00e9l\u00e9communications, de rendre op\u00e9rationnel les num\u00e9ros verts, afin de faciliter l\u2019acc\u00e8s rapide aux services de s\u00e9curit\u00e9 et de la d\u00e9fense dans les zones signal\u00e9es en cas d\u2019urgence.<br \/>\nRelativement \u00e0 la situation des banques, le Premier Ministre a inform\u00e9 que leurs responsables se plaignent de plus en plus d\u2019\u00eatre sous pression et de fortes menaces venant des Agents de s\u00e9curit\u00e9 et de contr\u00f4le. D\u2019o\u00f9 l\u2019obligation du Gouvernement de les rassurer pour \u00e9viter de d\u00e9t\u00e9riorer le climat des affaires dans le pays. A cet effet, le Chef de Gouvernement a invit\u00e9 le Gouverneur de la Banque Centrale \u00e0 organiser une r\u00e9union afin d\u2019harmoniser les positions.<br \/>\nPour terminer, le Premier Ministre a rappel\u00e9 que le Pr\u00e9sident de la Transition a pris un d\u00e9cret le vendredi soir, portant mise en place du Comit\u00e9 Technique de suivi des recommandations des assises nationales. Il a donc instruit son cabinet, de pr\u00e9parer des projets de correspondances \u00e0 l\u2019intention des parties prenantes pour la d\u00e9signation de leurs repr\u00e9sentants dans ledit Comit\u00e9.<br \/>\nLes travaux de ce Comit\u00e9 seront men\u00e9s concomitamment avec le cadre de dialogue inclusif auquel il souhaite, la participation de tous les acteurs concern\u00e9s, a-t-il inform\u00e9.<br \/>\nA titre d\u2019information, sur l\u2019\u00e9volution des travaux des facilitatrices, le Chef du Gouvernement a pr\u00e9cis\u00e9 qu\u2019\u00e0 ce jour, 30 des 34 entit\u00e9s sociopolitiques du pays ont \u00e9t\u00e9 rencontr\u00e9es. De ce fait, le Premier Ministre a fait part au Conseil de son intention d\u2019entamer une tourn\u00e9e dans les quartiers g\u00e9n\u00e9raux des Alliances et coalitions des partis politiques et organisations de la soci\u00e9t\u00e9 civile. Pour lui, cette d\u00e9marche s\u2019inscrit en droite ligne de la politique du Pr\u00e9sident de la Transition.<\/p>\n<p>AU TITRE DES COMMUNICATIONS<\/p>\n<p>Le Ministre du Travail et de la Fonction Publique a pr\u00e9sent\u00e9 une communication relative \u00e0 l\u2019organisation d\u2019une fili\u00e8re de Certification en Administration Publique pour 60 jeunes cadres guin\u00e9ens.<br \/>\nDans le cadre de la refondation de l\u2019Etat, le Ministre a rappel\u00e9 la n\u00e9cessit\u00e9 d\u2019instaurer une administration publique performante, capable de porter le d\u00e9fi de la reconstruction du pays dans tous les secteurs d\u2019activit\u00e9s.<br \/>\nLe ministre des Infrastructures et des Transports a, quant \u00e0 lui, pr\u00e9sent\u00e9 une communication relative au Contrat Commercial des travaux de r\u00e9habilitation de la route nationale Coyah-Mamou-Dabola.<br \/>\nLe Ministre a rappel\u00e9 que, dans le cadre du suivi de l\u2019\u00e9tat d\u2019avancement des travaux de r\u00e9habilitation de cette route, y compris l\u2019analyse des d\u00e9gradations pr\u00e9matur\u00e9es observ\u00e9es sur la chauss\u00e9e, des r\u00e9unions de concertation ont eu lieu les 10 et 12 octobre 2022 au Minist\u00e8re des Infrastructures et des Transports.<br \/>\nSur les d\u00e9gradations, le Ministre a fait savoir qu\u2019une mission de contr\u00f4le s\u2019est rendue sur le terrain. A la suite, le chef de cette mission, a fait un expos\u00e9 sur les d\u00e9gradations pr\u00e9matur\u00e9es relev\u00e9es sur la chauss\u00e9e depuis janvier 2022, principalement sur les tron\u00e7ons en pente r\u00e9alis\u00e9s courant mai et juin 2021 (soit sur 14 Km).<br \/>\nEnfin le ministre de l\u2019Economie, des Finances et du Plan a pr\u00e9sent\u00e9 une communication relative \u00e0 l\u2019adh\u00e9sion de la R\u00e9publique de Guin\u00e9e au Fonds de Solidarit\u00e9 Africaine (FSA).<br \/>\nLe FSA est une Institution financi\u00e8re multilat\u00e9rale qui a pour mission de contribuer au d\u00e9veloppement \u00e9conomique et au progr\u00e8s social de ses Etats membres .Il facilite \u00e0 travers ses diff\u00e9rentes techniques d\u2019intervention, l\u2019acc\u00e8s aux ressources financi\u00e8res n\u00e9cessaires \u00e0 la r\u00e9alisation des projets d\u2019investissements et des autres activit\u00e9s g\u00e9n\u00e9ratrices de revenus. Ainsi, le Ministre a d\u00e9montr\u00e9 la n\u00e9cessit\u00e9 pour notre pays d\u2019adh\u00e9rer \u00e0 cette importante structure.<\/p>\n<p>DECISIONS Minist\u00e8re du Travail et de la Fonction Publique<br \/>\nLe Conseil a d\u00e9cid\u00e9 de l\u2019organisation d\u2019une fili\u00e8re de certification en Administration Publique assortie des dispositions suivantes :<\/p>\n<p>Adapter le syst\u00e8me Administratif Guin\u00e9en en s\u2019inspirant d\u2019autres syst\u00e8mes de la sous-r\u00e9gion ;<br \/>\nApprofondir la r\u00e9flexion selon un programme d\u00e9taill\u00e9 tout en associant les D\u00e9partements Minist\u00e9riels ;<br \/>\nRenforcer les crit\u00e8res de s\u00e9lection des candidats ;<br \/>\nRecenser les besoins en termes de postes de responsabilit\u00e9s, proportionnellement aux cadres devant \u00eatre form\u00e9s pour faciliter leurs affectations en fin de formation.<br \/>\nMinist\u00e8re des Infrastructures et des Transports<br \/>\nCommunication relative au Contrat Commercial EPC N\u00b02017\/101\/1\/2\/1\/2 \/2\/014 des travaux de r\u00e9habilitation de la route nationale Coyah-Mamou-Dabola.<br \/>\nLe Conseil a d\u00e9cid\u00e9 :<\/p>\n<p>De contacter l\u2019Ambassade de Chine \u00e0 travers le Minist\u00e8re des Affaires<br \/>\nEtrang\u00e8res pour trouver une solution pour la livraison d\u2019une route ob\u00e9issant aux normes internationales ;<br \/>\nD\u2019impliquer l\u2019Entreprise co-contractante dans les n\u00e9gociations ;<br \/>\nDe mettre \u00e0 la disposition de l\u2019ACGP les aspects techniques ;<br \/>\nDe prendre toutes les dispositions juridiques et financi\u00e8res n\u00e9cessaires, pour renforcer la structure de la chauss\u00e9e avec une communication pour \u00e9clairer la lanterne de la population sur la nature du contrat sign\u00e9 par le gouvernement pr\u00e9c\u00e9dent.<br \/>\nMinist\u00e8re de l\u2019Economie, des Finances et du Plan Communication relative \u00e0 l\u2019Adh\u00e9sion de la Guin\u00e9e au Fonds de Solidarit\u00e9 Africaine (FSA).<\/p>\n<p>Le Conseil a d\u00e9cid\u00e9 d\u2019apporter son soutien ind\u00e9fectible \u00e0 l\u2019Adh\u00e9sion de la R\u00e9publique de Guin\u00e9e au Fonds de Solidarit\u00e9 Africaine (FSA).<\/p>\n<p>DIVERS.<br \/>\nLe ministre des Affaires Etrang\u00e8res, de la Coop\u00e9ration Internationale et des Guin\u00e9ens de l\u2019Etranger, a inform\u00e9 le Conseil que le Gouvernement Ethiopien organisera du 04 au 06 Novembre 2022, le forum sur le Leadership Africain, au cours duquel il compte d\u00e9cerner le prix du panafricanisme \u00e0 feu Mr le Pr\u00e9sident Ahmed S\u00e9kou Tour\u00e9. Ce forum sollicite la pr\u00e9sence du Gouvernement Guin\u00e9en et celle de la famille du feu Pr\u00e9sident r\u00e9cipiendaire.<br \/>\nMadame la Ministre de l\u2019Environnement et du D\u00e9veloppement Durable a fait un compte rendu succinct de sa mission de travail \u00e0 Niamey \u00e0 l\u2019occasion de la 4\u00e8me r\u00e9union du Sahel.<br \/>\nLe ministre de l\u2019Energie, de l\u2019Hydraulique et des Hydrocarbures a fait part de sa r\u00e9cente mission au Caire au Salon International de l\u2019Eau, sur invitation de son homologue, en pr\u00e9lude \u00e0 la COP 27.<br \/>\nLe ministre de l\u2019Habitat et de l\u2019Am\u00e9nagement du Territoire, a inform\u00e9 le<br \/>\nConseil de la remise des cl\u00e9s des logements construits \u00e0 la Cit\u00e9 Douane par la Soci\u00e9t\u00e9 ADOHA.<br \/>\nMadame la Ministre de la Promotion F\u00e9minine, de l\u2019Enfance et des Personnes Vuln\u00e9rables a fait part de la c\u00e9l\u00e9bration prochaine de l\u2019An 50 du Centre National de l\u2019Orthop\u00e9die sous la pr\u00e9sidence d\u2019honneur du Premier Ministre, Chef du Gouvernement et \u00e0 cette occasion d\u2019importants dons seront octroy\u00e9s aux handicap\u00e9s.<br \/>\nMadame la Ministre de l\u2019Information et de la Communication a inform\u00e9 le Conseil de la retransmission en direct des phases finales de la prochaine Coupe du Monde dont le coup d\u2019envoi se fera le 19 novembre 2022 au Quatar.<br \/>\nLe Ministre du Travail et de la Fonction Publique a inform\u00e9 le Conseil des bonnes dispositions prises en faveur des personnes \u00e2g\u00e9es devant percevoir mensuellement leurs pensions revaloris\u00e9es.<br \/>\nDans le but de pr\u00e9venir et de lutter contre l\u2019ind\u00e9licatesse des fonctionnaires de police, le Ministre de la S\u00e9curit\u00e9 et de la Protection Civile, a inform\u00e9 de la cr\u00e9ation d\u2019un Conseil de Discipline, dont les conseillers seront prochainement install\u00e9s sous la pr\u00e9sidence d\u2019honneur du Premier Ministre, Chef du Gouvernement.<br \/>\nMadame la Ministre de la P\u00eache et de l\u2019\u00c9conomie Maritime, a port\u00e9 \u00e0 l\u2019attention du Conseil de sa participation \u00e0 la 68e Conf\u00e9rence de la Commission Baleini\u00e8re Internationale (CBI), qui s\u2019est tenue \u00e0 Portoroz en Slov\u00e9nie du 18 au 22 octobre 2022, pour soutenir la candidature de la Guin\u00e9e \u00e0 la Pr\u00e9sidence de ladite Commission.<br \/>\nConform\u00e9ment aux valeurs du CNRD, portant notamment sur le<br \/>\nRepositionnement de la Guin\u00e9e sur la Sc\u00e8ne Internationale, le Commissaire Guin\u00e9en Amadou Telivel Diallo, a \u00e9t\u00e9 \u00e9lu \u00e0 la t\u00eate de la CBI pour la p\u00e9riode 2023-2025, faisant de lui, le Premier Africain \u00e0 occuper cette importante fonction.<br \/>\nPar ailleurs, en marge de cette session, Madame la Ministre a eu un entretien fructueux avec son homologue de la R\u00e9publique de Slov\u00e9nie sur les axes de coop\u00e9ration future entre les deux pays.<br \/>\nDans la m\u00eame dynamique, elle a \u00e9galement rencontr\u00e9 le Secr\u00e9taire Ex\u00e9cutif de la Conf\u00e9rence Minist\u00e9rielle sur la Coop\u00e9ration Halieutique entre les \u00c9tats Africains<br \/>\nRiverains de l\u2019Oc\u00e9an Atlantique (COMAHFAT) ; organisation au sein de laquelle notre pays entend occuper d\u00e9sormais la Pr\u00e9sidence, au regard de son \u00e9norme potentiel halieutique et, des dispositions pertinentes qui r\u00e9gissent ladite commission.<\/p>\n<p>Monsieur le Ministre de l\u2019Economie des Finances et du Plan, \u00e0 la t\u00eate d\u2019une importante d\u00e9l\u00e9gation, a fait le compte rendu de sa mission de travail aux Etats-Unis, mission au cours de laquelle il a eu plusieurs contacts notamment avec le monde de la finance internationale.<br \/>\nIl a inform\u00e9 le Conseil de la nomination en qualit\u00e9 d\u2019Administrateur du Fonds Mon\u00e9taire International (FMI) de notre compatriote Monsieur Facinet Sylla.<br \/>\nLe Ministre de l\u2019Enseignement Technique et de la Formation Professionnelle a fait \u00e0 son tour, un compte rendu succinct de sa mission \u00e0 Londres.<br \/>\nEnfin le Ministre de la Sant\u00e9, a inform\u00e9 le Conseil du rappel \u00e0 Dieu d\u2019une des sommit\u00e9s du monde m\u00e9dical guin\u00e9en, ancien doyen de facult\u00e9, ancien Ministre et ancien fonctionnaire international, le professeur Mamadou Path\u00e9 Diallo.<br \/>\nConakry le 27 octobre 2022<\/p>\n<p>Le Conseil des Ministres<\/p>\n","protected":false},"excerpt":{"rendered":"<p>La Session Ordinaire du Conseil des Ministres s\u2019est tenue ce jeudi 27 octobre 2022 de 10H \u00e0 12H, sous la Haute Autorit\u00e9 de son Excellence Monsieur le Pr\u00e9sident du CNRD, Pr\u00e9sident de la Transition, Chef de l\u2019Etat, Chef Supr\u00eame des Arm\u00e9es, le Colonel Mamadi DOUMBOUYA. Les points suivants \u00e9taient inscrits \u00e0 l\u2019ordre du jour : [&hellip;]<\/p>\n","protected":false},"author":2,"featured_media":16467,"comment_status":"closed","ping_status":"closed","sticky":false,"template":"","format":"standard","meta":{"footnotes":""},"categories":[57],"tags":[],"class_list":{"0":"post-16466","1":"post","2":"type-post","3":"status-publish","4":"format-standard","5":"has-post-thumbnail","7":"category-politique"},"_links":{"self":[{"href":"https:\/\/conakrynews.org\/index.php\/wp-json\/wp\/v2\/posts\/16466","targetHints":{"allow":["GET"]}}],"collection":[{"href":"https:\/\/conakrynews.org\/index.php\/wp-json\/wp\/v2\/posts"}],"about":[{"href":"https:\/\/conakrynews.org\/index.php\/wp-json\/wp\/v2\/types\/post"}],"author":[{"embeddable":true,"href":"https:\/\/conakrynews.org\/index.php\/wp-json\/wp\/v2\/users\/2"}],"replies":[{"embeddable":true,"href":"https:\/\/conakrynews.org\/index.php\/wp-json\/wp\/v2\/comments?post=16466"}],"version-history":[{"count":0,"href":"https:\/\/conakrynews.org\/index.php\/wp-json\/wp\/v2\/posts\/16466\/revisions"}],"wp:featuredmedia":[{"embeddable":true,"href":"https:\/\/conakrynews.org\/index.php\/wp-json\/wp\/v2\/media\/16467"}],"wp:attachment":[{"href":"https:\/\/conakrynews.org\/index.php\/wp-json\/wp\/v2\/media?parent=16466"}],"wp:term":[{"taxonomy":"category","embeddable":true,"href":"https:\/\/conakrynews.org\/index.php\/wp-json\/wp\/v2\/categories?post=16466"},{"taxonomy":"post_tag","embeddable":true,"href":"https:\/\/conakrynews.org\/index.php\/wp-json\/wp\/v2\/tags?post=16466"}],"curies":[{"name":"wp","href":"https:\/\/api.w.org\/{rel}","templated":true}]}}