{"id":1656,"date":"2017-11-03T19:41:14","date_gmt":"2017-11-03T18:41:14","guid":{"rendered":"https:\/\/conakrynews.org\/?p=1656"},"modified":"2017-11-03T19:41:14","modified_gmt":"2017-11-03T18:41:14","slug":"developpement-communautaire-coordination-de-laddef-guinee-madame-binty-saccoh-dresse-bilan-dactivite-2017","status":"publish","type":"post","link":"https:\/\/conakrynews.org\/index.php\/developpement-communautaire-coordination-de-laddef-guinee-madame-binty-saccoh-dresse-bilan-dactivite-2017\/","title":{"rendered":"DEVELOPPEMENT COMMUNAUTAIRE : LA COORDINATION DE L\u2019ADDEF GUINEE, MADAME BINTY SACCOH DRESSE SON BILAN D\u2019ACTIVITE 2017."},"content":{"rendered":"<p><strong><em>Au cours d\u2019un entretien accord\u00e9 par la coordination de l\u2019Association pour la\u00a0\u00a0d\u00e9fense des droits de l\u2019enfant et de la femme en Guin\u00e9e (l\u2019ADDEF-GUINEE), Mme Binty Saccoh a dress\u00e9 son bilan d\u2019activit\u00e9 annuelle 2017 dans son si\u00e8ge sis \u00e0 c\u00f4t\u00e9 de la maison des jeunes de Man\u00e9ah. C\u2019\u00e9tait le lundi, 23 octobre 2017.<\/em><\/strong><\/p>\n<p>&nbsp;<\/p>\n<p>En tant que femme cadre de r\u00e9f\u00e9rence qui se bats pour l\u2019\u00e9mancipation des femmes et droits pour tous et le d\u00e9veloppement de Coyah, elle parle de ses ambitions et les perspectives. Selon elle, malgr\u00e9 quelques difficult\u00e9s rencontr\u00e9es par son \u00e9quipe, les r\u00e9sultats sont positifs. Au cours de l\u2019ann\u00e9e 2017, de Man\u00e9ah, Friguiady, Sanoyah, Wonkifong et Kouria, dans la pr\u00e9fecture de Coyah, treize (13) cas de conflits ont \u00e9t\u00e9 g\u00e9r\u00e9s dont 10 cas de violences faites aux femmes et (2) cas de mineurs en conflit avec la loi, et un cas d\u2019abandon d\u2019enfant. Parlant de ses perspectives au cours de l\u2019exercice 2017-2018 l\u2019ADDEF- GUINEE propose de r\u00e9aliser un projet de construction d\u2019une \u00e9cole publique, d\u2019un b\u00e2timent de 3 chambres \u00e9quip\u00e9es d\u2019une direction, un bloc de latrine avec 4 cabines et un puits am\u00e9lior\u00e9 \u00e0 Malassy dans la sous-pr\u00e9fecture de Wonkifong.<\/p>\n<p>Elle a aussi soulign\u00e9 les difficult\u00e9s majeures que rencontre son \u00e9quipe. Il s\u2019agit de\u00a0\u00a0manque de partenaire pour l\u2019assistance mat\u00e9rielle et financi\u00e8re, le manque de collaboration des parents des enfants avec l\u2019ADDEF-GUINEE et la direction de l\u2019\u00e9cole.<\/p>\n<p>Au terme de notre entretien, elle a lanc\u00e9 un appel particulier et un SOS \u00e0 l\u2019endroit de la population, des Institutions ainsi que les autorit\u00e9s guin\u00e9ennes pour que le vide soit combl\u00e9.<\/p>\n<p>Il est \u00e0 noter que cette structure travail en droite ligne avec les autorit\u00e9s sous pr\u00e9fectorales et la Gendarmerie de ladite localit\u00e9, surtout pendant la sensibilisation de\u00a0la population sur la violence faite aux femmes, le respect de l\u2019hygi\u00e8ne alimentaire et corporelle et l\u2019identification des besoins prioritaires li\u00e9s \u00e0 l\u2019enfant et sa famille. Toutes ses activit\u00e9s se font dan en collaboration avec la Gendarmerie sous pr\u00e9fectorale, qui g\u00e8re les probl\u00e8mes li\u00e9s \u00e0 l\u2019enl\u00e8vement et l\u2019abandon d\u2019enfant, de mariage pr\u00e9coce, conflits conjugal entre mari et femme, d\u00e9tention ill\u00e9gale, des abus d\u2019autorit\u00e9s et la violence faite aux femmes.<\/p>\n<p>La r\u00e9daction<\/p>\n<figure id=\"attachment_1657\" aria-describedby=\"caption-attachment-1657\" style=\"width: 500px\" class=\"wp-caption alignnone\"><img loading=\"lazy\" decoding=\"async\" class=\"size-medium wp-image-1657\" src=\"https:\/\/conakrynews.org\/wp-content\/uploads\/2017\/11\/GEDC0138-1-500x375.jpg\" alt=\"\" width=\"500\" height=\"375\" srcset=\"https:\/\/conakrynews.org\/wp-content\/uploads\/2017\/11\/GEDC0138-1-500x375.jpg 500w, https:\/\/conakrynews.org\/wp-content\/uploads\/2017\/11\/GEDC0138-1-768x576.jpg 768w\" sizes=\"auto, (max-width: 500px) 100vw, 500px\" \/><figcaption id=\"caption-attachment-1657\" class=\"wp-caption-text\">GE DIGITAL CAMERA<\/figcaption><\/figure>\n","protected":false},"excerpt":{"rendered":"<p>Au cours d\u2019un entretien accord\u00e9 par la coordination de l\u2019Association pour la\u00a0\u00a0d\u00e9fense des droits de l\u2019enfant et de la femme en Guin\u00e9e (l\u2019ADDEF-GUINEE), Mme Binty Saccoh a dress\u00e9 son bilan d\u2019activit\u00e9 annuelle 2017 dans son si\u00e8ge sis \u00e0 c\u00f4t\u00e9 de la maison des jeunes de Man\u00e9ah. C\u2019\u00e9tait le lundi, 23 octobre 2017. &nbsp; En tant [&hellip;]<\/p>\n","protected":false},"author":2,"featured_media":1657,"comment_status":"open","ping_status":"open","sticky":false,"template":"","format":"image","meta":{"footnotes":""},"categories":[58],"tags":[],"class_list":{"0":"post-1656","1":"post","2":"type-post","3":"status-publish","4":"format-image","5":"has-post-thumbnail","7":"category-societe","8":"post_format-post-format-image"},"_links":{"self":[{"href":"https:\/\/conakrynews.org\/index.php\/wp-json\/wp\/v2\/posts\/1656","targetHints":{"allow":["GET"]}}],"collection":[{"href":"https:\/\/conakrynews.org\/index.php\/wp-json\/wp\/v2\/posts"}],"about":[{"href":"https:\/\/conakrynews.org\/index.php\/wp-json\/wp\/v2\/types\/post"}],"author":[{"embeddable":true,"href":"https:\/\/conakrynews.org\/index.php\/wp-json\/wp\/v2\/users\/2"}],"replies":[{"embeddable":true,"href":"https:\/\/conakrynews.org\/index.php\/wp-json\/wp\/v2\/comments?post=1656"}],"version-history":[{"count":0,"href":"https:\/\/conakrynews.org\/index.php\/wp-json\/wp\/v2\/posts\/1656\/revisions"}],"wp:featuredmedia":[{"embeddable":true,"href":"https:\/\/conakrynews.org\/index.php\/wp-json\/wp\/v2\/media\/1657"}],"wp:attachment":[{"href":"https:\/\/conakrynews.org\/index.php\/wp-json\/wp\/v2\/media?parent=1656"}],"wp:term":[{"taxonomy":"category","embeddable":true,"href":"https:\/\/conakrynews.org\/index.php\/wp-json\/wp\/v2\/categories?post=1656"},{"taxonomy":"post_tag","embeddable":true,"href":"https:\/\/conakrynews.org\/index.php\/wp-json\/wp\/v2\/tags?post=1656"}],"curies":[{"name":"wp","href":"https:\/\/api.w.org\/{rel}","templated":true}]}}