{"id":16587,"date":"2022-11-03T08:39:59","date_gmt":"2022-11-03T08:39:59","guid":{"rendered":"https:\/\/conakrynews.org\/?p=16587"},"modified":"2022-11-03T08:39:59","modified_gmt":"2022-11-03T08:39:59","slug":"aguipex-les-travaux-du-congres-national-pour-la-mise-en-place-de-linterprofession-de-la-filiere-cafe-cacao-lances","status":"publish","type":"post","link":"https:\/\/conakrynews.org\/index.php\/aguipex-les-travaux-du-congres-national-pour-la-mise-en-place-de-linterprofession-de-la-filiere-cafe-cacao-lances\/","title":{"rendered":"AGUIPEX: les travaux du congr\u00e8s national pour la mise en place de l\u2019interprofession de la fili\u00e8re CAF\u00c9-CACAO lanc\u00e9s"},"content":{"rendered":"<p>L\u2019agence guin\u00e9enne de la promotion des exportations (AGUIPEX), a lanc\u00e9 ce mercredi 02 novembre 2022, dans un r\u00e9ceptif h\u00f4telier les travaux du Congr\u00e8s National pour la mise en place de l\u2019interprofession de la fili\u00e8re CAF\u00c9-CACAO. Pendant deux jours, les cadres du minist\u00e8re du commerce, des associations, des sp\u00e9cialistes et des partenaires intervenant dans le secteur, vont travailler pour le renouvellement de l\u2019ancien bureau ex\u00e9cutif.<\/p>\n<p>En pr\u00e9sence du Conseiller principal du premier ministre, Dr Bernard Goumou, le chef de Cabinet du Minist\u00e8re du commerce, le Directeur G\u00e9n\u00e9ral de l\u2019AGUIPEX et plusieurs autres invit\u00e9s ont pris part \u00e0 la c\u00e9r\u00e9monie de lancement des travaux.<\/p>\n<p>Dans son discours d\u2019ouverture, le Directeur G\u00e9n\u00e9ral de l\u2019AGUIPEX, s\u2019est f\u00e9licit\u00e9 de l\u2019organisation de ce congr\u00e8s par sa direction, avant de remercier les nouvelles autorit\u00e9s de la transition pour leur accompagnement.<\/p>\n<p>\u2019\u2019 Les guin\u00e9ens  doivent  \u00eatre les acteurs  de cette  transformation. Au niveau de l\u2019agence guin\u00e9enne de promotion des exportations, les notions de transformation,  de responsabilit\u00e9 et de bienveollance, sont au coeur  de l\u2019ambition de l\u2019aguipex . Car, les trois mots, expriment notre volont\u00e9,  notre attachement \u00e0  la qualit\u00e9  de nos produits d\u2019une  part, et au r\u00e9ponse formul\u00e9 pour chaque maillon de la chaine de valeur d\u2019autre part. Pour op\u00e9rer  cette transformation, il est primordiale qu\u2019une organisation puisse  porter cette flambeau. C\u2019est aussi  le sens de notre assise d\u2019aujourd\u2019hui, faire en sorte qu\u2019une interprofession  le CAF\u00c9-CACAO reste structurer avec les objectifs quantifiables soient mises en place. Je vous remerci et en ficite pour votre pr\u00e9sence . Chaque ann\u00e9e,  en collaboration avec la direction nationale du commerce int\u00e9rieur  et ext\u00e9rieur,  nous organisons la campagne de commerciailisation du CAF\u00c9-CACAO. L\u2019ann\u00e9e  derni\u00e8re, notre belle  ville  de Lab\u00e9  nous a re\u00e7u,  pour la c\u00e9l\u00e9bration  de la messe du CAF\u00c9-CACAO.  Du 27 au 28 d\u00e9cembre 2021, plusieurs recommandations ont \u00e9t\u00e9  notifi\u00e9es  \u00e0 savoir, restructurer le bureau  national de la fili\u00e8re  CAF\u00c9-CACAO, oeuvrer pour la mise en place de coop\u00e9ratives commerciales, effectuer le recesement des acteurs, pour la fixation des prix sur le terrain , amenager le centre mat\u00e9riel de Macenta.  Depuis mars  2022, l\u2019aguipex ne cesse d\u2019accompagner des acteurs  de differents acteurs de fili\u00e8re  \u00e0  la base. C\u2019est dans cette optique que, les cadres de l\u2019agence ont sillonn\u00e9 les deux regions de productions de CAF\u00c9-CACAO,  la region du fouta et de la for\u00eat, pour l\u2019installation des bureaux de r\u00e9gions. C\u2019est en se rapprochant  ses r\u00e9gions que,  nous pouvons apporter notre contribution \u00e0  la fili\u00e8re.\u2019\u2019, a-t-il fait savoir le directeur g\u00e9n\u00e9ral de l\u2019AGUIPEX, Mamoudou Mara.<\/p>\n<p>Avant d\u2019ajouter:  \u2019\u2019pour  investir dans le secteur de caf\u00e9,  c\u2019est de participer \u00e0 la lutte  significative de la pauvret\u00e9,  lutter contre le  ch\u00f4mage,  tout en accompagnant les femmes  et les jeunes \u00e0  b\u00e9n\u00e9ficier des activit\u00e9s  g\u00e9n\u00e9ratrices de revenues. Ainsi, ajoute-t-il,  restructurer interprifesssion de cexsecteur, permet d\u2019identifier, de corriger les difficult\u00e9s  de chaque chaine de valeur,  de valoriser l\u2019image de nos produits, de proteger les appellations d\u2019origine et des indications g\u00e9ographiques, de favoriser la recherche et le d\u00e9veloppement.  En effet, l\u2019interprofession contribue  fortement pour un d\u00e9veloppement harmonieux des acteurs  de la fili\u00e8re,  tout en gardant comme objectif final, l\u2019int\u00e9r\u00eat  de la fili\u00e8re. C\u2019est pourquoi, promet le DG,  l\u2019aguipex \u00e0 traves l\u2019appui de ses partenaires fera en sorte que,  les produits guin\u00e9ens soient plus visibles en Guin\u00e9e  et \u00e0  l\u2019international. Tout de m\u00eame,  le directeur g\u00e9n\u00e9ral de l\u2019aguipex a r\u00e9it\u00e9r\u00e9 aux acteurs,   son engagement  pour accompagner les auteurs dans la reussite de leurs activit\u00e9s de production, de la transformation et de la  comlercialisation transfrontaliere pour la  divertification de nos exportations afin  d\u2019augmenter de la richesse nationale\u2019\u2019, a-t-il indiqu\u00e9.<\/p>\n<p>Pour terminer, il dit ceci : \u2019\u2019Faisons en sorte que, le temps de la transition soit le temps de la transformation de la bienviellance et de la responsabilit\u00e9 commune.  Faisons en sorte qu\u2019au sortir de deux jours de rencontre, puisse appara\u00eetre  une fum\u00e9e  blanche , pour le bien \u00eatre de nos acteurs.\u2019\u2019, a-t-il soulign\u00e9.<\/p>\n<p>Mohamed Camara <\/p>\n","protected":false},"excerpt":{"rendered":"<p>L\u2019agence guin\u00e9enne de la promotion des exportations (AGUIPEX), a lanc\u00e9 ce mercredi 02 novembre 2022, dans un r\u00e9ceptif h\u00f4telier les travaux du Congr\u00e8s National pour la mise en place de l\u2019interprofession de la fili\u00e8re CAF\u00c9-CACAO. Pendant deux jours, les cadres du minist\u00e8re du commerce, des associations, des sp\u00e9cialistes et des partenaires intervenant dans le secteur, [&hellip;]<\/p>\n","protected":false},"author":2,"featured_media":16588,"comment_status":"closed","ping_status":"closed","sticky":false,"template":"","format":"standard","meta":{"footnotes":""},"categories":[58],"tags":[],"class_list":{"0":"post-16587","1":"post","2":"type-post","3":"status-publish","4":"format-standard","5":"has-post-thumbnail","7":"category-societe"},"_links":{"self":[{"href":"https:\/\/conakrynews.org\/index.php\/wp-json\/wp\/v2\/posts\/16587","targetHints":{"allow":["GET"]}}],"collection":[{"href":"https:\/\/conakrynews.org\/index.php\/wp-json\/wp\/v2\/posts"}],"about":[{"href":"https:\/\/conakrynews.org\/index.php\/wp-json\/wp\/v2\/types\/post"}],"author":[{"embeddable":true,"href":"https:\/\/conakrynews.org\/index.php\/wp-json\/wp\/v2\/users\/2"}],"replies":[{"embeddable":true,"href":"https:\/\/conakrynews.org\/index.php\/wp-json\/wp\/v2\/comments?post=16587"}],"version-history":[{"count":0,"href":"https:\/\/conakrynews.org\/index.php\/wp-json\/wp\/v2\/posts\/16587\/revisions"}],"wp:featuredmedia":[{"embeddable":true,"href":"https:\/\/conakrynews.org\/index.php\/wp-json\/wp\/v2\/media\/16588"}],"wp:attachment":[{"href":"https:\/\/conakrynews.org\/index.php\/wp-json\/wp\/v2\/media?parent=16587"}],"wp:term":[{"taxonomy":"category","embeddable":true,"href":"https:\/\/conakrynews.org\/index.php\/wp-json\/wp\/v2\/categories?post=16587"},{"taxonomy":"post_tag","embeddable":true,"href":"https:\/\/conakrynews.org\/index.php\/wp-json\/wp\/v2\/tags?post=16587"}],"curies":[{"name":"wp","href":"https:\/\/api.w.org\/{rel}","templated":true}]}}