{"id":16612,"date":"2022-11-04T11:08:46","date_gmt":"2022-11-04T11:08:46","guid":{"rendered":"https:\/\/conakrynews.org\/?p=16612"},"modified":"2022-11-04T12:16:43","modified_gmt":"2022-11-04T12:16:43","slug":"retourne-en-afrique-les-propos-racistes-dun-depute-rn-ebranlent-lassemblee-en-france","status":"publish","type":"post","link":"https:\/\/conakrynews.org\/index.php\/retourne-en-afrique-les-propos-racistes-dun-depute-rn-ebranlent-lassemblee-en-france\/","title":{"rendered":"\u00ab Qu&rsquo;il retourne en Afrique \u00bb: les propos \u00ab racistes \u00bb d\u2019un d\u00e9put\u00e9 RN \u00e9branlent l\u2019Assembl\u00e9e en France"},"content":{"rendered":"\n<p>Des d\u00e9put\u00e9s vent debout, un arr\u00eat de s\u00e9ance dans la confusion et une vague d\u2019indignation relay\u00e9e par Emmanuel Macron: les propos d\u2019un \u00e9lu RN (Rassemblement national), jug\u00e9s racistes sur tous les autres bancs de l\u2019h\u00e9micycle, ont provoqu\u00e9 un incident d\u2019une ampleur rare jeudi \u00e0 l\u2019Assembl\u00e9e.<\/p>\n<p>\u00ab Qu\u2019il retourne en Afrique \u00bb, a admis avoir lanc\u00e9 le d\u00e9put\u00e9 RN Gr\u00e9goire de Fournas \u2013plusieurs d\u00e9put\u00e9s affirmant avoir entendu \u00ab Retourne en Afrique \u00bb \u2013, lors d\u2019une intervention de l\u2019\u00e9lu LFI Carlos Martens Bilongo, noir, qui s\u2019exprimait sur le \u00ab drame de l\u2019immigration clandestine \u00bb.<\/p>\n<p>Cette interpellation sonore a imm\u00e9diatement suscit\u00e9 une bronca, conduisant apr\u00e8s quelques minutes de confusion \u00e0 l\u2019arr\u00eat, rarissime, de la s\u00e9ance des questions au gouvernement. L\u2019\u00e9lu RN pourrait \u00eatre sanctionn\u00e9 d\u00e8s vendredi par le bureau de l\u2019Assembl\u00e9e nationale.<\/p>\n<p>Ces propos ont fait r\u00e9agir au plus haut sommet de l\u2019Etat. Emmanuel Macron s\u2019est dit \u00ab heurt\u00e9 \u00bb par des \u00ab mots intol\u00e9rables \u00bb, selon son entourage.<\/p>\n<p>\u00ab Le racisme n\u2019a pas sa place dans notre d\u00e9mocratie \u00bb, a d\u00e9nonc\u00e9 la Premi\u00e8re ministre Elisabeth Borne, estimant que \u00ab naturellement \u00bb, le bureau de l\u2019Assembl\u00e9e nationale \u00ab devra prendre des sanctions \u00bb.<\/p>\n<p>L\u2019incident a eu lieu peu avant 17H00 et la pr\u00e9sidente de l\u2019Assembl\u00e9e, Ya\u00ebl Braun-Pivet, a mis fin \u00e0 la s\u00e9ance alors que restaient plusieurs interventions programm\u00e9es, \u00ab compte tenu de la gravit\u00e9 des faits \u00bb et de \u00ab l\u2019\u00e9motion l\u00e9gitime \u00bb de l\u2019Assembl\u00e9e.<\/p>\n<p>M. de Fournas, soutenu par son groupe, a admis devant la presse avoir prononc\u00e9 ces mots: \u00ab Qu\u2019il retourne en Afrique \u00bb. Mais le d\u00e9put\u00e9 de Gironde a cat\u00e9goriquement ni\u00e9 tout caract\u00e8re raciste, parlant d\u2019une \u00ab manipulation de LFI \u00bb visant \u00e0 lui pr\u00eater des \u00ab propos d\u00e9gueulasses \u00bb.<\/p>\n<p>\u00ab Quand le d\u00e9put\u00e9 de La France insoumise parlait du bateau SOS M\u00e9diterran\u00e9e qui ne parvenait pas \u00e0 accoster sur les c\u00f4tes europ\u00e9ennes, j\u2019ai r\u00e9pondu +qu\u2019il retourne en Afrique+. Qu\u2019il, le bateau, retourne en Afrique \u00bb, a-t-il assur\u00e9.<\/p>\n<p>Les \u00e9lus RN \u00ab tordent les mots pour justifier l\u2019injustifiable \u00bb, a estim\u00e9 Carlos Martens Bilongo, natif de Villiers-le-Bel et \u00e9lu du Val-d\u2019Oise, \u00ab tellement triste \u00bb d\u2019\u00eatre \u00ab renvoy\u00e9 \u00e0 sa couleur de peau \u00bb.<\/p>\n<p>\u00ab Cela aurait-il \u00e9t\u00e9 plus acceptable \u00bb que les propos du RN soient adress\u00e9s \u00ab aux r\u00e9fugi\u00e9s du bateau de SOS M\u00e9diterran\u00e9e en situation critique? \u00bb, s\u2019est-il interrog\u00e9 dans un communiqu\u00e9 apr\u00e8s les justifications avanc\u00e9es par le RN.<\/p>\n<p>Un rassemblement en soutien au d\u00e9put\u00e9 insoumis sera organis\u00e9 par LFI aux abords du Palais Bourbon vendredi \u00e0 13H00.<\/p>\n<p>\u00ab Aujourd\u2019hui l\u2019extr\u00eame droite a montr\u00e9 son vrai visage \u00bb, a estim\u00e9 la pr\u00e9sidente du groupe insoumis \u00e0 l\u2019Assembl\u00e9e Mathilde Panot. \u00ab Nous allons demander la sanction la plus forte, l\u2019expulsion pour plusieurs mois \u00bb de ce d\u00e9put\u00e9.<\/p>\n<p>\u2013 \u00ab D\u00e9ch\u00e9ance \u00bb \u2013<\/p>\n<p>Le patron de LFI Jean-Luc M\u00e9lenchon a r\u00e9clam\u00e9 sur Twitter la \u00ab d\u00e9ch\u00e9ance et l\u2019exclusion de l\u2019injurieur \u00bb.<\/p>\n<p>M\u00eame indignation dans le camp pr\u00e9sidentiel: le groupe Renaissance \u00ab ne si\u00e8gera pas \u00bb tant qu\u2019une sanction lourde contre le d\u00e9put\u00e9 RN n\u2019aura pas \u00e9t\u00e9 prise, a indiqu\u00e9 son vice-pr\u00e9sident Sylvain Maillard. \u00ab Ils ont beau mettre des cravates (\u2026) C\u2019est un mouvement profond\u00e9ment raciste \u00bb. Le parti Renaissance a m\u00eame demand\u00e9 la d\u00e9mission \u00ab sans d\u00e9lai \u00bb de Gr\u00e9goire de Fournas.<\/p>\n<p>\u00ab La pol\u00e9mique cr\u00e9\u00e9e par nos adversaires politiques est grossi\u00e8re et ne trompera pas les Fran\u00e7ais \u00bb, a r\u00e9agi de son c\u00f4t\u00e9 Marine Le Pen, la pr\u00e9sidente du groupe RN, sur Twitter.<\/p>\n<p>\u00ab Je suis navr\u00e9 de l\u2019incompr\u00e9hension qu\u2019ont suscit\u00e9s mes propos \u00bb et \u00ab je regrette si vous avez pu en \u00eatre bless\u00e9 \u00bb, a \u00e9crit dans la soir\u00e9e Gr\u00e9goire de Fournas \u00e0 l\u2019insoumis.<\/p>\n<p>De source parlementaire, le d\u00e9put\u00e9 concern\u00e9 est passible d\u2019une \u00ab censure simple \u00bb, soit la privation pendant un mois de la moiti\u00e9 de l\u2019indemnit\u00e9 parlementaire. Ou d\u2019une \u00ab censure avec exclusion temporaire \u00bb, c\u2019est-\u00e0-dire la privation pendant deux mois de la moiti\u00e9 de l\u2019indemnit\u00e9 allou\u00e9e au d\u00e9put\u00e9 avec interdiction de prendre part aux travaux de l\u2019Assembl\u00e9e et de repara\u00eetre au Palais Bourbon pendant quinze jours.<\/p>\n<p>\u2013 Notabilisation \u2013<\/p>\n<p>Depuis l\u2019\u00e9lection in\u00e9dite de 89 d\u00e9put\u00e9s RN \u00e0 l\u2019Assembl\u00e9e, le groupe de Marine Le Pen s\u2019\u00e9tait astreint \u00e0 jouer la carte de la notabilisation.<\/p>\n<p>Il n\u2019a toutefois pas \u00e9vit\u00e9 les pol\u00e9miques, comme lorsque le doyen de l\u2019Assembl\u00e9e nationale Jos\u00e9 Gonzales avait d\u2019entr\u00e9e fait l\u2019\u00e9loge de l\u2019Alg\u00e9rie fran\u00e7aise de son enfance le 28 juin, ou lors d\u2019une r\u00e9cente s\u00e9ance houleuse o\u00f9 deux d\u00e9put\u00e9s RN avaient trait\u00e9 le ministre de l\u2019Economie Bruno Le Maire de \u00ab l\u00e2che \u00bb et le ministre de l\u2019Education Pap Ndiaye de \u00ab communautariste \u00bb.<\/p>\n<p>Ces invectives avaient donn\u00e9 lieu \u00e0 des sanctions de la pr\u00e9sidente de l\u2019Assembl\u00e9e nationale, sanctions qui doivent elles aussi faire l\u2019objet d\u2019un d\u00e9bat en bureau de l\u2019institution.<\/p>\n<p>Viticulteur dans le Nord M\u00e9doc, Gr\u00e9goire de Fournas exerce son premier mandat, \u00e0 37 ans. Il n\u2019avait pas fait de vagues jusqu\u2019ici au Palais Bourbon, o\u00f9 il si\u00e8ge \u00e0 la commission des Affaires \u00e9conomiques.<\/p>\n<p>AFP<\/p>\n","protected":false},"excerpt":{"rendered":"<p>Des d\u00e9put\u00e9s vent debout, un arr\u00eat de s\u00e9ance dans la confusion et une vague d\u2019indignation relay\u00e9e par Emmanuel Macron: les propos d\u2019un \u00e9lu RN (Rassemblement national), jug\u00e9s racistes sur tous les autres bancs de l\u2019h\u00e9micycle, ont provoqu\u00e9 un incident d\u2019une ampleur rare jeudi \u00e0 l\u2019Assembl\u00e9e. \u00ab Qu\u2019il retourne en Afrique \u00bb, a admis avoir lanc\u00e9 [&hellip;]<\/p>\n","protected":false},"author":2,"featured_media":16614,"comment_status":"closed","ping_status":"closed","sticky":false,"template":"","format":"standard","meta":{"footnotes":""},"categories":[57],"tags":[],"class_list":{"0":"post-16612","1":"post","2":"type-post","3":"status-publish","4":"format-standard","5":"has-post-thumbnail","7":"category-politique"},"_links":{"self":[{"href":"https:\/\/conakrynews.org\/index.php\/wp-json\/wp\/v2\/posts\/16612","targetHints":{"allow":["GET"]}}],"collection":[{"href":"https:\/\/conakrynews.org\/index.php\/wp-json\/wp\/v2\/posts"}],"about":[{"href":"https:\/\/conakrynews.org\/index.php\/wp-json\/wp\/v2\/types\/post"}],"author":[{"embeddable":true,"href":"https:\/\/conakrynews.org\/index.php\/wp-json\/wp\/v2\/users\/2"}],"replies":[{"embeddable":true,"href":"https:\/\/conakrynews.org\/index.php\/wp-json\/wp\/v2\/comments?post=16612"}],"version-history":[{"count":0,"href":"https:\/\/conakrynews.org\/index.php\/wp-json\/wp\/v2\/posts\/16612\/revisions"}],"wp:featuredmedia":[{"embeddable":true,"href":"https:\/\/conakrynews.org\/index.php\/wp-json\/wp\/v2\/media\/16614"}],"wp:attachment":[{"href":"https:\/\/conakrynews.org\/index.php\/wp-json\/wp\/v2\/media?parent=16612"}],"wp:term":[{"taxonomy":"category","embeddable":true,"href":"https:\/\/conakrynews.org\/index.php\/wp-json\/wp\/v2\/categories?post=16612"},{"taxonomy":"post_tag","embeddable":true,"href":"https:\/\/conakrynews.org\/index.php\/wp-json\/wp\/v2\/tags?post=16612"}],"curies":[{"name":"wp","href":"https:\/\/api.w.org\/{rel}","templated":true}]}}