{"id":1679,"date":"2017-11-14T09:48:18","date_gmt":"2017-11-14T08:48:18","guid":{"rendered":"https:\/\/conakrynews.org\/?p=1679"},"modified":"2017-11-14T10:29:54","modified_gmt":"2017-11-14T09:29:54","slug":"necrologie-oumar-rafiou-diallo-de-radio-bonheur-fm-nest-plus","status":"publish","type":"post","link":"https:\/\/conakrynews.org\/index.php\/necrologie-oumar-rafiou-diallo-de-radio-bonheur-fm-nest-plus\/","title":{"rendered":"N\u00e9crologie : Oumar Rafiou Diallo de la radio Bonheur FM n\u2019est plus !"},"content":{"rendered":"<p>La presse guin\u00e9enne est endeuill\u00e9e dans l\u2019apr\u00e8s-midi de ce lundi 13 novembre, suite \u00e0 la mort tragique du journaliste de la radio\u00a0bonheur\u00a0Fm, Oumar Rafiou Diallo dans un accident de circulation \u00e0 Conakry.<br \/>\nSelon les informations, le d\u00e9funt est d\u00e9c\u00e9d\u00e9 dans l\u2019exercice de son m\u00e9tier alors qu\u2019il partait pour r\u00e9aliser une interview avec le juriste Mohamed Camara.<\/p>\n<p>&nbsp;<\/p>\n<p>\u00c0\u00a0cette douloureuse et triste nouvelle, la\u00a0r\u00e9daction\u00a0du site <a href=\"http:\/\/www.Guineequotidien.com\">www.Guineequotidien.com<\/a> \u00a0pr\u00e9sente\u00a0ses condol\u00e9ances les plus attrist\u00e9es\u00a0\u00e0 l\u2019ensemble de la presse guin\u00e9enne, particuli\u00e8rement \u00e0 celle de la\u00a0radio\u00a0bonheur\u00a0FM et \u00e0 la famille du d\u00e9funt.<\/p>\n<p>&nbsp;<\/p>\n<p>Que l\u2019\u00e2me de notre regrett\u00e9 Oumar Rafiou Diallo! Amen<\/p>\n<p>&nbsp;<\/p>\n<p><strong>Guineequotidien.com\u00a0<\/strong><\/p>\n<p><img loading=\"lazy\" decoding=\"async\" class=\"alignnone size-full wp-image-1680\" src=\"https:\/\/conakrynews.org\/wp-content\/uploads\/2017\/11\/rafiou-bonheur-300x268.jpg\" alt=\"\" width=\"300\" height=\"268\" \/><\/p>\n","protected":false},"excerpt":{"rendered":"<p>La presse guin\u00e9enne est endeuill\u00e9e dans l\u2019apr\u00e8s-midi de ce lundi 13 novembre, suite \u00e0 la mort tragique du journaliste de la radio\u00a0bonheur\u00a0Fm, Oumar Rafiou Diallo dans un accident de circulation \u00e0 Conakry. Selon les informations, le d\u00e9funt est d\u00e9c\u00e9d\u00e9 dans l\u2019exercice de son m\u00e9tier alors qu\u2019il partait pour r\u00e9aliser une interview avec le juriste Mohamed [&hellip;]<\/p>\n","protected":false},"author":2,"featured_media":1680,"comment_status":"open","ping_status":"open","sticky":false,"template":"","format":"image","meta":{"footnotes":""},"categories":[1],"tags":[],"class_list":{"0":"post-1679","1":"post","2":"type-post","3":"status-publish","4":"format-image","5":"has-post-thumbnail","7":"category-non-classe","8":"post_format-post-format-image"},"_links":{"self":[{"href":"https:\/\/conakrynews.org\/index.php\/wp-json\/wp\/v2\/posts\/1679","targetHints":{"allow":["GET"]}}],"collection":[{"href":"https:\/\/conakrynews.org\/index.php\/wp-json\/wp\/v2\/posts"}],"about":[{"href":"https:\/\/conakrynews.org\/index.php\/wp-json\/wp\/v2\/types\/post"}],"author":[{"embeddable":true,"href":"https:\/\/conakrynews.org\/index.php\/wp-json\/wp\/v2\/users\/2"}],"replies":[{"embeddable":true,"href":"https:\/\/conakrynews.org\/index.php\/wp-json\/wp\/v2\/comments?post=1679"}],"version-history":[{"count":0,"href":"https:\/\/conakrynews.org\/index.php\/wp-json\/wp\/v2\/posts\/1679\/revisions"}],"wp:featuredmedia":[{"embeddable":true,"href":"https:\/\/conakrynews.org\/index.php\/wp-json\/wp\/v2\/media\/1680"}],"wp:attachment":[{"href":"https:\/\/conakrynews.org\/index.php\/wp-json\/wp\/v2\/media?parent=1679"}],"wp:term":[{"taxonomy":"category","embeddable":true,"href":"https:\/\/conakrynews.org\/index.php\/wp-json\/wp\/v2\/categories?post=1679"},{"taxonomy":"post_tag","embeddable":true,"href":"https:\/\/conakrynews.org\/index.php\/wp-json\/wp\/v2\/tags?post=1679"}],"curies":[{"name":"wp","href":"https:\/\/api.w.org\/{rel}","templated":true}]}}