{"id":16853,"date":"2022-11-16T22:53:19","date_gmt":"2022-11-16T22:53:19","guid":{"rendered":"https:\/\/conakrynews.org\/?p=16853"},"modified":"2022-11-16T22:53:19","modified_gmt":"2022-11-16T22:53:19","slug":"derniere-minute-le-ministre-charles-whrite-instruit-le-procureur-general-dengager-des-poursuites-judiciaires-contre-le-ministre-yaya-sow-et-cie","status":"publish","type":"post","link":"https:\/\/conakrynews.org\/index.php\/derniere-minute-le-ministre-charles-whrite-instruit-le-procureur-general-dengager-des-poursuites-judiciaires-contre-le-ministre-yaya-sow-et-cie\/","title":{"rendered":"Derni\u00e8re minute: le ministre Charles whrite  instruit  le Procureur G\u00e9n\u00e9ral  d&rsquo;engager des poursuites judiciaires contre  le ministre Yaya Sow  et cie&#8230;"},"content":{"rendered":"<p>Dans un communiqu\u00e9 dont une copie a \u00e9t\u00e9  transmis aux  m\u00e9dias de la place, pour des fins d&rsquo;enqu\u00eates, le ministre de la justice et des droits de l\u2019homme instruit le procureur G\u00e9n\u00e9ral pr\u00e8s la cour d\u2019appel de Conakry d\u2019engager des poursuites judiciaires contre le ministre Yaya Sow des transports et des infrastructures et plusieurs cadres de son d\u00e9partement pour des \u201cfaits de corruption, de d\u00e9tournement de deniers publics et complicit\u00e9 autour de la passation des march\u00e9s publics.<\/p>\n<p>Lisez!<\/p>\n<p> <img loading=\"lazy\" decoding=\"async\" src=\"https:\/\/conakrynews.org\/wp-content\/uploads\/2022\/11\/Com-267x375.jpg\" alt=\"\" width=\"267\" height=\"375\" class=\"alignright size-medium wp-image-16854\" srcset=\"https:\/\/conakrynews.org\/wp-content\/uploads\/2022\/11\/Com-267x375.jpg 267w, https:\/\/conakrynews.org\/wp-content\/uploads\/2022\/11\/Com.jpg 720w\" sizes=\"auto, (max-width: 267px) 100vw, 267px\" \/><\/p>\n<p>Sylla Ibrahima Kalil,pour www conakrynews.org 625444534<\/p>\n","protected":false},"excerpt":{"rendered":"<p>Dans un communiqu\u00e9 dont une copie a \u00e9t\u00e9 transmis aux m\u00e9dias de la place, pour des fins d&rsquo;enqu\u00eates, le ministre de la justice et des droits de l\u2019homme instruit le procureur G\u00e9n\u00e9ral pr\u00e8s la cour d\u2019appel de Conakry d\u2019engager des poursuites judiciaires contre le ministre Yaya Sow des transports et des infrastructures et plusieurs cadres [&hellip;]<\/p>\n","protected":false},"author":2,"featured_media":16855,"comment_status":"closed","ping_status":"closed","sticky":false,"template":"","format":"standard","meta":{"footnotes":""},"categories":[58],"tags":[],"class_list":{"0":"post-16853","1":"post","2":"type-post","3":"status-publish","4":"format-standard","5":"has-post-thumbnail","7":"category-societe"},"_links":{"self":[{"href":"https:\/\/conakrynews.org\/index.php\/wp-json\/wp\/v2\/posts\/16853","targetHints":{"allow":["GET"]}}],"collection":[{"href":"https:\/\/conakrynews.org\/index.php\/wp-json\/wp\/v2\/posts"}],"about":[{"href":"https:\/\/conakrynews.org\/index.php\/wp-json\/wp\/v2\/types\/post"}],"author":[{"embeddable":true,"href":"https:\/\/conakrynews.org\/index.php\/wp-json\/wp\/v2\/users\/2"}],"replies":[{"embeddable":true,"href":"https:\/\/conakrynews.org\/index.php\/wp-json\/wp\/v2\/comments?post=16853"}],"version-history":[{"count":0,"href":"https:\/\/conakrynews.org\/index.php\/wp-json\/wp\/v2\/posts\/16853\/revisions"}],"wp:featuredmedia":[{"embeddable":true,"href":"https:\/\/conakrynews.org\/index.php\/wp-json\/wp\/v2\/media\/16855"}],"wp:attachment":[{"href":"https:\/\/conakrynews.org\/index.php\/wp-json\/wp\/v2\/media?parent=16853"}],"wp:term":[{"taxonomy":"category","embeddable":true,"href":"https:\/\/conakrynews.org\/index.php\/wp-json\/wp\/v2\/categories?post=16853"},{"taxonomy":"post_tag","embeddable":true,"href":"https:\/\/conakrynews.org\/index.php\/wp-json\/wp\/v2\/tags?post=16853"}],"curies":[{"name":"wp","href":"https:\/\/api.w.org\/{rel}","templated":true}]}}