{"id":17129,"date":"2022-12-01T08:24:12","date_gmt":"2022-12-01T08:24:12","guid":{"rendered":"https:\/\/conakrynews.org\/?p=17129"},"modified":"2022-12-01T17:59:57","modified_gmt":"2022-12-01T17:59:57","slug":"bouclier-mondial-contre-les-risques-climatiques","status":"publish","type":"post","link":"https:\/\/conakrynews.org\/index.php\/bouclier-mondial-contre-les-risques-climatiques\/","title":{"rendered":"Bouclier mondial contre les risques climatiques"},"content":{"rendered":"<p>Initi\u00e9 par l\u2019Allemagne, ce m\u00e9canisme financier a \u00e9t\u00e9 con\u00e7u pour aider les pays les plus vuln\u00e9rables au changement climatique \u00e0 limiter les pertes et dommages li\u00e9s au climat.<\/p>\n<p>Par Mounir Ben Hassen<\/p>\n<p>Deux pays africains, le S\u00e9n\u00e9gal et le Ghana, seront parmi les premiers \u00c9tats b\u00e9n\u00e9ficiaires du Bouclier mondial contre les risques climatiques cr\u00e9\u00e9 r\u00e9cemment avec l\u2019appui de l\u2019Allemagne. Ce nouveau m\u00e9canisme financier a \u00e9t\u00e9 lanc\u00e9, le 14 novembre, lors de la 27e Conf\u00e9rence des Nations unies sur le changement climatique (COP27) tenue en \u00c9gypte. Il est initi\u00e9 par l\u2019Allemagne, sous sa pr\u00e9sidence du G7, aux c\u00f4t\u00e9s du Vulnerable twenty group (V20).<\/p>\n<p>R\u00e9unis en Allemagne en juin dernier, les pays membres du G7 ont approuv\u00e9, sur proposition de Berlin, de mettre en place un Bouclier mondial contre les risques climatiques. Le V20, cr\u00e9\u00e9 en 2015 par 20 pays parmi les plus vuln\u00e9rables au changement climatique, regroupe, aujourd\u2019hui, 58 pays repr\u00e9sentant quelque 1,5 milliard de personnes. Environ 98 pour cent de cette population ne b\u00e9n\u00e9ficient d\u2019aucune protection financi\u00e8re, d\u2019apr\u00e8s une r\u00e9cente \u00e9tude du V20.<\/p>\n<p>Depuis 2000, le changement climatique a caus\u00e9 aux 58 pays en question des dommages \u00e9conomiques de 525 milliards de dollars, selon les estimations de cette \u00e9tude. Cependant, ces pays ne sont responsables que de cinq pour cent des \u00e9missions mondiales de gaz \u00e0 effet de serre (GES). 24 pays africains sont membres du V20 : B\u00e9nin, Burkina Faso, Tchad, Comores, C\u00f4te d\u2019Ivoire, RDC, Eswatini, \u00c9thiopie, Gambie, Ghana, Guin\u00e9e, Kenya, Lib\u00e9ria, Madagascar, Malawi, Ouganda, Niger, Rwanda, S\u00e9n\u00e9gal, Soudan du Sud, Soudan, Tanzanie, Maroc et Tunisie.<\/p>\n<p>Des financements d\u00e9bours\u00e9s rapidement<\/p>\n<p>L\u2019Allemagne a allou\u00e9 au Bouclier mondial un financement de d\u00e9marrage de 170 millions tandis que plus de 40 millions d\u2019euros ont \u00e9t\u00e9 promis par le Danemark, l\u2019Irlande, le Canada et la France. Selon Berlin, d\u2019autres engagements d\u2019autres \u00c9tats sont attendus prochainement. Les premiers pays b\u00e9n\u00e9ficiaires du Bouclier sont le Ghana, le S\u00e9n\u00e9gal, le Bangladesh, le Pakistan, les Philippines, le Costa Rica, et les Fidji. Ce m\u00e9canisme se propose, d\u2019apr\u00e8s ses initiateurs, de pallier \u00ab aux faiblesses actuelles de la structure de protection financi\u00e8re \u00bb dans les pays concern\u00e9s, et ce, \u00ab gr\u00e2ce \u00e0 des financements pr\u00e9-arrang\u00e9s qui sont d\u00e9bours\u00e9s rapidement et de mani\u00e8re fiable avant ou juste apr\u00e8s les catastrophes \u00bb.<\/p>\n<p>Il \u00ab \u00e9largit les instruments de protection financi\u00e8re pour les gouvernements, les communaut\u00e9s, les entreprises et les m\u00e9nages, att\u00e9nuant ainsi l\u2019impact des catastrophes, rendant les \u00e9conomies vuln\u00e9rables r\u00e9silientes, pr\u00e9servant le d\u00e9veloppement durable et prot\u00e9geant les vies et les moyens de subsistance \u00bb. Au niveau des m\u00e9nages et des entreprises, ces instruments comprennent, par exemple, la protection des moyens de subsistance, les syst\u00e8mes de protection sociale, l\u2019assurance du b\u00e9tail et des r\u00e9coltes, l\u2019assurance des biens, l\u2019assurance contre les pertes d\u2019exploitation, les r\u00e9seaux de partage des risques et les garanties de cr\u00e9dit.<\/p>\n<p>Au niveau des gouvernements (nationaux et infranationaux), des agences humanitaires et des organisations non gouvernementales, le Bouclier mondial soutiendra le d\u00e9veloppement int\u00e9gr\u00e9 d\u2019instruments utilis\u00e9s pour s\u2019assurer que l\u2019argent est disponible en cas de besoin (entr\u00e9es d\u2019argent). Il soutiendra \u00e9galement les processus garantissant que l\u2019argent est d\u00e9pens\u00e9 pour fournir \u00ab ce dont les individus et les communaut\u00e9s affect\u00e9s ont besoin quand ils en ont le plus besoin (sorties d\u2019argent) \u00bb.<\/p>\n<p>L\u2019Allemagne \u00ab a d\u00e9pass\u00e9 \u00bb sa contribution financi\u00e8re promise<\/p>\n<p>Intervenant \u00e0 l\u2019ouverture de la COP 27, le Chancelier f\u00e9d\u00e9ral allemand Olaf Scholz a d\u00e9plor\u00e9 le fait que les pays industrialis\u00e9s qui ont promis d\u00e8s 2020 des financements climatiques de 100 milliards de dollars par an, d\u2019ici 2025, en faveur de pays en d\u00e9veloppement, n\u2019ont pas tenue leur promesse. \u00ab Cet objectif ne sera vraisemblablement atteint qu\u2019\u00e0 partir de 2024. Le gouvernement f\u00e9d\u00e9ral (allemand, ndlr) le regrette, mais continue \u00e0 fournir sa juste part \u00bb, a-t-il dit, rappelant que \u00ab ces derni\u00e8res ann\u00e9es, l\u2019Allemagne a d\u00e9pass\u00e9 sa contribution promise au financement international de l\u2019action climatique \u00bb.<\/p>\n<p>En 2021, les fonds allemands (publics et priv\u00e9s) allou\u00e9s au financement international de l\u2019action climatique ont atteint 8,1 milliards d\u2019euros dont 5,3 milliards d\u2019euros provenant de sources publiques, a-t-il soulign\u00e9. D\u2019ici 2025, Berlin va augmenter la part des financements publics \u00e0 6 milliards d\u2019euros par an, a-t-il poursuivi. L\u2019Allemagne projette de r\u00e9duire de 65 pour cent ses \u00e9missions de gaz \u00e0 effet de serre (GES) \u00e0 l\u2019horizon 2030, et d\u2019atteindre la neutralit\u00e9 climatique d\u2019ici 2045, tandis que l\u2019Union europ\u00e9enne (UE) vise 2050 pour y parvenir, a rappel\u00e9 Scholz.<\/p>\n<p>Avec dpa-news<\/p>\n","protected":false},"excerpt":{"rendered":"<p>Initi\u00e9 par l\u2019Allemagne, ce m\u00e9canisme financier a \u00e9t\u00e9 con\u00e7u pour aider les pays les plus vuln\u00e9rables au changement climatique \u00e0 limiter les pertes et dommages li\u00e9s au climat. Par Mounir Ben Hassen Deux pays africains, le S\u00e9n\u00e9gal et le Ghana, seront parmi les premiers \u00c9tats b\u00e9n\u00e9ficiaires du Bouclier mondial contre les risques climatiques cr\u00e9\u00e9 r\u00e9cemment [&hellip;]<\/p>\n","protected":false},"author":2,"featured_media":0,"comment_status":"closed","ping_status":"closed","sticky":false,"template":"","format":"standard","meta":{"footnotes":""},"categories":[58],"tags":[],"class_list":{"0":"post-17129","1":"post","2":"type-post","3":"status-publish","4":"format-standard","6":"category-societe"},"_links":{"self":[{"href":"https:\/\/conakrynews.org\/index.php\/wp-json\/wp\/v2\/posts\/17129","targetHints":{"allow":["GET"]}}],"collection":[{"href":"https:\/\/conakrynews.org\/index.php\/wp-json\/wp\/v2\/posts"}],"about":[{"href":"https:\/\/conakrynews.org\/index.php\/wp-json\/wp\/v2\/types\/post"}],"author":[{"embeddable":true,"href":"https:\/\/conakrynews.org\/index.php\/wp-json\/wp\/v2\/users\/2"}],"replies":[{"embeddable":true,"href":"https:\/\/conakrynews.org\/index.php\/wp-json\/wp\/v2\/comments?post=17129"}],"version-history":[{"count":0,"href":"https:\/\/conakrynews.org\/index.php\/wp-json\/wp\/v2\/posts\/17129\/revisions"}],"wp:attachment":[{"href":"https:\/\/conakrynews.org\/index.php\/wp-json\/wp\/v2\/media?parent=17129"}],"wp:term":[{"taxonomy":"category","embeddable":true,"href":"https:\/\/conakrynews.org\/index.php\/wp-json\/wp\/v2\/categories?post=17129"},{"taxonomy":"post_tag","embeddable":true,"href":"https:\/\/conakrynews.org\/index.php\/wp-json\/wp\/v2\/tags?post=17129"}],"curies":[{"name":"wp","href":"https:\/\/api.w.org\/{rel}","templated":true}]}}