{"id":17136,"date":"2022-12-01T15:46:53","date_gmt":"2022-12-01T15:46:53","guid":{"rendered":"https:\/\/conakrynews.org\/?p=17136"},"modified":"2022-12-01T15:47:37","modified_gmt":"2022-12-01T15:47:37","slug":"guinee-projet-branding-national-le-president-de-la-transition-lance-les-activites","status":"publish","type":"post","link":"https:\/\/conakrynews.org\/index.php\/guinee-projet-branding-national-le-president-de-la-transition-lance-les-activites\/","title":{"rendered":"Guin\u00e9e\/ Projet Branding National: le pr\u00e9sident de la  transition  lance les activit\u00e9s"},"content":{"rendered":"<p>Le pr\u00e9sident de la r\u00e9publique, chef de l&rsquo;Etat, son excellence Colonel Mamadi Doumbouya, en compagnie du Premier  ministre et certains membres de son  gouvernement, a proc\u00e9d\u00e9 ce  mercredi, 30 novembre sur l&rsquo;esplanade du Palais du Peuple, au lancement du projet Branding National. Un projet  qui permettra \u00e0 la Guin\u00e9e de devenir une destination incontournable en mati\u00e8re du tourisme et de sa gastronomie au go\u00fbt exceptionnel<\/p>\n<p>\u00c0 cette occasion, le coordonnateur du projet \u00e0 rappel\u00e9 l&rsquo;objectif de cette belle initiative. Selon  lui, le projet branding national consiste \u00e0 promouvoir activement la Guin\u00e9e autour des caract\u00e9ristiques de ses produits phares, culture et m\u0153urs qui se d\u00e9marqueront d\u00e9sormais des autres \u00e0 travers sa vraie identit\u00e9.\u00ab L\u2019initiative permet de montrer la valeur des productions guin\u00e9ennes (culture, m\u0153urs, artisanat etc.). Cela va sans aucun doute apporter un sens positif en mati\u00e8re de vente de nos valeurs \u00e0 travers le monde par l\u2019entremise de ses sites touristiques, de ses sonorit\u00e9s musicales d\u00e9fiant toutes les concurrences, des sculptures \u00e0 l\u2019image de \u00ab\u00a0N&rsquo;\u2019Demba\u00a0\u00bbpour ne citer que ceux-l\u00e0 \u00bb a affirm\u00e9 le Coordinateur projet.<\/p>\n<p>Avant de proc\u00e9der au lancement officiel des activit\u00e9s du projet, le premier ministre chef du gouvernement, Dr. Bernard Goumou,  au nom du Pr\u00e9sident de la transition, Colonel Mamadi Doumbouya, a d&rsquo;abord  salu\u00e9 et f\u00e9licit\u00e9 les organisateurs pour leur vision qui consiste \u00e0 am\u00e9liorer la perception que l\u2019ext\u00e9rieur a de notre pays afin d\u2019attirer des investisseurs et d\u2019accro\u00eetre les exportations des produits transform\u00e9s.<\/p>\n<p>\u00abNotre pays poss\u00e8de certes des ressources naturelles abondantes,  diversifi\u00e9es et une culture riche et r\u00e9put\u00e9e. Mais, c\u2019est le cadre institutionnel qui se rel\u00e8ve \u00eatre notre maillon faible en raison de nos difficult\u00e9s par le pass\u00e9 \u00e0 installer v\u00e9ritablement et durablement un \u00c9tat de droit. Des institutions consulaires et patronales ont \u00e9t\u00e9 relanc\u00e9es suite \u00e0 l\u2019av\u00e8nement du CNRD. Mais qui devront travailler pour se renforcer \u00e0 travers des partenariats avec des institutions similaires des pays \u00e9trangers pour permettre \u00e0 la Guin\u00e9e d\u2019\u00eatre plus attractive.Cela dit-il, ne sera possible que si le secteur public et priv\u00e9 priv\u00e9 se donnent pour \u0153uvrer ensemble\u00a0\u00bb , a fait savoir le premier ministre chef du Gouvernement, Bernard Goumou.<\/p>\n<p>Avant d&rsquo;ajouter :\u00a0\u00bb G\u00e2ce au leadership du Pr\u00e9sident de la transition, Colonel Mamadi Doumbouya ,  qui a donn\u00e9 l\u2019exemple en \u00e9coutant les acteurs politiques sur des questions d\u2019int\u00e9r\u00eat g\u00e9n\u00e9ral.Consid\u00e9rant ces points  comme  des axes  fondamentaux.Je voudrais que vous reteniez \u00e0 la fois l\u2019urgence et l\u2019importance de cette initiative pour positionner r\u00e9solument la Guin\u00e9e \u00e0 l\u2019int\u00e9rieur et \u00e0 l\u2019ext\u00e9rieur\u00a0\u00bb a-t-il ajout\u00e9. <\/p>\n<p>Pour finir, le chef du Gouvernement  a  invit\u00e9 les guin\u00e9ens de  l\u2019int\u00e9rieur et la diaspora \u00e0 y participer activement \u00e0 travers leurs  contributions sur la plateforme d\u00e9di\u00e9e \u00e0 cet effet,  pour qu\u2019ensemble nous puissions aboutir au terme  unique qui d\u00e9finit le mieux ce que nous sommes en temps que guin\u00e9ens.<\/p>\n<p>Oumar Konat\u00e9, pour www.conakrynews.org<\/p>\n","protected":false},"excerpt":{"rendered":"<p>Le pr\u00e9sident de la r\u00e9publique, chef de l&rsquo;Etat, son excellence Colonel Mamadi Doumbouya, en compagnie du Premier ministre et certains membres de son gouvernement, a proc\u00e9d\u00e9 ce mercredi, 30 novembre sur l&rsquo;esplanade du Palais du Peuple, au lancement du projet Branding National. Un projet qui permettra \u00e0 la Guin\u00e9e de devenir une destination incontournable en [&hellip;]<\/p>\n","protected":false},"author":2,"featured_media":17137,"comment_status":"closed","ping_status":"closed","sticky":false,"template":"","format":"standard","meta":{"footnotes":""},"categories":[58],"tags":[],"class_list":{"0":"post-17136","1":"post","2":"type-post","3":"status-publish","4":"format-standard","5":"has-post-thumbnail","7":"category-societe"},"_links":{"self":[{"href":"https:\/\/conakrynews.org\/index.php\/wp-json\/wp\/v2\/posts\/17136","targetHints":{"allow":["GET"]}}],"collection":[{"href":"https:\/\/conakrynews.org\/index.php\/wp-json\/wp\/v2\/posts"}],"about":[{"href":"https:\/\/conakrynews.org\/index.php\/wp-json\/wp\/v2\/types\/post"}],"author":[{"embeddable":true,"href":"https:\/\/conakrynews.org\/index.php\/wp-json\/wp\/v2\/users\/2"}],"replies":[{"embeddable":true,"href":"https:\/\/conakrynews.org\/index.php\/wp-json\/wp\/v2\/comments?post=17136"}],"version-history":[{"count":0,"href":"https:\/\/conakrynews.org\/index.php\/wp-json\/wp\/v2\/posts\/17136\/revisions"}],"wp:featuredmedia":[{"embeddable":true,"href":"https:\/\/conakrynews.org\/index.php\/wp-json\/wp\/v2\/media\/17137"}],"wp:attachment":[{"href":"https:\/\/conakrynews.org\/index.php\/wp-json\/wp\/v2\/media?parent=17136"}],"wp:term":[{"taxonomy":"category","embeddable":true,"href":"https:\/\/conakrynews.org\/index.php\/wp-json\/wp\/v2\/categories?post=17136"},{"taxonomy":"post_tag","embeddable":true,"href":"https:\/\/conakrynews.org\/index.php\/wp-json\/wp\/v2\/tags?post=17136"}],"curies":[{"name":"wp","href":"https:\/\/api.w.org\/{rel}","templated":true}]}}