{"id":1721,"date":"2017-11-26T00:16:54","date_gmt":"2017-11-25T23:16:54","guid":{"rendered":"https:\/\/conakrynews.org\/?p=1721"},"modified":"2017-11-26T00:16:54","modified_gmt":"2017-11-25T23:16:54","slug":"conakry-bientot-lorganisation-de-conference-internationale-mouvement-migratoire","status":"publish","type":"post","link":"https:\/\/conakrynews.org\/index.php\/conakry-bientot-lorganisation-de-conference-internationale-mouvement-migratoire\/","title":{"rendered":"Conakry: Bient\u00f4t l\u2019Organisation  de la Conf\u00e9rence Internationale  sur le \u2018\u2019Mouvement Migratoire\u2019\u2019"},"content":{"rendered":"<p><b>Au si\u00e8ge du Conseil \u00c9conomique\u00a0et Social ce Samedi 25 Novembre 2017 \u00e0 Conakry, le repr\u00e9sentant du parlement Africain\u00a0 de la soci\u00e9t\u00e9 civile \u00e9tait en face des m\u00e9dias pour annoncer officiellement\u00a0 \u00a0la tenue de la \u00a0conf\u00e9rence internationale sur\u00a0 le \u2018\u2019 Mouvement Migratoire\u2019\u2019, qui se tiendra \u00a0du 18 au 20 D\u00e9cembre 2017 en Guin\u00e9e.<\/b><\/p>\n<p>&nbsp;<\/p>\n<p>A l\u2019entame de son expos\u00e9, le repr\u00e9sentant du parlement Africain de la Soci\u00e9t\u00e9 Civile, Mr. Yves Magloire \u00a0a d\u00e9clar\u00e9 que la crise migratoire est devenue un ph\u00e9nom\u00e8ne inqui\u00e9tant pour le continent Africain. \u00ab\u00a0Aujourd&rsquo;hui, nous sommes en phase d\u2019une crise que l\u2019humanit\u00e9 traverse ces \u00a0dix (10) derni\u00e8res ann\u00e9es. Il s\u2019agit \u00a0de la crise migratoire, une pratique devenue un ph\u00e9nom\u00e8ne de soci\u00e9t\u00e9 inqui\u00e9tant qui fait que les jeunes du continent en manquent de solutions fiables \u00a0dans leur propre pays se lancent vers des horizons inconnues, vers un monde sans rep\u00e8re ni boussole, a-expliqu\u00e9 Yves Magloire.<\/p>\n<p>&nbsp;<\/p>\n<p><img loading=\"lazy\" decoding=\"async\" class=\"alignnone size-medium wp-image-1722\" src=\"https:\/\/conakrynews.org\/wp-content\/uploads\/2017\/11\/Yves-Magloire-500x375.jpg\" alt=\"\" width=\"500\" height=\"375\" srcset=\"https:\/\/conakrynews.org\/wp-content\/uploads\/2017\/11\/Yves-Magloire-500x375.jpg 500w, https:\/\/conakrynews.org\/wp-content\/uploads\/2017\/11\/Yves-Magloire-768x576.jpg 768w\" sizes=\"auto, (max-width: 500px) 100vw, 500px\" \/>Avant d\u2019interpeller\u00a0 les \u00a0gouvernements des pays et les institutions \u00e0 trouver des \u00a0solutions idoines\u00a0 pour rem\u00e9dier le ph\u00e9nom\u00e8ne de la migration dans le monde. \u00ab Mes Fr\u00e8res et s\u0153urs, comment accepter qu\u2019un africain vend un autre aux ench\u00e8res. Et, pourquoi \u00a0ne pas lancer un cri de c\u0153ur pour\u00a0 dire non \u00e0 de telles pratiques criminelles sur le continent africain. Vous aurez donc compris des enjeux de la premi\u00e8re conf\u00e9rence internationale sur la crise migratoire qui sera organis\u00e9e par \u00a0l\u2019ECOSOC et le parlement africain de la soci\u00e9t\u00e9 civile pour trouver des \u00a0solutions idoines qui s\u2019imposent \u00a0afin que les gouvernements des pays, \u00a0les institutions nationales et internationales, les organisations politiques et celles \u00a0de la soci\u00e9t\u00e9 civile reprennent les initiatives allant dans le sens de ces solutions \u00a0tant attendues par les peuples\u00a0 africains \u00bb, a\u00a0 soulign\u00e9 \u00a0le repr\u00e9sentant du Parlement Africain de la Soci\u00e9t\u00e9 Civile.<\/p>\n<p>Rench\u00e9rissant, il \u00a0a dit: \u00abActuellement, en Afrique au sud du Sahara et au-del\u00e0 du contient nul n\u2019est sans connaitre \u00a0les dangers qui guettent nos jeunes filles et gar\u00e7ons dipl\u00f4m\u00e9s. Car, le manque d\u2019emploi et les agressions culturelles \u00e0 travers les partages \u00a0m\u00e9diatiques que font les chaines de t\u00e9l\u00e9s de l\u2019occident sur les mentalit\u00e9s des jeunes africains et \u00a0l\u2019\u00e9tat de pauvret\u00e9\u00a0 accrue sans solution sont les causes r\u00e9elles de cette fuite vers l\u2019Europe, une Europe qui chercher comment r\u00e9soudre ses propres probl\u00e8mes\u00bb, a-t-il \u00a0fait savoir.<\/p>\n<p>&nbsp;<\/p>\n<p>Pour terminer, il a \u00a0invit\u00e9 la presse \u00e0 participer massivement et de fa\u00e7on remarquable \u00e0 ces 3 jours de conf\u00e9rence qui\u00a0 est une\u00a0 premi\u00e8re :<\/p>\n<p>&nbsp;<\/p>\n<p>\u00abDes d\u00e9bats th\u00e9matis\u00e9s, des reportages et des \u00e9changes individualis\u00e9s auront lieu lors de ces 3 jours de rencontre afin que la Ville de\u00a0 Conakry\u00a0 et \u00a0l\u2019Afrique \u00a0toute enti\u00e8re aillent \u00a0vers une solution d\u00e9finitive \u00e0 cette \u00a0crise migratoire. Gr\u00e2ce au soutien des Nations Unies, nous allons mettre \u00a0\u00e0 \u00a0la disposition \u00a0des participants un ensemble des documents susceptibles d\u2019aider \u00e0 \u00a0maitriser \u00a0des\u00a0 questions \u00e0 d\u00e9battre\u00a0 durant les travaux.<\/p>\n<p><strong>Oumar Konat\u00e9<\/strong><\/p>\n","protected":false},"excerpt":{"rendered":"<p>Au si\u00e8ge du Conseil \u00c9conomique\u00a0et Social ce Samedi 25 Novembre 2017 \u00e0 Conakry, le repr\u00e9sentant du parlement Africain\u00a0 de la soci\u00e9t\u00e9 civile \u00e9tait en face des m\u00e9dias pour annoncer officiellement\u00a0 \u00a0la tenue de la \u00a0conf\u00e9rence internationale sur\u00a0 le \u2018\u2019 Mouvement Migratoire\u2019\u2019, qui se tiendra \u00a0du 18 au 20 D\u00e9cembre 2017 en Guin\u00e9e. &nbsp; A l\u2019entame [&hellip;]<\/p>\n","protected":false},"author":2,"featured_media":1722,"comment_status":"open","ping_status":"open","sticky":false,"template":"","format":"image","meta":{"footnotes":""},"categories":[58],"tags":[],"class_list":{"0":"post-1721","1":"post","2":"type-post","3":"status-publish","4":"format-image","5":"has-post-thumbnail","7":"category-societe","8":"post_format-post-format-image"},"_links":{"self":[{"href":"https:\/\/conakrynews.org\/index.php\/wp-json\/wp\/v2\/posts\/1721","targetHints":{"allow":["GET"]}}],"collection":[{"href":"https:\/\/conakrynews.org\/index.php\/wp-json\/wp\/v2\/posts"}],"about":[{"href":"https:\/\/conakrynews.org\/index.php\/wp-json\/wp\/v2\/types\/post"}],"author":[{"embeddable":true,"href":"https:\/\/conakrynews.org\/index.php\/wp-json\/wp\/v2\/users\/2"}],"replies":[{"embeddable":true,"href":"https:\/\/conakrynews.org\/index.php\/wp-json\/wp\/v2\/comments?post=1721"}],"version-history":[{"count":0,"href":"https:\/\/conakrynews.org\/index.php\/wp-json\/wp\/v2\/posts\/1721\/revisions"}],"wp:featuredmedia":[{"embeddable":true,"href":"https:\/\/conakrynews.org\/index.php\/wp-json\/wp\/v2\/media\/1722"}],"wp:attachment":[{"href":"https:\/\/conakrynews.org\/index.php\/wp-json\/wp\/v2\/media?parent=1721"}],"wp:term":[{"taxonomy":"category","embeddable":true,"href":"https:\/\/conakrynews.org\/index.php\/wp-json\/wp\/v2\/categories?post=1721"},{"taxonomy":"post_tag","embeddable":true,"href":"https:\/\/conakrynews.org\/index.php\/wp-json\/wp\/v2\/tags?post=1721"}],"curies":[{"name":"wp","href":"https:\/\/api.w.org\/{rel}","templated":true}]}}