{"id":1738,"date":"2017-12-04T12:54:16","date_gmt":"2017-12-04T11:54:16","guid":{"rendered":"https:\/\/conakrynews.org\/?p=1738"},"modified":"2017-12-04T12:54:16","modified_gmt":"2017-12-04T11:54:16","slug":"kindia-kountigui-de-basse-guinee-el-hadj-sekouna-soumah-recu-sages","status":"publish","type":"post","link":"https:\/\/conakrynews.org\/index.php\/kindia-kountigui-de-basse-guinee-el-hadj-sekouna-soumah-recu-sages\/","title":{"rendered":"Kindia : Le Kountigui de la Basse Guin\u00e9e, El Hadj Sekouna Soumah re\u00e7u par les sages"},"content":{"rendered":"<p><strong>Le Dimanche 03 D\u00e9cembre 2017, le Kountigui de la Basse Guin\u00e9e, El Hadj Sekouna soumah a effectu\u00e9 un d\u00e9placement \u00a0avec une forte d\u00e9l\u00e9gation \u00a0des sages des diff\u00e9rentes pr\u00e9fectures de la Basse Cote,\u00a0 \u00a0pour une visit\u00e9\u00a0 dans la Ville de Kindia .L\u2019objectif de cette visite \u00a0dans ces localit\u00e9s de Kania \u00e9tait de proc\u00e9der \u00a0\u00a0\u00e0 des pri\u00e8res et b\u00e9n\u00e9dictions pour les grands \u00a0parents ,parents ,amis \u00a0et proches inhum\u00e9s dans les Cimeti\u00e8res de \u00a0CONDETTA et \u00a0FIGUIAGBE.<\/strong><\/p>\n<p><strong>\u00a0\u00a0\u00a0<\/strong><\/p>\n<p>D\u00e8s son arriv\u00e9 dans la Ville de Kindia ,El\u00a0 Hadj Sekouna Soumah, Kountigui de la Basse Guin\u00e9e \u00a0accompagn\u00e9 par des membres de son Cabinet a fait un\u00a0 escale \u00a0\u00e0 la grande mosqu\u00e9e \u00a0de Sarankhoul\u00e9ya,\u00a0 o\u00f9 il a partag\u00e9 des pri\u00e8res \u00a0et b\u00e9n\u00e9dictions avec les sages et les imams \u00a0\u00e0 la faveur de \u00a0\u00a0la paix et le \u00a0bien \u00eatre\u00a0 de tous les\u00a0 \u00a0guin\u00e9ens.<\/p>\n<p>Apr\u00e8s cette \u00e9tape\u00a0 de la visite, le Kountigui de la Basse Guin\u00e9e et sa\u00a0 d\u00e9l\u00e9gation ont \u00e9t\u00e9 re\u00e7u\u00a0 par les sages du quartier CONDETTA (Kindia) pour\u00a0 des autres \u00a0pri\u00e8res et b\u00e9n\u00e9dictions de toutes les personnes\u00a0 \u00a0\u00a0inhum\u00e9es au Cimeti\u00e8re\u00a0\u00a0 de ce grand \u00a0quartier de la Ville de Kindia.<\/p>\n<p>&nbsp;<\/p>\n<p>A friguiagb\u00e9 , o\u00f9 les sages de ce quartier avaient organis\u00e9s une grande c\u00e9r\u00e9monie consacr\u00e9e \u00e0 l\u2019inauguration du grand Cimeti\u00e8re de la localit\u00e9, El hadj Sekouna Soumah a longtemps \u00e9chang\u00e9 avec les sages et la jeunesse de Friguiagb\u00e9 afin de trouver des voies et moyens efficaces pour le d\u00e9veloppement rapide <img loading=\"lazy\" decoding=\"async\" class=\"alignnone size-medium wp-image-1739\" src=\"https:\/\/conakrynews.org\/wp-content\/uploads\/2017\/12\/Photo-Kountigui-500x375.jpg\" alt=\"\" width=\"500\" height=\"375\" srcset=\"https:\/\/conakrynews.org\/wp-content\/uploads\/2017\/12\/Photo-Kountigui-500x375.jpg 500w, https:\/\/conakrynews.org\/wp-content\/uploads\/2017\/12\/Photo-Kountigui-768x576.jpg 768w, https:\/\/conakrynews.org\/wp-content\/uploads\/2017\/12\/Photo-Kountigui.jpg 960w\" sizes=\"auto, (max-width: 500px) 100vw, 500px\" \/>de la Pr\u00e9fecture de Kindia en g\u00e9n\u00e9ral.<\/p>\n<p>Dans sa\u00a0 d\u00e9claration, El Hadj Sekouna Soumah,Kountigui de la Basse Guin\u00e9e \u00a0a exhort\u00e9 aux sages et les jeunes de Friguiagb\u00e9 d\u2019accepter l\u2019union et la coh\u00e9sion\u00a0 pour l\u2019int\u00e9r\u00eat de tous les fils de cette r\u00e9gion.<\/p>\n<p>&nbsp;<\/p>\n<p>Pour sa part, le porte parole des sages de Friguiagb\u00e9 a exprim\u00e9 que les sages et les populations de Friguiagb\u00e9 sont\u00a0 satisfaits \u00a0de la pr\u00e9sence d\u2019El Hadj Sekouna soumah \u00e0 l\u2019occasion de cette c\u00e9r\u00e9monie inaugurale du grand Cimeti\u00e8re de Friguiagb\u00e9,qui est un Don \u00a0du ministre Oy\u00e9 Guilavogui \u00a0pour les populations \u00a0de cette localit\u00e9.<\/p>\n<p>&nbsp;<\/p>\n<p>A rappel\u00e9 que la C\u00e9r\u00e9monie a pris fin par des pri\u00e8res et b\u00e9n\u00e9dictions pour les m\u00e9moires de tous les parents d\u00e9c\u00e9d\u00e9s qui sont inhum\u00e9s dans ce Cimeti\u00e8re.<\/p>\n<p><strong>Sylla Ibrahima Kalil \u00a0\u00a0\u00a0\u00a0\u00a0\u00a0<\/strong><\/p>\n<p>&nbsp;<\/p>\n","protected":false},"excerpt":{"rendered":"<p>Le Dimanche 03 D\u00e9cembre 2017, le Kountigui de la Basse Guin\u00e9e, El Hadj Sekouna soumah a effectu\u00e9 un d\u00e9placement \u00a0avec une forte d\u00e9l\u00e9gation \u00a0des sages des diff\u00e9rentes pr\u00e9fectures de la Basse Cote,\u00a0 \u00a0pour une visit\u00e9\u00a0 dans la Ville de Kindia .L\u2019objectif de cette visite \u00a0dans ces localit\u00e9s de Kania \u00e9tait de proc\u00e9der \u00a0\u00a0\u00e0 des pri\u00e8res [&hellip;]<\/p>\n","protected":false},"author":2,"featured_media":1739,"comment_status":"open","ping_status":"open","sticky":false,"template":"","format":"image","meta":{"footnotes":""},"categories":[58],"tags":[],"class_list":{"0":"post-1738","1":"post","2":"type-post","3":"status-publish","4":"format-image","5":"has-post-thumbnail","7":"category-societe","8":"post_format-post-format-image"},"_links":{"self":[{"href":"https:\/\/conakrynews.org\/index.php\/wp-json\/wp\/v2\/posts\/1738","targetHints":{"allow":["GET"]}}],"collection":[{"href":"https:\/\/conakrynews.org\/index.php\/wp-json\/wp\/v2\/posts"}],"about":[{"href":"https:\/\/conakrynews.org\/index.php\/wp-json\/wp\/v2\/types\/post"}],"author":[{"embeddable":true,"href":"https:\/\/conakrynews.org\/index.php\/wp-json\/wp\/v2\/users\/2"}],"replies":[{"embeddable":true,"href":"https:\/\/conakrynews.org\/index.php\/wp-json\/wp\/v2\/comments?post=1738"}],"version-history":[{"count":0,"href":"https:\/\/conakrynews.org\/index.php\/wp-json\/wp\/v2\/posts\/1738\/revisions"}],"wp:featuredmedia":[{"embeddable":true,"href":"https:\/\/conakrynews.org\/index.php\/wp-json\/wp\/v2\/media\/1739"}],"wp:attachment":[{"href":"https:\/\/conakrynews.org\/index.php\/wp-json\/wp\/v2\/media?parent=1738"}],"wp:term":[{"taxonomy":"category","embeddable":true,"href":"https:\/\/conakrynews.org\/index.php\/wp-json\/wp\/v2\/categories?post=1738"},{"taxonomy":"post_tag","embeddable":true,"href":"https:\/\/conakrynews.org\/index.php\/wp-json\/wp\/v2\/tags?post=1738"}],"curies":[{"name":"wp","href":"https:\/\/api.w.org\/{rel}","templated":true}]}}