{"id":17503,"date":"2022-12-16T18:19:45","date_gmt":"2022-12-16T18:19:45","guid":{"rendered":"https:\/\/conakrynews.org\/?p=17503"},"modified":"2022-12-16T18:19:45","modified_gmt":"2022-12-16T18:19:45","slug":"environnement-un-premier-marche-africain-volontaire-du-carbone","status":"publish","type":"post","link":"https:\/\/conakrynews.org\/index.php\/environnement-un-premier-marche-africain-volontaire-du-carbone\/","title":{"rendered":"Environnement: Un premier march\u00e9 africain volontaire du carbone"},"content":{"rendered":"<p>Selon le PNUD, les march\u00e9s volontaires du carbone (nationaux et internationaux) d\u00e9signent l&rsquo;\u00e9mission, l&rsquo;achat et la vente de cr\u00e9dits carbone, sur une base volontaire. Foto: Jens B\u00fcttner\/dpa<\/p>\n<p>Ce march\u00e9 a \u00e9t\u00e9 con\u00e7u pour soutenir les entreprises africaines \u00e0 s\u2019engager dans des activit\u00e9s de r\u00e9duction des \u00e9missions de CO2, l\u2019\u00e9l\u00e9ment chimique responsable du r\u00e9chauffement climatique plan\u00e9taire.<\/p>\n<p>Premier du genre en Afrique, le march\u00e9 africain volontaire du carbone (MAVC), cr\u00e9\u00e9 r\u00e9cemment \u00e0 l\u2019initiative de l\u2019\u00c9gypte, devrait faciliter l\u2019acc\u00e8s d\u2019entreprises \u00e9gyptiennes et africaines aux financements climatiques. Ce march\u00e9 a \u00e9t\u00e9 lanc\u00e9 lors de la 27e Conf\u00e9rence des Nations unies sur le changement climatique (COP27) organis\u00e9e en novembre en \u00c9gypte. Il consiste en une plateforme pour l\u2019\u00e9mission et l\u2019\u00e9change de certificats carbone, a indiqu\u00e9 le gouvernement \u00e9gyptien.<\/p>\n<p>Le MAVC a \u00e9t\u00e9 con\u00e7u pour soutenir les entreprises \u00e9conomiques op\u00e9rant en \u00c9gypte et en Afrique \u00e0 s\u2019engager dans des activit\u00e9s de r\u00e9duction des \u00e9missions de dioxyde de carbone (CO2), l\u2019\u00e9l\u00e9ment chimique responsable du r\u00e9chauffement climatique plan\u00e9taire, a-t-on pr\u00e9cis\u00e9. Il s\u2019agit aussi de permettre \u00e0 ces entreprises de b\u00e9n\u00e9ficier de cr\u00e9dit carbone, a-t-on expliqu\u00e9. Selon le Programme des Nations unies pour le d\u00e9veloppement (PNUD), les march\u00e9s volontaires du carbone (nationaux et internationaux) d\u00e9signent l\u2019\u00e9mission, l\u2019achat et la vente de cr\u00e9dits carbone, sur une base volontaire. Un cr\u00e9dit carbone n\u00e9gociable \u00e9quivaut \u00e0 une tonne de CO2, ou \u00e0 la quantit\u00e9 \u00e9quivalente d\u2019un autre gaz \u00e0 effet de serre, qui est r\u00e9duite, s\u00e9questr\u00e9e ou \u00e9vit\u00e9e, d\u2019apr\u00e8s la m\u00eame source.<\/p>\n<p>Compenser son empreinte carbone<\/p>\n<p>L\u2019offre actuelle de cr\u00e9dits carbone volontaires provient principalement d\u2019entit\u00e9s priv\u00e9es qui d\u00e9veloppent des projets carbone, ou de gouvernements qui d\u00e9veloppent des programmes certifi\u00e9s par des normes carbone qui g\u00e9n\u00e8rent des r\u00e9ductions et\/ou des absorptions d\u2019\u00e9missions, explique-t-on.<\/p>\n<p>La demande provient de particuliers qui souhaitent compenser leur empreinte carbone, d\u2019entreprises ayant des objectifs de d\u00e9veloppement durable, et d\u2019autres acteurs qui cherchent \u00e0 \u00e9changer des cr\u00e9dits \u00e0 un prix plus \u00e9lev\u00e9 pour r\u00e9aliser un profit. D\u00e9velopp\u00e9 par le protocole de Kyoto (1997), le cr\u00e9dit carbone vise \u00e0 orienter les entreprises vers la r\u00e9duction des \u00e9missions de gaz \u00e0 effet de serre (GES), responsables du r\u00e9chauffement climatique.<\/p>\n<p>L\u2019Afrique, responsable de quatre pour cent seulement des \u00e9missions mondiales de GES, est le continent le moins pollueur de la plan\u00e8te, selon l\u2019Organisation des Nations unies (ONU). Paradoxalement, elle est la r\u00e9gion du monde la plus impact\u00e9e par les effets n\u00e9fastes du changement climatique, qui se traduisent souvent par des s\u00e9cheresses r\u00e9currentes, des inondations meurtri\u00e8res et des cyclones tropicaux.<\/p>\n<p>Avec dpa-news<\/p>\n","protected":false},"excerpt":{"rendered":"<p>Selon le PNUD, les march\u00e9s volontaires du carbone (nationaux et internationaux) d\u00e9signent l&rsquo;\u00e9mission, l&rsquo;achat et la vente de cr\u00e9dits carbone, sur une base volontaire. Foto: Jens B\u00fcttner\/dpa Ce march\u00e9 a \u00e9t\u00e9 con\u00e7u pour soutenir les entreprises africaines \u00e0 s\u2019engager dans des activit\u00e9s de r\u00e9duction des \u00e9missions de CO2, l\u2019\u00e9l\u00e9ment chimique responsable du r\u00e9chauffement climatique plan\u00e9taire. [&hellip;]<\/p>\n","protected":false},"author":2,"featured_media":17504,"comment_status":"closed","ping_status":"closed","sticky":false,"template":"","format":"standard","meta":{"footnotes":""},"categories":[58],"tags":[],"class_list":{"0":"post-17503","1":"post","2":"type-post","3":"status-publish","4":"format-standard","5":"has-post-thumbnail","7":"category-societe"},"_links":{"self":[{"href":"https:\/\/conakrynews.org\/index.php\/wp-json\/wp\/v2\/posts\/17503","targetHints":{"allow":["GET"]}}],"collection":[{"href":"https:\/\/conakrynews.org\/index.php\/wp-json\/wp\/v2\/posts"}],"about":[{"href":"https:\/\/conakrynews.org\/index.php\/wp-json\/wp\/v2\/types\/post"}],"author":[{"embeddable":true,"href":"https:\/\/conakrynews.org\/index.php\/wp-json\/wp\/v2\/users\/2"}],"replies":[{"embeddable":true,"href":"https:\/\/conakrynews.org\/index.php\/wp-json\/wp\/v2\/comments?post=17503"}],"version-history":[{"count":0,"href":"https:\/\/conakrynews.org\/index.php\/wp-json\/wp\/v2\/posts\/17503\/revisions"}],"wp:featuredmedia":[{"embeddable":true,"href":"https:\/\/conakrynews.org\/index.php\/wp-json\/wp\/v2\/media\/17504"}],"wp:attachment":[{"href":"https:\/\/conakrynews.org\/index.php\/wp-json\/wp\/v2\/media?parent=17503"}],"wp:term":[{"taxonomy":"category","embeddable":true,"href":"https:\/\/conakrynews.org\/index.php\/wp-json\/wp\/v2\/categories?post=17503"},{"taxonomy":"post_tag","embeddable":true,"href":"https:\/\/conakrynews.org\/index.php\/wp-json\/wp\/v2\/tags?post=17503"}],"curies":[{"name":"wp","href":"https:\/\/api.w.org\/{rel}","templated":true}]}}