{"id":17676,"date":"2022-12-22T18:20:27","date_gmt":"2022-12-22T18:20:27","guid":{"rendered":"https:\/\/conakrynews.org\/?p=17676"},"modified":"2022-12-22T18:20:27","modified_gmt":"2022-12-22T18:20:27","slug":"dialogue-inclusif-inter-guineen-voici-les-35-points-de-recommandations-formulees","status":"publish","type":"post","link":"https:\/\/conakrynews.org\/index.php\/dialogue-inclusif-inter-guineen-voici-les-35-points-de-recommandations-formulees\/","title":{"rendered":"Dialogue inclusif inter-guin\u00e9en : Voici les 35 points de recommandations formul\u00e9es"},"content":{"rendered":"<div class=\"wrapper-outer\">\n<aside id=\"slide-out\">\n<div class=\"search-mobile\"><button class=\"search-button\" type=\"submit\" value=\"Recherche\"><i class=\"fa fa-search\"><\/i><\/button><\/div>\n<div class=\"social-icons\"><\/div>\n<\/aside>\n<div id=\"wrapper\" class=\"wide-layout\">\n<div class=\"inner-wrapper\">\n<header id=\"theme-header\" class=\"theme-header\">\n<div class=\"header-content\"><a id=\"slide-out-open\" class=\"slide-out-open\" href=\"https:\/\/www.guineequotidien.com\/2022\/12\/22\/dialogue-inclusif-inter-guineen-voici-les-35-points-de-recommandations-formulees\/#\"><\/a><\/p>\n<div class=\"logo\">\n<h2><\/h2>\n<\/div>\n<div class=\"e3lan e3lan-top\"><a title=\"\" href=\"https:\/\/www.dw.com\/en\/top-stories\/s-9097\" target=\"_blank\" rel=\"noopener\"><img decoding=\"async\" src=\"https:\/\/www.guineequotidien.com\/wp-content\/uploads\/2019\/01\/noname.jpeg\" alt=\"\" \/><\/a><\/div>\n<div class=\"clear\"><\/div>\n<\/div>\n<\/header>\n<div class=\"clear\"><\/div>\n<div id=\"main-content\" class=\"container\">\n<div class=\"content\">\n<article id=\"the-post\" class=\"post-listing post-23430 post type-post status-publish format-standard has-post-thumbnail  category-politique\">\n<div class=\"post-inner\">\n<div class=\"clear\"><\/div>\n<div class=\"entry\">\n<p>Avant la remise officielle de la conclusion du dialogue inclusif inter-guin\u00e9en, tenu du 24 novembre au 15 d\u00e9cembre 2022 au Pr\u00e9sident de la transition, le colonel Mamadi Doumbouya, le groupe de facilitatrices et a formul\u00e9 une\u00a0 recommandation de 35 points pour la r\u00e9ussite de la transition en Guin\u00e9e.<\/p>\n<p><strong>Ci-dessous les 35 points de recommandations formul\u00e9es :<\/strong><\/p>\n<p>&nbsp;<\/p>\n<p>1-L\u2019administratif \u00e0 vocation d\u2019\u00e9tat civil (RAVEC) en vue d\u2019y extraire les donn\u00e9es des personnes en \u00e2ge de voter afin de constituer le fichier \u00e9lectoral dans un d\u00e9lai de 12 mois ;<\/p>\n<p>&nbsp;<\/p>\n<p>Am\u00e9liorer le cadre l\u00e9gal et r\u00e9glementaire li\u00e9 aux faits d\u2019\u00e9tat civil tout en prenant en compte les mariages coutumiers et religieux et la r\u00e9duction des frais de d\u00e9livrance de ces actes ;<\/p>\n<p>Veiller \u00e0 la vulgarisation et au respect strict des lois et proc\u00e9dures en la mati\u00e8re ;<\/p>\n<p>Renforcer les capacit\u00e9s institutionnelles et op\u00e9rationnelles des services de l\u2019\u00e9tat civil et proc\u00e9der \u00e0 la reconstruction des registres d\u2019\u00e9tat civil des localit\u00e9s victimes de destruction lors des soul\u00e8vements populaires ;<\/p>\n<p>Accorder aux officiers d\u00e9l\u00e9gu\u00e9s des centres secondaires d\u2019\u00e9tat civil la possibilit\u00e9 de signer les actes, et assurer la gratuit\u00e9 de la d\u00e9livrance des actes d\u2019\u00e9tat civil dans le cadre du PN-RAVEC ;<\/p>\n<p>Privil\u00e9gier les comp\u00e9tences locales dans le cadre des enqu\u00eates m\u00e9nage et associer les acteurs sociaux (Religieux, communicateurs traditionnels, \u00e9lus locaux, leaders d\u2019opinion, les organisations de la soci\u00e9t\u00e9 civile) dans la mise en \u0153uvre du PN-RAVEC.<\/p>\n<p>3- L\u2019ETABLISSEMENT DU FICHIER ELECTORAL<\/p>\n<p>3.1. Pr\u00e9sentation et aspects abord\u00e9s sur la th\u00e9matique<\/p>\n<p>&nbsp;<\/p>\n<p>A l\u2019issue des travaux, les participants ont pu apporter des contributions techniques et r\u00e9glementaires pour l\u2019obtention d\u2019un fichier \u00e9lectoral consensuel pour un retour \u00e0 l\u2019ordre constitutionnel \u00e0 travers des \u00e9lections libres, transparentes et cr\u00e9dibles dont les r\u00e9sultats seront accept\u00e9s par tous.<\/p>\n<p>&nbsp;<\/p>\n<p>C\u2019est ainsi que les propositions ont port\u00e9 sur les m\u00e9canismes juridiques et techniques pour l\u2019\u00e9tablissement d\u2019un fichier \u00e9lectoral et son calendrier de mise en \u0153uvre.<\/p>\n<p>8-\u00a0 \u00a0 D\u00e9fis<\/p>\n<p>&nbsp;<\/p>\n<p>L\u2019\u00e9tablissement d\u2019un fichier \u00e9lectoral fiable et accept\u00e9 de tous les acteurs du processus \u00e9lectoral ;<\/p>\n<p>La d\u00e9finition du cadre juridique et institutionnel du processus \u00e9lectoral avant l\u2019\u00e9tablissement du fichier \u00e9lectoral ;<\/p>\n<p>L\u2019\u00e9tablissement du fichier \u00e9lectoral dans le d\u00e9lai requis en tenant compte des conditions climatiques et g\u00e9ographiques.<\/p>\n<p>&nbsp;<\/p>\n<p>3.3. Recommandations<\/p>\n<p>&nbsp;<\/p>\n<p>Elaborer et vulgariser la loi \u00e9lectorale et tous ses textes d\u2019application subs\u00e9quents avant le d\u00e9clenchement des op\u00e9rations relatives \u00e0 la mise en place du fichier \u00e9lectoral ;<\/p>\n<p>Mobiliser les ressources mat\u00e9rielles, humaines et financi\u00e8res n\u00e9cessaires \u00e0 l\u2019op\u00e9ration d\u2019enr\u00f4lement et, planifier leurs mises \u00e0 disposition conform\u00e9ment au chronogramme \u00e9lectoral ;<\/p>\n<p>Planifier et mettre en \u0153uvre l\u2019op\u00e9ration d\u2019enr\u00f4lement en tenant compte du contexte climatique, g\u00e9ographique et culturel ;<\/p>\n<p>Rendre inclusif l\u2019\u00e9tablissement du fichier \u00e9lectoral et r\u00e9unir les conditions de transparence et d\u2019\u00e9quit\u00e9 dans le processus de d\u00e9ploiement des mat\u00e9riels et \u00e9quipes d\u2019enr\u00f4lement ;<\/p>\n<p>Surveiller la remont\u00e9e des donn\u00e9es et des supports num\u00e9ris\u00e9s ayant servi \u00e0 l\u2019enregistrement des \u00e9lecteurs.<\/p>\n<p>&nbsp;<\/p>\n<p>4- DE L\u2019ELABORATION DE LA NOUVELLE CONSTITUTION<\/p>\n<p>&nbsp;<\/p>\n<p>4.1. Pr\u00e9sentation et aspects abord\u00e9s sur la th\u00e9matique<\/p>\n<p>&nbsp;<\/p>\n<p>Dans le cadre de l\u2019\u00e9laboration de la nouvelle constitution les participants ont fait des propositions suivantes :<\/p>\n<p>En ce qui concerne la Souverainet\u00e9 de l\u2019Etat<\/p>\n<p>&nbsp;<\/p>\n<p>\u2013 Conserver le caract\u00e8re unitaire de l\u2019Etat et la possibilit\u00e9 d\u2019un Etat f\u00e9d\u00e9ral avec d\u2019autres Etats de la sous-r\u00e9gion ;<\/p>\n<p>&nbsp;<\/p>\n<p>\u2013 Faire du fran\u00e7ais la langue de travail au lieu de la langue officielle ;<\/p>\n<p>&nbsp;<\/p>\n<p>\u2013 Faire obligation \u00e0 l\u2019Etat d\u2019assurer la promotion des langues nationales.<\/p>\n<p>En ce qui concerne des Droits, Devoirs et Libert\u00e9s<\/p>\n<p>&nbsp;<\/p>\n<p>\u2013 Prendre en compte les droits et libert\u00e9s tels que contenus dans les textes constitutionnels de 2010 et de 2020 ;<\/p>\n<p>&nbsp;<\/p>\n<p>\u2013 Approfondir et renforcer les droits, libert\u00e9s individuelles et collectives.<\/p>\n<p>&nbsp;<\/p>\n<p>En ce qui concerne le Pouvoir Ex\u00e9cutif :<\/p>\n<p>&nbsp;<\/p>\n<p>Traiter en deux chapitres consacr\u00e9s respectivement au Pr\u00e9sident de la R\u00e9publique et au Premier Ministre.<\/p>\n<p>&nbsp;<\/p>\n<p>\u27a2 Le Pr\u00e9sident de la R\u00e9publique :<\/p>\n<p>&nbsp;<\/p>\n<p>\u2013 Limiter les pouvoirs de nomination du Pr\u00e9sident de la R\u00e9publique ;<\/p>\n<p>&nbsp;<\/p>\n<p>\u2013 L\u2019\u00e9lire pour un mandant de 5 ans renouvelable une seule fois ;<\/p>\n<p>&nbsp;<\/p>\n<p>\u2013 Fixer l\u2019\u00e2ge minimum \u00e0 30 ans pour l\u2019accession \u00e0 la magistrature supr\u00eame et 75 ans pour l\u2019\u00e2ge limite de candidature ;<\/p>\n<p>&nbsp;<\/p>\n<p>Impliquer le Conseil National de l\u2019ordre des m\u00e9decins dans la d\u00e9signation des membres du coll\u00e8ge des m\u00e9decins qui doivent certifier l\u2019\u00e9tat de sant\u00e9 du candidat \u00e0 la Pr\u00e9sidence de la R\u00e9publique ;<\/p>\n<p>\u2013 Maintenir l\u2019incompatibilit\u00e9 de la fonction de Pr\u00e9sident de la R\u00e9publique avec toutes autres fonctions \u00e9lectives ;<\/p>\n<ol start=\"2\">\n<li>\u2013 Exiger la Nationalit\u00e9 Guin\u00e9enne d\u2019origine avec une r\u00e9sidence d\u2019au moins 5 ans en Guin\u00e9e avant la candidature ;\u2013 Maintenir le Pr\u00e9sident de l\u2019Assembl\u00e9e nationale comme int\u00e9rimaire en cas de vacances du pouvoir ;\n<p>\u2013 Pr\u00e9voir l\u2019organisation de l\u2019\u00e9lection pr\u00e9sidentielle 90 jours en cas de vacance du pouvoir au lieu de 60 jours.<\/p>\n<p>\u27a2\u00a0Le Premier Ministre :<\/p>\n<p>\u2013 Maintenir le premier Ministre dans les fonctions de chef de gouvernement<\/p>\n<p>Maintenir le pouvoir de nomination et de r\u00e9vocation du Pr\u00e9sident de la R\u00e9publique sur la fonction de Premier ministre ;<\/li>\n<li>Attribuer la comp\u00e9tence de la conception de l\u2019architecture gouvernementale et de sa composition en lien avec le Pr\u00e9sident de la R\u00e9publique ;\u2013 Attribuer au Premier Ministre, la responsabilit\u00e9 du dialogue socio-politique.En ce qui concerne l\u2019Assembl\u00e9e nationale\n<p>\u2013 Augmenter le nombre de d\u00e9put\u00e9s<\/p>\n<p>\u2013 Pr\u00e9voir 4 D\u00e9put\u00e9s issus de la diaspora dans 4 circonscriptions au niveau international : Afrique, Am\u00e9rique du Nord, Asie et Europe ;<\/p>\n<p>\u2013 Garder le mandat des d\u00e9put\u00e9s \u00e0 5 ans ;<\/p>\n<p>\u2013 Exiger la parit\u00e9 \u00e0 tous les postes \u00e9lectifs et nominatifs ;<\/p>\n<p>\u2013 Permettre la candidature \u00e0 la d\u00e9putation \u00e0 l\u2019\u00e2ge minimum de 25 ans ;<\/p>\n<p>\u2013 Interdire le Cumul de mandat D\u00e9put\u00e9-Maire ;<\/p>\n<p><strong>Accepter la candidature ind\u00e9pendante aux \u00e9lections locales et l\u2019interdire au niveau des \u00e9lections l\u00e9gislatives et \u00e0 l\u2019\u00e9lection pr\u00e9sidentielle.<\/strong><\/p>\n<p>En ce qui concerne la R\u00e9vision de la Constitution<\/li>\n<li>Reconduire l\u2019esprit des dispositions insusceptibles d\u2019\u00eatre r\u00e9vis\u00e9es, notamment : le nombre et la dur\u00e9e du mandat pr\u00e9sidentiel, la forme R\u00e9publicaine de l\u2019Etat, le principe de la La\u00efcit\u00e9 ; le pluralisme politique, le principe de s\u00e9paration et de l\u2019\u00e9quilibre des pouvoirs ;\u27a2\u00a0Reconduire aussi les emp\u00eachements \u00e0 r\u00e9vision en cas de suppl\u00e9ance ou d\u2019occupation du Territoire&nbsp;\n<p>4.2. D\u00e9fis<\/p>\n<ul>\n<li>La d\u00e9termination de la nature du r\u00e9gime politique adapt\u00e9 aux r\u00e9alit\u00e9s du pays ;<\/li>\n<li>Le fonctionnement r\u00e9gulier des institutions et l\u2019\u00e9quilibre des pouvoirs ;<\/li>\n<li>La rationalisation des pouvoirs du Pr\u00e9sident de la R\u00e9publique ;<\/li>\n<li>Les conditions d\u2019\u00e9ligibilit\u00e9 des candidats \u00e0 l\u2019\u00e9lection pr\u00e9sidentielle notamment la question de l\u2019\u00e2ge et les types de candidature aux \u00e9lections ;<\/li>\n<li>La question du genre relative au respect du principe de parit\u00e9 aux \u00e9lections politiques.<\/li>\n<\/ul>\n<p>4.3. Recommandations<\/p>\n<ol>\n<li>Associer un Comit\u00e9 Constitutionnel sous l\u2019autorit\u00e9 du CNT et compos\u00e9 notamment de juristes, sociologues, \u00e9conomistes, \u00e9crivains, politologues, historiens et anthropologues \u00e0 la r\u00e9daction de l\u2019avant-projet de la nouvelle Constitution ;<\/li>\n<li>Promouvoir la parit\u00e9 \u00e0 tous les postes nominatifs \u00e0 comp\u00e9tences \u00e9gales et sur les listes de candidature aux \u00e9lections locales et l\u00e9gislatives ;<\/li>\n<li>Mettre en place un r\u00e9gime pr\u00e9sidentiel avec un Premier Ministre Chef du Gouvernement ;<\/li>\n<li>Institutionnaliser le statut de la Premi\u00e8re Dame ou du Premier Monsieur de la R\u00e9publique ;<\/li>\n<li>Maintenir, pour l\u2019\u00e9lection pr\u00e9sidentielle, le principe de deux mandats, cons\u00e9cutifs ou non, \u00e0 raison d\u2019une dur\u00e9e de cinq (5) ans par mandat ;<\/li>\n<li>Fixer la limite d\u2019\u00e2ge \u00e0 35 ans au minimum et \u00e0 75 ans au maximum pour les candidatures \u00e0 l\u2019\u00e9lection pr\u00e9sidentielle. Pour les prochaines \u00e9lections pr\u00e9sidentielles, les personnes ayant 75 ans r\u00e9volus au 31 d\u00e9cembre 2024 sont autoris\u00e9es \u00e0 \u00eatre candidates ;<\/li>\n<li>Exiger que les Pr\u00e9sidents des institutions et membres du Gouvernement, les Directeurs des r\u00e9gies financi\u00e8res, EPA, EPIC et soci\u00e9t\u00e9s publiques d\u00e9clarent leurs biens avant et apr\u00e8s leur fonction.<\/li>\n<li>5- L\u2019ORGANISATION DU SCRUTIN REFERENDAIRE<\/li>\n<li>5.1. Pr\u00e9sentation et aspects abord\u00e9s sur la th\u00e9matique<\/li>\n<\/ol>\n<\/li>\n<li>Apr\u00e8s avoir constat\u00e9 le vide juridique sur les modalit\u00e9s d\u2019organisation du scrutin r\u00e9f\u00e9rendaire, les panelistes ont analys\u00e9 et apport\u00e9 des propositions suivantes :<\/li>\n<\/ol>\n<p>\u27a2 Le cadre juridique relatif \u00e0 l\u2019organisation du scrutin r\u00e9f\u00e9rendaire ;<\/p>\n<p>&nbsp;<\/p>\n<p>\u27a2 L\u2019organe de gestion du scrutin r\u00e9f\u00e9rendaire ;<\/p>\n<p>&nbsp;<\/p>\n<p>Le corps \u00e9lectoral ;<\/p>\n<p>\u27a2 La vulgarisation du projet de nouvelle constitution ;<\/p>\n<p>&nbsp;<\/p>\n<p>\u27a2 La campagne r\u00e9f\u00e9rendaire.<\/p>\n<p>&nbsp;<\/p>\n<p>5.2. D\u00e9fis<\/p>\n<ul>\n<li>La d\u00e9finition du cadre juridique et institutionnel pour l\u2019organisation du r\u00e9f\u00e9rendum ;<\/li>\n<\/ul>\n<p>L\u2019\u00e9largissement du scrutin r\u00e9f\u00e9rendaire aux Guin\u00e9ens \u00e9tablis \u00e0 l\u2019\u00e9tranger ;<\/p>\n<ul>\n<li>La vulgarisation du contenu du projet de nouvelle Constitution aupr\u00e8s des populations.<\/li>\n<\/ul>\n<p>5.3. Recommandations<\/p>\n<ol>\n<li>Prendre une ordonnance fixant les modalit\u00e9s d\u2019organisation du r\u00e9f\u00e9rendum ;<\/li>\n<li>Confier l\u2019organisation du scrutin r\u00e9f\u00e9rendaire au Minist\u00e8re de l\u2019Administration du territoire et de la D\u00e9centralisation ;<\/li>\n<li>Mettre en place un organe qui serait le garant moral de la transparence du scrutin r\u00e9f\u00e9rendaire. Cet organe d\u00e9nomm\u00e9 Observatoire National du R\u00e9f\u00e9rendum sera charg\u00e9 du contr\u00f4le et de la supervision du d\u00e9roulement des op\u00e9rations du scrutin. Il sera compos\u00e9 des repr\u00e9sentants des partis politiques et de la soci\u00e9t\u00e9 civile ;\n<ol>\n<li>D\u00e9finir l\u2019organe de gestion des futures \u00e9lections dans la nouvelle constitution ;<\/li>\n<li>Elargir le scrutin r\u00e9f\u00e9rendaire aux guin\u00e9ens \u00e9tablis \u00e0 l\u2019\u00e9tranger ;<\/li>\n<li>Organiser des campagnes d\u2019information, de sensibilisation et de vulgarisation du contenu du projet de la nouvelle constitution.<\/li>\n<\/ol>\n<\/li>\n<li>6- ELABORATION DES LOIS ORGANIQUES6.1. Pr\u00e9sentation et aspects abord\u00e9s sur la th\u00e9matiqueAu regard des faits, la r\u00e9vision des textes se r\u00e9v\u00e8le comme une \u00e9vidence et se justifie par le contexte actuel de la transition. Elle se justifie \u00e9galement par la n\u00e9cessit\u00e9 de faire de cette transition, la derni\u00e8re en Guin\u00e9e et ce, \u00e0 travers des \u00e9lections cr\u00e9dibles et accept\u00e9es de tous.\n<p>C\u2019est ainsi que les participants ont fait le constat de l\u2019incompl\u00e9tude, la non-jonction des dispositions r\u00e9glementaires au code \u00e9lectoral, l\u2019absence de cadre juridique pour l\u2019organisation des \u00e9lections r\u00e9f\u00e9rendaires, la non prise en compte des candidatures ind\u00e9pendantes aux \u00e9lections nationales et l\u2019absence de quota allou\u00e9 aux femmes dans le code \u00e9lectoral.<\/p>\n<p>Les insuffisances de la Charte des partis politiques et la n\u00e9cessit\u00e9 de son adaptation a \u00e9galement \u00e9t\u00e9 \u00e9voqu\u00e9e par les participants.<\/p>\n<p>6.2. D\u00e9fis<\/p>\n<ul>\n<li>L\u2019adaptation de la charte des partis politiques aux r\u00e9alit\u00e9s sociopolitiques du pays ;<\/li>\n<li>L\u2019adaptation du code \u00e9lectoral et celui des collectivit\u00e9s locales aux dispositions de la nouvelle constitution ;<\/li>\n<li>L\u2019\u00e9laboration d\u2019une loi sur le financement des partis politiques.<\/li>\n<\/ul>\n<\/li>\n<li>6.3. RecommandationsEn ce qui concerne le code \u00e9lectoral,<\/li>\n<\/ol>\n<ol>\n<li>Pr\u00e9voir des dispositions r\u00e8glementaires dans le code \u00e9lectoral ;<\/li>\n<li>Pr\u00e9voir des dispositions juridiques relatives \u00e0 l\u2019organisation des \u00e9lections r\u00e9f\u00e9rendaires ;<\/li>\n<li>Confier la gestion des \u00e9lections \u00e0 un OGE ind\u00e9pendant plus technique.<\/li>\n<\/ol>\n<p>En ce qui concerne la charte des partis politiques<\/p>\n<ol start=\"4\">\n<li>Elaborer une nouvelle charte des partis politiques du fait de l\u2019inadaptation de celle qui existe en int\u00e9grant les recommandations suivantes :<\/li>\n<li>a) Faire un nouvel expos\u00e9 de motifs en tenant compte des avanc\u00e9es dans le monde et des r\u00e9alit\u00e9s socio-politiques du pays ;<\/li>\n<li>b) Int\u00e9grer dans la charte des partis politiques, la loi portant sur leur financement ;<\/li>\n<li>c) Pr\u00e9voir le renouvellement r\u00e9gulier des instances de prise de d\u00e9cisions au sein des partis politiques.<\/li>\n<li>En ce qui concerne le code des collectivit\u00e9s locales,\n<ol start=\"5\">\n<li>Faire une revue g\u00e9n\u00e9rale afin de l\u2019adapter aux textes existants.<\/li>\n<\/ol>\n<p>7- ORGANISATION DES ELECTIONS LOCALES<\/p>\n<p>7.1. Pr\u00e9sentation et aspects abord\u00e9s sur la th\u00e9matique<\/p>\n<p>L\u2019organisation des \u00e9lections locales est consid\u00e9r\u00e9e comme le soubassement des \u00e9lections nationales car, c\u2019est le premier degr\u00e9 d\u2019expression des opinions du citoyen \u00e0 travers les urnes. Ces \u00e9lections mettent en confiance le citoyen dans le processus de gestion des affaires publiques et lui permettent de participer au d\u00e9veloppement de sa nation.<\/p>\n<p>C\u2019est ainsi que les participants ont abord\u00e9 les points ci-apr\u00e8s :<\/p>\n<p>\u27a2\u00a0Les phases de l\u2019organisation des \u00e9lections locales \u00e0 valider qui se r\u00e9sument en sept (7) \u00e9tapes ;<\/p>\n<p>\u27a2\u00a0L\u2019organisation des \u00e9lections aux niveaux communal et r\u00e9gional ;<\/p>\n<p>\u27a2\u00a0Le mode de d\u00e9signation des conseillers communaux et r\u00e9gionaux ;<\/p>\n<p>\u27a2\u00a0Le mode de d\u00e9signation des responsables des quartiers\/districts.<\/p>\n<p>7.2. D\u00e9fis<\/p>\n<ul>\n<li>L\u2019\u00e9lection des conseillers r\u00e9gionaux et les membres des conseils de quartier et de district ;<\/li>\n<li>L\u2019installation et le choix des membres des ex\u00e9cutifs communaux \u00e0 l\u2019issue des \u00e9lections ;<\/li>\n<li>L\u2019application du principe de la parit\u00e9 aux \u00e9lections locales.<\/li>\n<\/ul>\n<\/li>\n<li>7.3. Recommandations\n<ol>\n<li>Exiger le choix des t\u00eates de listes comme Maires et indiquer que le bureau du conseil communal soit constitu\u00e9 au prorata des r\u00e9sultats obtenus par liste de candidatures ;<\/li>\n<\/ol>\n<\/li>\n<\/ol>\n<p>Tenir la premi\u00e8re session du Conseil Communal \u00e0 la suite d\u2019un arr\u00eat\u00e9 du Ministre en charge de l\u2019Administration du Territoire et de la D\u00e9centralisation au plus-tard trente (30) jours ouvr\u00e9s apr\u00e8s la proclamation des r\u00e9sultats d\u00e9finitifs des \u00e9lections communales ;<\/p>\n<p>Elire les Conseillers R\u00e9gionaux au suffrage indirect pour un mandat de cinq (5) ans, renouvelable ;<\/p>\n<p>Elire les membres du Conseil de Quartier\/District ;<\/p>\n<p>Exiger La parit\u00e9 homme-femme et l\u2019inscrire dans le code \u00e9lectoral.<\/p>\n<p>8- ORGANISATION DES ELECTIONS LEGISLATIVES<\/p>\n<p>&nbsp;<\/p>\n<p>8.1. Pr\u00e9sentation et aspects abord\u00e9s sur la th\u00e9matique<\/p>\n<p>&nbsp;<\/p>\n<p>Apr\u00e8s avoir pr\u00e9sent\u00e9 les six (6) phases et quarante (40) sous-phases dans le cadre de l\u2019organisation des \u00e9lections l\u00e9gislatives les participants ont abord\u00e9 les questions sur le respect du principe de la parit\u00e9 sur les listes de candidature et l\u2019instauration de la candidature ind\u00e9pendante aux \u00e9lections l\u00e9gislatives.<\/p>\n<p>&nbsp;<\/p>\n<p>8.2. D\u00e9fis<\/p>\n<p>&nbsp;<\/p>\n<p>L\u2019application du principe de la parit\u00e9 aux \u00e9lections l\u00e9gislatives ;<\/p>\n<p>&nbsp;<\/p>\n<p>L\u2019augmentation du nombre de d\u00e9put\u00e9s en g\u00e9n\u00e9ral et celui des d\u00e9put\u00e9s \u00e0 l\u2019uninominal ;<\/p>\n<p>La pr\u00e9cision des types de candidature aux \u00e9lections l\u00e9gislatives.<\/p>\n<p>8.3. Recommandations<\/p>\n<p>&nbsp;<\/p>\n<p>Tenir compte de la parit\u00e9 dans les listes de candidatures ;<\/p>\n<p>Augmenter le nombre de d\u00e9put\u00e9s \u00e0 l\u2019Assembl\u00e9e nationale ;<\/p>\n<p>Augmenter le nombre de d\u00e9put\u00e9s \u00e0 l\u2019Uninominal ;<\/p>\n<p>R\u00e9server les candidatures aux partis politiques en tenant compte de leur comp\u00e9tence, int\u00e9grit\u00e9 et moralit\u00e9.<\/p>\n<p>9- DE LA MISE EN PLACE DES INSTITUTIONS ISSUES DE LA NOUVELLE CONSTITUTION<\/p>\n<p>&nbsp;<\/p>\n<p>9.1. Pr\u00e9sentation et aspects abord\u00e9s sur la th\u00e9matique<\/p>\n<p>&nbsp;<\/p>\n<p>Il ressort des d\u00e9bats que les institutions constitutionnelles qui ont \u00e9t\u00e9 mises en place n\u2019ont pas r\u00e9ellement fonctionn\u00e9. En effet, l\u2019absence de d\u00e9finition ou de clarification des rapports entre ces institutions et les autres institutions publiques est l\u2019une des principales causes de ce dysfonctionnement.<\/p>\n<p>En outre, la nature juridique des actes de ces institutions constitutionnelles n\u2019a pas \u00e9t\u00e9 d\u00e9termin\u00e9e. D\u2019o\u00f9 l\u2019impossibilit\u00e9 d\u2019ins\u00e9rer ces actes dans l\u2019ordonnancement juridique. C\u2019est ainsi qu\u2019une d\u00e9cision d\u2019une institution constitutionnelle n\u2019a, en pratique, aucune valeur face \u00e0 une d\u00e9cision d\u2019une autorit\u00e9 administrative qui la contredirait.<\/p>\n<p>&nbsp;<\/p>\n<p>Les dispositions des lois organiques r\u00e9gissant ces institutions sont souvent en contradiction avec celles de la loi organique relatives aux lois de finances.<\/p>\n<p>&nbsp;<\/p>\n<p>En ce qui concerne la liste des Institutions :<\/p>\n<p>&nbsp;<\/p>\n<p>13 Institutions ont \u00e9t\u00e9 identifi\u00e9es par les panelistes :<\/p>\n<p>&nbsp;<\/p>\n<p>\u2013 Le Pr\u00e9sident de la R\u00e9publique ;<\/p>\n<p>&nbsp;<\/p>\n<p>\u2013 L\u2019Assembl\u00e9e nationale ;<\/p>\n<p>&nbsp;<\/p>\n<p>\u2013 Le Premier Ministre ;<\/p>\n<p>&nbsp;<\/p>\n<p>\u2013 La Cour Constitutionnelle ;<\/p>\n<p>&nbsp;<\/p>\n<p>\u2013 La Cour Supr\u00eame ;<\/p>\n<p>&nbsp;<\/p>\n<p>\u2013 La Cour des Comptes ;<\/p>\n<p>&nbsp;<\/p>\n<p>\u2013 La Haute Cour de Justice ;<\/p>\n<p>&nbsp;<\/p>\n<p>\u2013 La Haute Autorit\u00e9 de la Communication ;<\/p>\n<p>&nbsp;<\/p>\n<p>\u2013 Le Conseil Economique, Social Environnemental et Culturel ;<\/p>\n<p>&nbsp;<\/p>\n<p>\u2013 Le Haut Conseil des Collectivit\u00e9s Locales ;<\/p>\n<p>&nbsp;<\/p>\n<p>\u2013 L\u2019Organe Ind\u00e9pendant de gestion des \u00e9lections ;<\/p>\n<p>&nbsp;<\/p>\n<p>\u2013 La Commission Nationale des Droits de l\u2019Homme<\/p>\n<p>&nbsp;<\/p>\n<p>Chacune de ces institutions doit faire l\u2019objet de dispositions constitutionnelles. Toutes devraient \u00eatre ind\u00e9pendantes.<\/p>\n<p>9.2. D\u00e9fis<\/p>\n<ul>\n<li>L\u2019identification des institutions constitutionnelles ;<\/li>\n<li>L\u2019\u00e9laboration des lois organiques concernant les institutions constitutionnelles ;<\/li>\n<li>La construction des si\u00e8ges des institutions constitutionnelles ;<\/li>\n<li>La disponibilit\u00e9 du budget et la transparence dans sa gestion ;<\/li>\n<li>La d\u00e9finition des crit\u00e8res objectifs pour le choix des membres des institutions constitutionnelles ;<\/li>\n<\/ul>\n<ul>\n<li>La cessation de la subordination du fonctionnement des institutions<\/li>\n<\/ul>\n<p>constitutionnelles au bon vouloir de l\u2019ex\u00e9cutif.<\/p>\n<p>9.3. Recommandations<\/p>\n<ol>\n<li>Elaborer les lois organiques relatives aux futures institutions constitutionnelles et leurs textes d\u2019application, tout en fixant un d\u00e9lai l\u00e9gal pour leur mise en place par d\u00e9cret de cons\u00e9cration ;<\/li>\n<li>R\u00e9duire consid\u00e9rablement l\u2019influence du politique dans le fonctionnement des institutions constitutionnelles ;<\/li>\n<\/ol>\n<p>Au niveau budg\u00e9taire :<\/p>\n<p>\u2013 Doter les institutions des cr\u00e9dits n\u00e9cessaires \u00e0 la couverture de leurs missions ;<\/p>\n<p>\u2013 R\u00e9duire consid\u00e9rablement les \u00e9carts dans le traitement salarial, d\u2019une part, entre les institutions elles-m\u00eames et, d\u2019autre part, entre ces institutions et l\u2019administration centrale ;<\/p>\n<p>\u2013 Supprimer les \u00e9carts injustifi\u00e9s entre les budgets des institutions ;<\/p>\n<p>R\u00e9glementer clairement la proc\u00e9dure d\u2019ex\u00e9cution effective du budget des institutions ;<\/p>\n<p>\u2013 Proc\u00e9der \u00e0 la d\u00e9concentration effective du budget ;<\/p>\n<p>\u2013 Rationaliser les pouvoirs des chefs des institutions constitutionnelles notamment en mati\u00e8re financi\u00e8re ;<\/p>\n<p>\u2013 Renforcer et rendre effectives les r\u00e8gles de redevabilit\u00e9 des agents des institutions constitutionnelles ;<\/p>\n<p>\u2013 Assurer l\u2019audit externe des institutions publiques, parapubliques, \u00e9tablissements publics et soci\u00e9t\u00e9s publiques.<\/p>\n<ol start=\"3\">\n<li>Forger les agents publics et les citoyens au patriotisme, \u00e0 l\u2019esprit du service public, au respect des lois et r\u00e8glements en vigueur et au leadership responsable ;<\/li>\n<\/ol>\n<p>Clarifier les r\u00f4les respectifs des diff\u00e9rents intervenants dans le fonctionnement des institutions.<\/p>\n<p>10- ORGANISATION DE L\u2019ELECTION PRESIDENTIELLE<\/p>\n<p>&nbsp;<\/p>\n<p>10.1. Pr\u00e9sentation et aspects abord\u00e9s sur la th\u00e9matique<\/p>\n<p>&nbsp;<\/p>\n<p>Les travaux ont permis de faire une revue syst\u00e9matique des diff\u00e9rentes phases, des activit\u00e9s de chaque phase ainsi que la relecture des textes r\u00e9gissant l\u2019organisation des \u00e9lections pr\u00e9sidentielles (constitution et code \u00e9lectoral r\u00e9vis\u00e9).<\/p>\n<p>&nbsp;<\/p>\n<p>C\u2019est ainsi que des d\u00e9fis ont \u00e9t\u00e9 identifi\u00e9s et les recommandations formul\u00e9es pour l\u2019organisation de l\u2019\u00e9lection pr\u00e9sidentielle qui constitue la derni\u00e8re phase de la Transition.<\/p>\n<p>&nbsp;<\/p>\n<p>10.2. D\u00e9fis<\/p>\n<p>&nbsp;<\/p>\n<p>La s\u00e9curisation de la remont\u00e9e des r\u00e9sultats des bureaux de vote par voie \u00e9lectronique ;<\/p>\n<p>L\u2019auto-proclamation des candidats \u00e0 l\u2019\u00e9lection pr\u00e9sidentielle avant la publication des r\u00e9sultats officiels ;<\/p>\n<p>L\u2019organisation des d\u00e9bats m\u00e9diatis\u00e9s entre les candidats \u00e0 l\u2019\u00e9lection pr\u00e9sidentielle tant au premier tour qu\u2019au deuxi\u00e8me ;<\/p>\n<p>La mise \u00e0 disposition dans les bureaux de vote \u00e0 chaque repr\u00e9sentant des candidats et celui de la cour constitutionnelle une copie sign\u00e9e des PV des bureaux de vote.<\/p>\n<p>10.3. Recommandations<\/p>\n<p>&nbsp;<\/p>\n<p>Utiliser les nouvelles technologies dans la remont\u00e9e s\u00e9curis\u00e9e des proc\u00e8s-verbaux des Bureaux de Vote (BV) et remettre une copie des Proc\u00e8s-verbaux (PV) des bureaux de vote d\u00e8s leur signature \u00e0 chaque repr\u00e9sentant de candidats et \u00e0 la cour constitutionnelle ;<\/p>\n<p>Pr\u00e9voir des poursuites judiciaires contre l\u2019auto-proclamation des candidats aux diff\u00e9rentes \u00e9lections avant la proclamation officielle des r\u00e9sultats d\u00e9finitifs ;<\/p>\n<p>Exiger un d\u00e9bat m\u00e9diatis\u00e9 au premier et second tours entre les diff\u00e9rents candidats \u00e0 l\u2019\u00e9lection pr\u00e9sidentielle ;<\/p>\n<p>Fixer un d\u00e9lai de traitement des contentieux.<\/p>\n<p>11- DE LA PROBLEMATIQUE DE L\u2019EXERCICE DES LIBERTES PUBLIQUES EN LIEN AVEC LA LOI<\/p>\n<p>&nbsp;<\/p>\n<p>11.1. Pr\u00e9sentation et aspects abord\u00e9s sur la th\u00e9matique<\/p>\n<p>&nbsp;<\/p>\n<p>Les participants ont abord\u00e9 l\u2019exercice par les citoyens des libert\u00e9s publiques consacr\u00e9es en tenant compte des textes en vigueur \u00e0 savoir :<\/p>\n<p>&nbsp;<\/p>\n<p>\u27a2 La libert\u00e9 de la presse ;<\/p>\n<p>&nbsp;<\/p>\n<p>\u27a2 La libert\u00e9 d\u2019association<\/p>\n<p>&nbsp;<\/p>\n<p>\u27a2 La libert\u00e9 syndicale<\/p>\n<p>&nbsp;<\/p>\n<p>\u27a2 La libert\u00e9 de culte<\/p>\n<p>&nbsp;<\/p>\n<p>\u27a2 La libert\u00e9 d\u2019expression<\/p>\n<p>&nbsp;<\/p>\n<p>\u27a2 La libert\u00e9 de manifestation, de r\u00e9union, de d\u00e9filer, d\u2019attroupement et de cort\u00e8ge<\/p>\n<p>&nbsp;<\/p>\n<p>\u27a2 Le droit de propri\u00e9t\u00e9<\/p>\n<p>&nbsp;<\/p>\n<p>La libert\u00e9 d\u2019intimit\u00e9 (le respect de la vie priv\u00e9e<\/p>\n<p>&nbsp;<\/p>\n<p>11.2. D\u00e9f<\/p>\n<p>&nbsp;<\/p>\n<p>Le faible niveau d\u2019application des textes<\/p>\n<p>La non-diss\u00e9mination et vulgarisation de nos textes de loi<\/p>\n<p>Le laxisme de l\u2019administration<\/p>\n<p>L\u2019impunit\u00e9<\/p>\n<p>Le d\u00e9ficit de confiance entre les gouvern\u00e9s et les gouvernants<\/p>\n<p>La libert\u00e9 d\u2019intimit\u00e9 (le respect de la vie priv\u00e9e)<\/p>\n<p>&nbsp;<\/p>\n<p>11.2. D\u00e9f<\/p>\n<p>&nbsp;<\/p>\n<p>Le faible niveau d\u2019application des textes<\/p>\n<p>La non-diss\u00e9mination et vulgarisation de nos textes de loi<\/p>\n<p>Le laxisme de l\u2019administration<\/p>\n<p>L\u2019impunit\u00e9<\/p>\n<p>Le d\u00e9ficit de confiance entre les gouvern\u00e9s et les gouvernants<\/p>\n<p>11.3. Recommandation<\/p>\n<p>&nbsp;<\/p>\n<p>S\u2019engager \u00e0 observer une tr\u00eave des manifestations sociopolitiques sur la voie publique pendant les 24 mois de la Transition<\/p>\n<p>Veiller \u00e0<\/p>\n<p>\u2013 L\u2019application correcte, r\u00e9guli\u00e8re et impartiale des textes de loi en vigueur<\/p>\n<p>&nbsp;<\/p>\n<p>\u2013 La diss\u00e9mination et \u00e0 la vulgarisation des textes de loi<\/p>\n<p>&nbsp;<\/p>\n<p>\u2013 L\u2019\u00e9ducation citoyenne dans les \u00e9coles, au sein des forces de d\u00e9fense et de s\u00e9curit\u00e9, la soci\u00e9t\u00e9 civile, l\u2019administration publique et priv\u00e9e sur les libert\u00e9s fondamentales ;<\/p>\n<p>L\u2019acc\u00e8s des citoyens aux services en charge de l\u2019application des lois et \u00e0 l\u2019information aux sources officielles<\/p>\n<p>&nbsp;<\/p>\n<p>12- DE LA PROBLEMATIQUE DE L\u2019EXERCICE DES ACTIVITES POLITIQUES EN LIEN AVEC LE JUDICIAIRE<\/p>\n<p>&nbsp;<\/p>\n<p>12.1. Pr\u00e9sentation et aspects abord\u00e9s sur la th\u00e9matique<\/p>\n<p>&nbsp;<\/p>\n<p>Un \u00e9tat des lieux des dispositions r\u00e9glementaires relatives \u00e0 la cr\u00e9ation, le fonctionnement et le financement des partis politiques, des ONG et Associations a \u00e9t\u00e9 effectu\u00e9 par les participants. Dans la m\u00eame lanc\u00e9e, le r\u00e9gime juridique, les causes et les cons\u00e9quences des manifestations, marches et gr\u00e8ves ont \u00e9t\u00e9 aussi abord\u00e9s, ainsi que la gestion des ressources publiques et l\u2019ind\u00e9pendance du syst\u00e8me judiciaire face aux activit\u00e9s politiques.<\/p>\n<p>&nbsp;<\/p>\n<p>L\u2019acc\u00e8s des citoyens aux services en charge de l\u2019application des lois et \u00e0 l\u2019information aux sources officielles<\/p>\n<p>&nbsp;<\/p>\n<p>12- DE LA PROBLEMATIQUE DE L\u2019EXERCICE DES ACTIVITES POLITIQUES EN LIEN AVEC LE JUDICIAIRE<\/p>\n<p>&nbsp;<\/p>\n<p>12.1. Pr\u00e9sentation et aspects abord\u00e9s sur la th\u00e9matique<\/p>\n<p>&nbsp;<\/p>\n<p>Un \u00e9tat des lieux des dispositions r\u00e9glementaires relatives \u00e0 la cr\u00e9ation, le fonctionnement et le financement des partis politiques, des ONG et Associations a \u00e9t\u00e9 effectu\u00e9 par les participants. Dans la m\u00eame lanc\u00e9e, le r\u00e9gime juridique, les causes et les cons\u00e9quences des manifestations, marches et gr\u00e8ves ont \u00e9t\u00e9 aussi abord\u00e9s, ainsi que la gestion des ressources publiques et l\u2019ind\u00e9pendance du syst\u00e8me judiciaire face aux activit\u00e9s politiques.<\/p>\n<p>12.2. D\u00e9fis<\/p>\n<p>&nbsp;<\/p>\n<p>L\u2019ind\u00e9pendance de la justice et l\u2019exercice des droits politiques ;<\/p>\n<p>La libert\u00e9 provisoire pour les politiques et activistes en conflits avec la loi ;<\/p>\n<p>La prise de mesures d\u2019apaisement en faveur de certains leaders plac\u00e9s sous contr\u00f4le judiciaire.<\/p>\n<p>12.3. Recommandations<\/p>\n<p>&nbsp;<\/p>\n<p>Les parties prenantes du cadre de dialogue inter guin\u00e9en d\u00e9cident collectivement de 1. Demander \u00e0 la justice la lev\u00e9e du contr\u00f4le judiciaire des neuf (9) leaders des partis politiques ;<\/p>\n<p>&nbsp;<\/p>\n<p>Demander \u00e0 la justice de placer sous contr\u00f4le judiciaire, les activistes de la soci\u00e9t\u00e9 civile d\u00e9tenus en attendant leur proc\u00e8s ;<\/p>\n<p>Demander \u00e0 la CRIEF le placement sous contr\u00f4le judiciaire des cadres en conflit avec la loi (non jug\u00e9s depuis 8 mois) et d\u2019acc\u00e9l\u00e9rer la proc\u00e9dure judiciaire \u00e0 leur encontre ;<\/p>\n<p>Demander \u00e0 l\u2019\u00c9tat de revaloriser le niveau du traitement salarial du personnel civil de l\u2019\u00c9tat et appliquer le plan de carri\u00e8re ;<\/p>\n<p>&nbsp;<\/p>\n<p>Demander de punir s\u00e9v\u00e8rement les auteurs des mutilations g\u00e9nitales f\u00e9minines, du mariage pr\u00e9coce, de viol et les autres formes de violences bas\u00e9es sur le genre.<\/p>\n<p>13- LE MECANISME DE SUIVI ET D\u2019EVALUATION DES<\/p>\n<p>&nbsp;<\/p>\n<p>CONCLUSIONS DU DIALOGUE.<\/p>\n<p>&nbsp;<\/p>\n<p>13.1. Pr\u00e9sentation et aspects abord\u00e9s sur la th\u00e9matique<\/p>\n<p>&nbsp;<\/p>\n<p>Apr\u00e8s avoir constat\u00e9 le non-respect par les acteurs des diff\u00e9rents accords politiques conclus ces dix (10) derni\u00e8res ann\u00e9es, les participants ont propos\u00e9 un m\u00e9canisme de suivi-\u00e9valuation. Ce m\u00e9canisme sera articul\u00e9 autour d\u2019un dispositif institutionnel permanent de suivi et d\u2019\u00e9valuation et des outils qui s\u2019appuiera sur deux tableaux :<\/p>\n<p>&nbsp;<\/p>\n<p>Un tableau r\u00e9capitulatif des conclusions du dialogue ;<\/p>\n<p>&nbsp;<\/p>\n<p>Un tableau de suivi \u00e9valuation des conclusions du dialogue.<\/p>\n<p>&nbsp;<\/p>\n<p>13.2. D\u00e9fis<\/p>\n<p>Apr\u00e8s avoir constat\u00e9 le non-respect par les acteurs des diff\u00e9rents accords politiques conclus ces dix (10) derni\u00e8res ann\u00e9es, les participants ont propos\u00e9 un m\u00e9canisme de suivi-\u00e9valuation. Ce m\u00e9canisme sera articul\u00e9 autour d\u2019un dispositif institutionnel permanent de suivi et d\u2019\u00e9valuation et des outils qui s\u2019appuiera sur deux tableaux :<\/p>\n<p>Un tableau r\u00e9capitulatif des conclusions du dialogue ;<\/p>\n<p>Un tableau de suivi \u00e9valuation des conclusions du dialogue.<\/p>\n<p>13.2. D\u00e9fis<\/p>\n<ul>\n<li>Le respect scrupuleux des conclusions et recommandations issues du dialogue inter guin\u00e9en ;<\/li>\n<li>Le suivi et l\u2019\u00e9valuation des conclusions et recommandations issues du dialogue inter guin\u00e9en ;<\/li>\n<li>La mise en place et l\u2019op\u00e9rationnalisation du Comit\u00e9 Permanent pour le suivi et \u00e9valuation des conclusions du dialogue inter guin\u00e9en d\u00e8s la signature des r\u00e9solutions par les parties prenantes.<\/li>\n<\/ul>\n<p>13.3. Recommandations<\/p>\n<ol>\n<li>Mettre en place un comit\u00e9 permanent de Suivi-Evaluation des r\u00e9solutions du cadre de dialogue inter-guin\u00e9en sous la coordination du Premier Ministre, Chef de gouvernement ;<\/li>\n<li>Composer ledit Comit\u00e9 des repr\u00e9sentants des coalitions des partis politiques, des faiti\u00e8res de la soci\u00e9t\u00e9 civile, du gouvernement\/CNRD et des personnes ressources ayant particip\u00e9 au dialogue ainsi que du CNT ;<\/li>\n<li>Rendre op\u00e9rationnel ledit Comit\u00e9 en termes de ressources humaines, mat\u00e9rielles et financi\u00e8res dans les meilleurs d\u00e9lais possibles ;<\/li>\n<li>Tenir compte de l\u2019aspect genre dans la composition dudit Comit\u00e9 ;<\/li>\n<li>Veiller au choix rigoureux des membres dudit Comit\u00e9 sur la base de crit\u00e8res objectifs de comp\u00e9tence et de probit\u00e9 morale ;<\/li>\n<li>Veiller au respect scrupuleux \u00e0 temps opportun de la prise en compte de toutes les recommandations dudit Comit\u00e9 ;<\/li>\n<li>Renforcer la communication et le partage d\u2019informations entre les parties prenantes du Cadre de dialogue inter Guin\u00e9en ;<\/li>\n<li>Rendre le comit\u00e9 ouvert \u00e0 toutes participations jug\u00e9es n\u00e9cessaires.<\/li>\n<\/ol>\n<p>IV- CONCLUSION<\/p>\n<p>Nous interpellons humblement le CNRD et le Gouvernement au respect des recommandations issues du Cadre de Dialogue Inclusif et Inter-guin\u00e9en<\/p>\n<p>&nbsp;<\/p>\n<p>Nous souhaitons vivement que les Guin\u00e9ens dans leur diversit\u00e9 d\u2019opinions vivent d\u00e9sormais dans l\u2019unit\u00e9, la coh\u00e9sion sociale et l\u2019entente pour notre id\u00e9al commun qui est celui de la refondation de notre pays.<\/p>\n<p>&nbsp;<\/p>\n<p>La d\u00e9cision du Pr\u00e9sident de la Transition, SE le Colonel Mamadi DOUMBOUYA, d\u2019initier la mise en place d\u2019un Cadre de Dialogue Inclusif et Inter-guin\u00e9en constitue une \u00e9tape cruciale dans le processus de retour \u00e0 l\u2019ordre constitutionnel.<\/p>\n<p>&nbsp;<\/p>\n<p>&nbsp;<\/p>\n<p>&nbsp;<\/p>\n<p>&nbsp;<\/p>\n<\/div>\n<div class=\"share-post\">\n<p>&nbsp;<\/p>\n<div class=\"clear\"><\/div>\n<\/div>\n<div class=\"clear\"><\/div>\n<\/div>\n<\/article>\n<section id=\"author-box\">\n<div class=\"block-head\">\n<h3><\/h3>\n<div class=\"stripe-line\"><\/div>\n<\/div>\n<div class=\"post-listing\">\n<div class=\"author-bio\">\n<div class=\"author-avatar\"><\/div>\n<div class=\"author-description\"><\/div>\n<div class=\"author-social flat-social\"><\/div>\n<div class=\"clear\"><\/div>\n<\/div>\n<\/div>\n<\/section>\n<div class=\"post-navigation\">\n<div class=\"post-previous\"><\/div>\n<\/div>\n<section id=\"related_posts\">\n<div class=\"post-listing\">\n<div class=\"related-item\"><\/div>\n<\/div>\n<\/section>\n<\/div>\n<\/div>\n<\/div>\n<\/div>\n<\/div>\n<div id=\"topcontrol\" class=\"fa fa-angle-up\" title=\"Haut\"><\/div>\n<div id=\"fb-root\"><\/div>\n","protected":false},"excerpt":{"rendered":"<p>Avant la remise officielle de la conclusion du dialogue inclusif inter-guin\u00e9en, tenu du 24 novembre au 15 d\u00e9cembre 2022 au Pr\u00e9sident de la transition, le colonel Mamadi Doumbouya, le groupe de facilitatrices et a formul\u00e9 une\u00a0 recommandation de 35 points pour la r\u00e9ussite de la transition en Guin\u00e9e. Ci-dessous les 35 points de recommandations formul\u00e9es [&hellip;]<\/p>\n","protected":false},"author":2,"featured_media":17677,"comment_status":"closed","ping_status":"closed","sticky":false,"template":"","format":"standard","meta":{"footnotes":""},"categories":[57],"tags":[],"class_list":{"0":"post-17676","1":"post","2":"type-post","3":"status-publish","4":"format-standard","5":"has-post-thumbnail","7":"category-politique"},"_links":{"self":[{"href":"https:\/\/conakrynews.org\/index.php\/wp-json\/wp\/v2\/posts\/17676","targetHints":{"allow":["GET"]}}],"collection":[{"href":"https:\/\/conakrynews.org\/index.php\/wp-json\/wp\/v2\/posts"}],"about":[{"href":"https:\/\/conakrynews.org\/index.php\/wp-json\/wp\/v2\/types\/post"}],"author":[{"embeddable":true,"href":"https:\/\/conakrynews.org\/index.php\/wp-json\/wp\/v2\/users\/2"}],"replies":[{"embeddable":true,"href":"https:\/\/conakrynews.org\/index.php\/wp-json\/wp\/v2\/comments?post=17676"}],"version-history":[{"count":0,"href":"https:\/\/conakrynews.org\/index.php\/wp-json\/wp\/v2\/posts\/17676\/revisions"}],"wp:featuredmedia":[{"embeddable":true,"href":"https:\/\/conakrynews.org\/index.php\/wp-json\/wp\/v2\/media\/17677"}],"wp:attachment":[{"href":"https:\/\/conakrynews.org\/index.php\/wp-json\/wp\/v2\/media?parent=17676"}],"wp:term":[{"taxonomy":"category","embeddable":true,"href":"https:\/\/conakrynews.org\/index.php\/wp-json\/wp\/v2\/categories?post=17676"},{"taxonomy":"post_tag","embeddable":true,"href":"https:\/\/conakrynews.org\/index.php\/wp-json\/wp\/v2\/tags?post=17676"}],"curies":[{"name":"wp","href":"https:\/\/api.w.org\/{rel}","templated":true}]}}