{"id":1776,"date":"2017-12-29T17:39:15","date_gmt":"2017-12-29T16:39:15","guid":{"rendered":"https:\/\/conakrynews.org\/?p=1776"},"modified":"2017-12-29T17:41:10","modified_gmt":"2017-12-29T16:41:10","slug":"guinee-membres-de-lassociation-jeunesse-positive-de-kaloum-sengagent-a-vulgariser-actions-president-alpha-conde","status":"publish","type":"post","link":"https:\/\/conakrynews.org\/index.php\/guinee-membres-de-lassociation-jeunesse-positive-de-kaloum-sengagent-a-vulgariser-actions-president-alpha-conde\/","title":{"rendered":"Guin\u00e9e : Les  membres de l\u2019Association Jeunesse positive de Kaloum s\u2019engagent \u00e0   vulgariser les Actions du Pr\u00e9sident  Alpha Cond\u00e9"},"content":{"rendered":"<p><strong>Les membres de la jeune positive de Kaloum, ont anim\u00e9 une conf\u00e9rence de presse le jeudi, 28 D\u00e9cembre 2017 \u00e0 la mairie de Matam. L\u2019objectif de cette rencontre avec les m\u00e9dias\u00a0 s\u2019inscrivait dans le cadre d\u2019un grand\u00a0 carnaval pour la remise d\u2019un prix\u00a0 \u00e0 M. le Pr\u00e9sident de la R\u00e9publique, Prof Alpha Cond\u00e9 Pr\u00e9sident .Cette c\u00e9r\u00e9monie de remise du \u00a0prix est pr\u00e9vue le\u00a0 Vendredi 29 D\u00e9cembre 2017 \u00e0 Conakry.<\/strong><\/p>\n<p>Dans son intervention, Alpha Camara, Directeur Communal de la Communication\u00a0 de la Mairie de Matam et charg\u00e9 de Communication de \u00a0l\u2019Association de la jeunesse positive de Kaloum, a\u00a0 fait savoir \u00e0 la presse \u00a0que leur Association, est une organisation non Gouvernementale.\u00a0\u00abNotre Association, \u0153uvre \u00a0sur le plan culturel et sportif. Aujourd\u2019hui donc, nous comptons accompagner le Pr\u00e9sident\u00a0 Alpha Cond\u00e9\u00a0 dans ses combats pour le d\u00e9veloppement de la Guin\u00e9e\u00a0\u00bb, a fait savoir le responsable \u00e0 la Communication.<\/p>\n<p>Avant de rappeler que cette remise de prix n\u2019a rien de caract\u00e8re d\u00e9magogique.\u00a0\u00ab\u00a0Aujourd\u2019hui, nous avons jug\u00e9 n\u00e9cessaire d\u2019identifier un certain nombre d\u2019activit\u00e9s que le pr\u00e9sident Alpha Cond\u00e9 \u00e0 pu concr\u00e9tiser depuis son arriv\u00e9e au pouvoir en 2010\u00a0\u00bb, a soulign\u00e9 Alpha Camara.<\/p>\n<p>Pour sa part, le Pr\u00e9sident de l\u2019Association de la jeunesse positive de Kaloum, Sylla Kamis, a affirm\u00e9\u00a0 que c\u2019est une mani\u00e8re\u00a0 pour eux de reconnaitre toutes les belles \u0153uvres que le pr\u00e9sident Alpha Cond\u00e9 \u00e0 \u00a0pu r\u00e9aliser depuis son av\u00e8nement \u00e0 la magistrature supr\u00eame du pays. Avant de\u00a0\u00a0 pr\u00e9ciser que la \u00a0particularit\u00e9 de ce prix, est de mettre en place un mouvement de propagande pour le pr\u00e9sident Alpha afin de\u00a0 donner la visibilit\u00e9 \u00e0 toutes ses actions faites pour le d\u00e9veloppement de notre pays.<\/p>\n<p>Sylla Ibrahima Kalil<\/p>\n<p>&nbsp;<\/p>\n<p>&nbsp;<\/p>\n","protected":false},"excerpt":{"rendered":"<p>Les membres de la jeune positive de Kaloum, ont anim\u00e9 une conf\u00e9rence de presse le jeudi, 28 D\u00e9cembre 2017 \u00e0 la mairie de Matam. L\u2019objectif de cette rencontre avec les m\u00e9dias\u00a0 s\u2019inscrivait dans le cadre d\u2019un grand\u00a0 carnaval pour la remise d\u2019un prix\u00a0 \u00e0 M. le Pr\u00e9sident de la R\u00e9publique, Prof Alpha Cond\u00e9 Pr\u00e9sident .Cette [&hellip;]<\/p>\n","protected":false},"author":2,"featured_media":1777,"comment_status":"open","ping_status":"open","sticky":false,"template":"","format":"image","meta":{"footnotes":""},"categories":[58],"tags":[],"class_list":{"0":"post-1776","1":"post","2":"type-post","3":"status-publish","4":"format-image","5":"has-post-thumbnail","7":"category-societe","8":"post_format-post-format-image"},"_links":{"self":[{"href":"https:\/\/conakrynews.org\/index.php\/wp-json\/wp\/v2\/posts\/1776","targetHints":{"allow":["GET"]}}],"collection":[{"href":"https:\/\/conakrynews.org\/index.php\/wp-json\/wp\/v2\/posts"}],"about":[{"href":"https:\/\/conakrynews.org\/index.php\/wp-json\/wp\/v2\/types\/post"}],"author":[{"embeddable":true,"href":"https:\/\/conakrynews.org\/index.php\/wp-json\/wp\/v2\/users\/2"}],"replies":[{"embeddable":true,"href":"https:\/\/conakrynews.org\/index.php\/wp-json\/wp\/v2\/comments?post=1776"}],"version-history":[{"count":0,"href":"https:\/\/conakrynews.org\/index.php\/wp-json\/wp\/v2\/posts\/1776\/revisions"}],"wp:featuredmedia":[{"embeddable":true,"href":"https:\/\/conakrynews.org\/index.php\/wp-json\/wp\/v2\/media\/1777"}],"wp:attachment":[{"href":"https:\/\/conakrynews.org\/index.php\/wp-json\/wp\/v2\/media?parent=1776"}],"wp:term":[{"taxonomy":"category","embeddable":true,"href":"https:\/\/conakrynews.org\/index.php\/wp-json\/wp\/v2\/categories?post=1776"},{"taxonomy":"post_tag","embeddable":true,"href":"https:\/\/conakrynews.org\/index.php\/wp-json\/wp\/v2\/tags?post=1776"}],"curies":[{"name":"wp","href":"https:\/\/api.w.org\/{rel}","templated":true}]}}