{"id":17822,"date":"2022-12-28T10:26:55","date_gmt":"2022-12-28T10:26:55","guid":{"rendered":"https:\/\/conakrynews.org\/?p=17822"},"modified":"2022-12-28T10:30:43","modified_gmt":"2022-12-28T10:30:43","slug":"allemagne-appel-a-candidatures-pour-le-betd-media-fellowship","status":"publish","type":"post","link":"https:\/\/conakrynews.org\/index.php\/allemagne-appel-a-candidatures-pour-le-betd-media-fellowship\/","title":{"rendered":"Allemagne : Appel \u00e0 candidatures pour le BETD media fellowship"},"content":{"rendered":"<p>Ce programme de bourses permettra aux b\u00e9n\u00e9ficiaires de participer \u00e0 une conf\u00e9rence de haut niveau sur la transition \u00e9nerg\u00e9tique. Foto: Daniel Reinhardt\/dpa<\/p>\n<p>Ce programme de bourses permettra aux b\u00e9n\u00e9ficiaires de participer \u00e0 une conf\u00e9rence de haut niveau sur la transition \u00e9nerg\u00e9tique.<\/p>\n<p>L\u2019Allemagne a lanc\u00e9 un appel \u00e0 candidatures pour un programme de bourses m\u00e9dias (media fellowship) qui permettra \u00e0 15 jeunes professionnels des m\u00e9dias de participer au Dialogue sur la transition \u00e9nerg\u00e9tique de Berlin (BETD), pr\u00e9vu dans la capitale allemande les 28 et 29 mars 2023.<\/p>\n<p>Soutenu par le gouvernement f\u00e9d\u00e9ral allemand, le BETD est une conf\u00e9rence de haut niveau sur la transition \u00e9nerg\u00e9tique, organis\u00e9e \u00e0 l\u2019Initiative de la F\u00e9d\u00e9ration allemande des \u00e9nergies renouvelables (BEE), l\u2019Association solaire allemande (BSW), l\u2019Agence allemande de l\u2019\u00e9nergie (dena) et le cabinet de conseil eclareon GmbH. Le BETD Media Fellowship est mis en \u0153uvre par l\u2019Agence allemande de coop\u00e9ration internationale (GIZ) en partenariat avec la BEE pour le compte du minist\u00e8re f\u00e9d\u00e9ral allemand des Affaires \u00e9trang\u00e8res (AA). Il s\u2019agit, selon ses initiateurs, d\u2019un \u00e9v\u00e9nement officiel organis\u00e9 en marge du BETD.<\/p>\n<p>Ce programme s\u2019adresse aux jeunes professionnels des m\u00e9dias (journalistes, influenceurs, podcasteurs, blogueurs, etc.) du monde entier qui ont pour objectif d\u2019informer sur la transition \u00e9nerg\u00e9tique, a-t-on indiqu\u00e9. Pour les organisateurs, informer et sensibiliser sur la transition \u00e9nerg\u00e9tique internationale, les \u00e9nergies renouvelables et l\u2019efficacit\u00e9 \u00e9nerg\u00e9tique sont essentiels pour atteindre les objectifs fix\u00e9s par l\u2019Accord de Paris sur le climat.<\/p>\n<p>Cette ann\u00e9e, jusqu\u2019\u00e0 15 bourses au total seront attribu\u00e9es pour une participation pr\u00e9sentielle au BETD. La bourse offre \u00e9galement des possibilit\u00e9s d\u2019interviews exclusives avec des intervenants de haut niveau du BETD, des discussions techniques et des \u00e9v\u00e9nements de r\u00e9seautage. La soumission des candidatures doit se faire en ligne \u00e0 travers une plateforme num\u00e9rique d\u00e9di\u00e9e, et ce, jusqu\u2019au 15 janvier 2023.<\/p>\n<p>Avec dpa-news<\/p>\n","protected":false},"excerpt":{"rendered":"<p>Ce programme de bourses permettra aux b\u00e9n\u00e9ficiaires de participer \u00e0 une conf\u00e9rence de haut niveau sur la transition \u00e9nerg\u00e9tique. Foto: Daniel Reinhardt\/dpa Ce programme de bourses permettra aux b\u00e9n\u00e9ficiaires de participer \u00e0 une conf\u00e9rence de haut niveau sur la transition \u00e9nerg\u00e9tique. L\u2019Allemagne a lanc\u00e9 un appel \u00e0 candidatures pour un programme de bourses m\u00e9dias (media [&hellip;]<\/p>\n","protected":false},"author":2,"featured_media":17824,"comment_status":"closed","ping_status":"closed","sticky":false,"template":"","format":"standard","meta":{"footnotes":""},"categories":[58],"tags":[],"class_list":{"0":"post-17822","1":"post","2":"type-post","3":"status-publish","4":"format-standard","5":"has-post-thumbnail","7":"category-societe"},"_links":{"self":[{"href":"https:\/\/conakrynews.org\/index.php\/wp-json\/wp\/v2\/posts\/17822","targetHints":{"allow":["GET"]}}],"collection":[{"href":"https:\/\/conakrynews.org\/index.php\/wp-json\/wp\/v2\/posts"}],"about":[{"href":"https:\/\/conakrynews.org\/index.php\/wp-json\/wp\/v2\/types\/post"}],"author":[{"embeddable":true,"href":"https:\/\/conakrynews.org\/index.php\/wp-json\/wp\/v2\/users\/2"}],"replies":[{"embeddable":true,"href":"https:\/\/conakrynews.org\/index.php\/wp-json\/wp\/v2\/comments?post=17822"}],"version-history":[{"count":0,"href":"https:\/\/conakrynews.org\/index.php\/wp-json\/wp\/v2\/posts\/17822\/revisions"}],"wp:featuredmedia":[{"embeddable":true,"href":"https:\/\/conakrynews.org\/index.php\/wp-json\/wp\/v2\/media\/17824"}],"wp:attachment":[{"href":"https:\/\/conakrynews.org\/index.php\/wp-json\/wp\/v2\/media?parent=17822"}],"wp:term":[{"taxonomy":"category","embeddable":true,"href":"https:\/\/conakrynews.org\/index.php\/wp-json\/wp\/v2\/categories?post=17822"},{"taxonomy":"post_tag","embeddable":true,"href":"https:\/\/conakrynews.org\/index.php\/wp-json\/wp\/v2\/tags?post=17822"}],"curies":[{"name":"wp","href":"https:\/\/api.w.org\/{rel}","templated":true}]}}