{"id":17826,"date":"2022-12-28T14:49:55","date_gmt":"2022-12-28T14:49:55","guid":{"rendered":"https:\/\/conakrynews.org\/?p=17826"},"modified":"2022-12-28T14:52:45","modified_gmt":"2022-12-28T14:52:45","slug":"cedeao-umaro-sissoco-embalo-rencontre-les-acteurs-de-la-societe-civile-et-des-partis-politiques-nayant-pas-pris-part-au-dialogue-inter-guineen","status":"publish","type":"post","link":"https:\/\/conakrynews.org\/index.php\/cedeao-umaro-sissoco-embalo-rencontre-les-acteurs-de-la-societe-civile-et-des-partis-politiques-nayant-pas-pris-part-au-dialogue-inter-guineen\/","title":{"rendered":"CEDEAO : Umaro Sissoco Embal\u00f3 rencontre les acteurs de la soci\u00e9t\u00e9 civile et des partis politiques n\u2019ayant pas pris part au dialogue inter guin\u00e9en"},"content":{"rendered":"<p>Le Pr\u00e9sident de la R\u00e9publique de Guin\u00e9e Bissau, son excellence Umaro Sissoco Embal\u00f3, Pr\u00e9sident de la conf\u00e9rence des chefs d\u2019\u00c9tat et de gouvernement de la CEDEAO, a re\u00e7u ce 26 d\u00e9cembre 2022 \u00e0 Bissau, une d\u00e9l\u00e9gation d\u2019acteurs de la soci\u00e9t\u00e9 civile et des partis politiques n\u2019ayant pas pris part au pr\u00e9tendu dialogue inter guin\u00e9en qui vient de clore ses travaux \u00e0 conakry.<\/p>\n<p>La rencontre a \u00e9t\u00e9 organis\u00e9e \u00e0 l\u2019initiative de son excellence Umaro Sissoco Embal\u00f3 qui entreprend une s\u00e9rie de consultations \u00e0 l\u2019effet de mieux prendre la mesure des divergences qui existent entre ces entit\u00e9s et les autorit\u00e9s guin\u00e9ennes dans le but de pr\u00e9parer le dialogue inclusif d\u00e9cid\u00e9 par la conf\u00e9rence des chefs d\u2019\u00c9tat et de gouvernement de la CEDEAO lors de son sommet du 04 d\u00e9cembre dernier.<\/p>\n<p>Au menu des \u00e9changes :<\/p>\n<p>-La situation sociopolitique du pays;<\/p>\n<p>\u2013 Le point de vue de la soci\u00e9t\u00e9 civile guin\u00e9enne sur le processus de transition en Guin\u00e9e;<\/p>\n<p>\u2013 L\u2019implication du Pr\u00e9sident de la R\u00e9publique de Guin\u00e9e Bissau pour la r\u00e9ussite de la transition en Guin\u00e9e.<\/p>\n<p>La rencontre s\u2019est d\u00e9roul\u00e9e dans un climat de convivialit\u00e9. Le pr\u00e9sident Umaro Sissoco Embal\u00f3 a exprim\u00e9 son soutien au peuple fr\u00e8re de Guin\u00e9e et sa disponibilit\u00e9 \u00e0 accompagner la Guin\u00e9e et les guin\u00e9ens \u00e0 surmonter cette p\u00e9riode exceptionnelle.<\/p>\n<p>La Coordination Nationale du FNDC<\/p>\n","protected":false},"excerpt":{"rendered":"<p>Le Pr\u00e9sident de la R\u00e9publique de Guin\u00e9e Bissau, son excellence Umaro Sissoco Embal\u00f3, Pr\u00e9sident de la conf\u00e9rence des chefs d\u2019\u00c9tat et de gouvernement de la CEDEAO, a re\u00e7u ce 26 d\u00e9cembre 2022 \u00e0 Bissau, une d\u00e9l\u00e9gation d\u2019acteurs de la soci\u00e9t\u00e9 civile et des partis politiques n\u2019ayant pas pris part au pr\u00e9tendu dialogue inter guin\u00e9en qui [&hellip;]<\/p>\n","protected":false},"author":2,"featured_media":17829,"comment_status":"closed","ping_status":"closed","sticky":false,"template":"","format":"standard","meta":{"footnotes":""},"categories":[57],"tags":[],"class_list":{"0":"post-17826","1":"post","2":"type-post","3":"status-publish","4":"format-standard","5":"has-post-thumbnail","7":"category-politique"},"_links":{"self":[{"href":"https:\/\/conakrynews.org\/index.php\/wp-json\/wp\/v2\/posts\/17826","targetHints":{"allow":["GET"]}}],"collection":[{"href":"https:\/\/conakrynews.org\/index.php\/wp-json\/wp\/v2\/posts"}],"about":[{"href":"https:\/\/conakrynews.org\/index.php\/wp-json\/wp\/v2\/types\/post"}],"author":[{"embeddable":true,"href":"https:\/\/conakrynews.org\/index.php\/wp-json\/wp\/v2\/users\/2"}],"replies":[{"embeddable":true,"href":"https:\/\/conakrynews.org\/index.php\/wp-json\/wp\/v2\/comments?post=17826"}],"version-history":[{"count":0,"href":"https:\/\/conakrynews.org\/index.php\/wp-json\/wp\/v2\/posts\/17826\/revisions"}],"wp:featuredmedia":[{"embeddable":true,"href":"https:\/\/conakrynews.org\/index.php\/wp-json\/wp\/v2\/media\/17829"}],"wp:attachment":[{"href":"https:\/\/conakrynews.org\/index.php\/wp-json\/wp\/v2\/media?parent=17826"}],"wp:term":[{"taxonomy":"category","embeddable":true,"href":"https:\/\/conakrynews.org\/index.php\/wp-json\/wp\/v2\/categories?post=17826"},{"taxonomy":"post_tag","embeddable":true,"href":"https:\/\/conakrynews.org\/index.php\/wp-json\/wp\/v2\/tags?post=17826"}],"curies":[{"name":"wp","href":"https:\/\/api.w.org\/{rel}","templated":true}]}}