{"id":1792,"date":"2018-01-04T12:00:08","date_gmt":"2018-01-04T11:00:08","guid":{"rendered":"https:\/\/conakrynews.org\/?p=1792"},"modified":"2018-01-04T12:02:36","modified_gmt":"2018-01-04T11:02:36","slug":"tenue-elections-04-fevrier-2018-guinee-commissaire-de-ceni-rassure-populations","status":"publish","type":"post","link":"https:\/\/conakrynews.org\/index.php\/tenue-elections-04-fevrier-2018-guinee-commissaire-de-ceni-rassure-populations\/","title":{"rendered":"Tenue des \u00e9lections le 04 f\u00e9vrier 2018  en Guin\u00e9e: Un Commissaire  de la CENI rassure les populations"},"content":{"rendered":"<p><strong>A l\u2019occasion du nouvel an, un membre de la r\u00e9daction du site <a href=\"https:\/\/conakrynews.org\">www.conakrynews.org<\/a> a \u00a0rencontr\u00e9 \u00a0M.Aly Bocar Samoura, \u00a0Directeur du d\u00e9partement de la Communication \u00a0de la Commission Electoral Nationale Ind\u00e9pendante (CENI), pour recueillir ses avis par rapport aux \u00a0v\u0153ux de la\u00a0 nouvelle ann\u00e9e 2018 et l\u2019effectivit\u00e9 \u00a0du respect de la date \u00a0du 04 f\u00e9vrier \u00a0pour l\u2019organisation des \u00e9lections Communales en Guin\u00e9e.<\/strong><\/p>\n<p>&nbsp;<\/p>\n<p>D\u2019entr\u00e9e de jeu, le Directeur du d\u00e9partement de la Communication, Aly Bocar Samoura \u00a0a \u00a0d\u2019abord souhait\u00e9 les \u00a0messages de v\u0153ux \u00a0\u00e0 l\u2019endroit du\u00a0 premier Magistrat du Pays, prof Alpha Cond\u00e9, du pr\u00e9sident de la ceni, de tous ses coll\u00e8gues\u00a0 \u00a0commissaires \u00a0de la CENI, des travailleurs de la CENI, ses parents et amis.<\/p>\n<p>Avant de pr\u00e9ciser: \u00abJe souhaite que cette ann\u00e9e soit une ann\u00e9e de succ\u00e8s pour la CENI dans le processus \u00e9lectoral en Guin\u00e9e. Je souhaite que la ceni organise\u00a0 ces \u00e9lections avec une \u00a0belle image. A la CENI, nous travaillons\u00a0\u00a0 main dans la main afin sortir une \u00a0belle image \u00a0de notre institution en mati\u00e8re \u00a0\u00e9lectorale.<\/p>\n<p>&nbsp;<\/p>\n<p>Parlant de l\u2019effectivit\u00e9 de la tenue des \u00e9lections Communales le 04 f\u00e9vrier 2018, il\u00a0 a rassur\u00e9 \u00a0le peuple de Guin\u00e9e avec la plus grande\u00a0 certitude.\u00abJe rassure encore une nouvelle fois, apr\u00e8s le passage du d\u00e9cret du pr\u00e9sident de la R\u00e9publique, ces \u00e9lections Communales seront organis\u00e9es le 04 f\u00e9vrier 2018.<\/p>\n<p>&nbsp;<\/p>\n<p>Avant de rappel\u00e9 que la Ceni \u00e9tait\u00a0 d\u00e9j\u00e0 en avance \u00a0par rapport aux pr\u00e9paratifs \u00a0ces \u00e9lections Communales et Communautaires en Guin\u00e9e.<\/p>\n<p>&nbsp;<\/p>\n<p>\u00abNous \u00e9tions\u00a0 entrain de travailler dans ce sens. Aujourd\u2019hui donc, nous \u00a0avons acc\u00e9l\u00e9r\u00e9 d\u2019avantage les travaux pour \u00eatre dans le d\u00e9lai de la date retenue.<\/p>\n<p>&nbsp;<\/p>\n<p>Pour terminer, il a dit: \u00abNotre inqui\u00e9tude, c\u2019\u00e9tait les listes \u00a0de candidatures, mais aujourd\u2019hui, nous avons les candidats dans toutes les circonscriptions de la Guin\u00e9e. Aujourd\u2019hui donc, nous pouvons dire que \u00a0la \u00a0ceni est techniquement \u00a0pr\u00eate \u00a0pour organiser les \u00e9lections. Nous rassurons les populations \u00e0 99% pour l\u2019effectivit\u00e9 de l\u2019organisation des \u00e9lections le 04 f\u00e9vrier 2018\u00bb.<\/p>\n<p>Sylla Ibrahima Kalil<img loading=\"lazy\" decoding=\"async\" class=\"alignnone size-medium wp-image-1794\" src=\"https:\/\/conakrynews.org\/wp-content\/uploads\/2018\/01\/bocar-b-1-281x375.jpg\" alt=\"\" width=\"281\" height=\"375\" srcset=\"https:\/\/conakrynews.org\/wp-content\/uploads\/2018\/01\/bocar-b-1-281x375.jpg 281w, https:\/\/conakrynews.org\/wp-content\/uploads\/2018\/01\/bocar-b-1.jpg 720w\" sizes=\"auto, (max-width: 281px) 100vw, 281px\" \/><\/p>\n","protected":false},"excerpt":{"rendered":"<p>A l\u2019occasion du nouvel an, un membre de la r\u00e9daction du site www.conakrynews.org a \u00a0rencontr\u00e9 \u00a0M.Aly Bocar Samoura, \u00a0Directeur du d\u00e9partement de la Communication \u00a0de la Commission Electoral Nationale Ind\u00e9pendante (CENI), pour recueillir ses avis par rapport aux \u00a0v\u0153ux de la\u00a0 nouvelle ann\u00e9e 2018 et l\u2019effectivit\u00e9 \u00a0du respect de la date \u00a0du 04 f\u00e9vrier \u00a0pour [&hellip;]<\/p>\n","protected":false},"author":2,"featured_media":1794,"comment_status":"open","ping_status":"open","sticky":false,"template":"","format":"image","meta":{"footnotes":""},"categories":[58],"tags":[],"class_list":{"0":"post-1792","1":"post","2":"type-post","3":"status-publish","4":"format-image","5":"has-post-thumbnail","7":"category-societe","8":"post_format-post-format-image"},"_links":{"self":[{"href":"https:\/\/conakrynews.org\/index.php\/wp-json\/wp\/v2\/posts\/1792","targetHints":{"allow":["GET"]}}],"collection":[{"href":"https:\/\/conakrynews.org\/index.php\/wp-json\/wp\/v2\/posts"}],"about":[{"href":"https:\/\/conakrynews.org\/index.php\/wp-json\/wp\/v2\/types\/post"}],"author":[{"embeddable":true,"href":"https:\/\/conakrynews.org\/index.php\/wp-json\/wp\/v2\/users\/2"}],"replies":[{"embeddable":true,"href":"https:\/\/conakrynews.org\/index.php\/wp-json\/wp\/v2\/comments?post=1792"}],"version-history":[{"count":0,"href":"https:\/\/conakrynews.org\/index.php\/wp-json\/wp\/v2\/posts\/1792\/revisions"}],"wp:featuredmedia":[{"embeddable":true,"href":"https:\/\/conakrynews.org\/index.php\/wp-json\/wp\/v2\/media\/1794"}],"wp:attachment":[{"href":"https:\/\/conakrynews.org\/index.php\/wp-json\/wp\/v2\/media?parent=1792"}],"wp:term":[{"taxonomy":"category","embeddable":true,"href":"https:\/\/conakrynews.org\/index.php\/wp-json\/wp\/v2\/categories?post=1792"},{"taxonomy":"post_tag","embeddable":true,"href":"https:\/\/conakrynews.org\/index.php\/wp-json\/wp\/v2\/tags?post=1792"}],"curies":[{"name":"wp","href":"https:\/\/api.w.org\/{rel}","templated":true}]}}