{"id":1826,"date":"2018-01-12T10:16:38","date_gmt":"2018-01-12T09:16:38","guid":{"rendered":"https:\/\/conakrynews.org\/?p=1826"},"modified":"2018-01-12T10:16:38","modified_gmt":"2018-01-12T09:16:38","slug":"guinee-cour-comptes-mohamed-diare-presente-rapport-annuel-activites-de-institution","status":"publish","type":"post","link":"https:\/\/conakrynews.org\/index.php\/guinee-cour-comptes-mohamed-diare-presente-rapport-annuel-activites-de-institution\/","title":{"rendered":"Guin\u00e9e : Cour des comptes, Mohamed Diar\u00e9 pr\u00e9sente le rapport annuel des activit\u00e9s de son institution"},"content":{"rendered":"<p><strong><em>Le pr\u00e9sident de la cour des comptes Mohamed Diar\u00e9 \u00e9tait devant la presse ce jeudi 11 janvier \u00e0 Conakry, pour\u00a0 faire la \u00a0pr\u00e9sentation du premier rapport\u00a0 annuel \u00a0des activit\u00e9s\u00a0 de son institution.<\/em><\/strong><\/p>\n<p><strong>\u00a0<\/strong><\/p>\n<p>Selon le pr\u00e9sident Mohamed Diar\u00e9\u00a0:\u00a0\u00ab\u00a0Le pr\u00e9sent rapport annuel d\u2019activit\u00e9, premier du genre, rend compte des r\u00e9sultats des activit\u00e9s de mise en place et d\u2019op\u00e9rationnalisation de la cour des comptes durant sa premi\u00e8re\u00a0 ann\u00e9e d\u2019exercice conform\u00e9ment \u00e0 l\u2019article 24 de la loi organique. Il est compos\u00e9 de quatre grandes parties, la premi\u00e8re partie porte sur les attributions, les comp\u00e9tences et l\u2019organisation de la cour des comptes, dans sa deuxi\u00e8me partie, la mise en place, la composition et les ressources humaines, financi\u00e8res et mat\u00e9rielles de la cour des comptes. Dans sa troisi\u00e8me partie, les activit\u00e9s r\u00e9alis\u00e9es en 2016 par la cour, au plan institutionnel, organisationnel, du fonctionnement\u00a0; de la formation et des arri\u00e9r\u00e9s juridictionnels\u00a0; la quatri\u00e8me partie porte sur les perspectives et \u00a0les recommandations de la cour\u00a0\u00bb a-t-il expliqu\u00e9.<\/p>\n<p>poursuivant son intervention, il a retrac\u00e9 \u00a0le bilan annuel de son institution\u00a0:\u00a0\u00ab\u00a0ce rapport d\u2019activit\u00e9s 2016 de la cours des comptes pr\u00e9sente les grandes lignes des\u00a0\u00a0activit\u00e9s qu\u2019on a eu \u00e0 faire dans le cadre\u00a0 mise en place de notre institution. D\u2019abord, nous avons commenc\u00e9 par recruter des magistrats, nous avons recrut\u00e9 8 conseillers r\u00e9f\u00e9rendaires en suite 10 auditeurs. Apr\u00e8s le recrutement, il fallait form\u00e9s 13 conseillers\u00a0\u00a0maitres qui ont \u00e9t\u00e9s nomm\u00e9s en premier lieu, par ce que \u00a0le juge financier est un m\u00e9tier \u00e0 part. La cour des comptes est une juridiction financi\u00e8re ind\u00e9pendante et qui a des attributions juridiques et consultatives\u00a0\u00bb, pr\u00e9cis\u00e9 Mohamed Diar\u00e9.<\/p>\n<p>Et d\u2019ajouter\u00a0:\u00a0\u00ab\u00ab il fallait faire apprendre \u00e0 tout le monde qu\u2019est ce qu\u2019il faut pour examiner le compte d\u2019un comptable public, qu\u2019est-ce qu\u2019il faut pour aller contr\u00f4ler une entit\u00e9 publique\u00a0? Parce que pour contr\u00f4ler une entit\u00e9 de l\u2019\u00e9tat directement un minist\u00e8re, c\u2019est diff\u00e8rent\u00a0\u00a0du contr\u00f4le d\u2019un \u00e9tablissement public administratif \u00e9galement du contr\u00f4le d\u2019une collectivit\u00e9\u00a0\u00a0locale\u00a0et territoriale. Donc, il a fallu \u00e9laborer un guide de contr\u00f4le, c\u2019est avec \u00e7a\u00a0\u00a0que nous nous sommes attel\u00e9s pour\u00a0 \u00e9laborer \u00a0un manuel de proc\u00e9dure, un code de \u00a0d\u00e9ontologie et beaucoup\u00a0\u00a0d\u2019autres textes\u00a0\u00a0pour que la cour puisse \u00eatre op\u00e9rationnelle\u00a0\u00bb, a-t-il\u00a0 conclu.<\/p>\n<p><strong>\u00a0\u00a0 Oumar Konate pour conakrynews.org<\/strong><\/p>\n<p><img loading=\"lazy\" decoding=\"async\" class=\"alignnone size-medium wp-image-1827\" src=\"https:\/\/conakrynews.org\/wp-content\/uploads\/2018\/01\/photo-diar\u00e9-515x290.jpg\" alt=\"\" width=\"515\" height=\"290\" srcset=\"https:\/\/conakrynews.org\/wp-content\/uploads\/2018\/01\/photo-diar\u00e9-515x290.jpg 515w, https:\/\/conakrynews.org\/wp-content\/uploads\/2018\/01\/photo-diar\u00e9-768x432.jpg 768w, https:\/\/conakrynews.org\/wp-content\/uploads\/2018\/01\/photo-diar\u00e9.jpg 1280w\" sizes=\"auto, (max-width: 515px) 100vw, 515px\" \/><\/p>\n","protected":false},"excerpt":{"rendered":"<p>Le pr\u00e9sident de la cour des comptes Mohamed Diar\u00e9 \u00e9tait devant la presse ce jeudi 11 janvier \u00e0 Conakry, pour\u00a0 faire la \u00a0pr\u00e9sentation du premier rapport\u00a0 annuel \u00a0des activit\u00e9s\u00a0 de son institution. \u00a0 Selon le pr\u00e9sident Mohamed Diar\u00e9\u00a0:\u00a0\u00ab\u00a0Le pr\u00e9sent rapport annuel d\u2019activit\u00e9, premier du genre, rend compte des r\u00e9sultats des activit\u00e9s de mise en place [&hellip;]<\/p>\n","protected":false},"author":2,"featured_media":1827,"comment_status":"open","ping_status":"open","sticky":false,"template":"","format":"image","meta":{"footnotes":""},"categories":[58],"tags":[],"class_list":{"0":"post-1826","1":"post","2":"type-post","3":"status-publish","4":"format-image","5":"has-post-thumbnail","7":"category-societe","8":"post_format-post-format-image"},"_links":{"self":[{"href":"https:\/\/conakrynews.org\/index.php\/wp-json\/wp\/v2\/posts\/1826","targetHints":{"allow":["GET"]}}],"collection":[{"href":"https:\/\/conakrynews.org\/index.php\/wp-json\/wp\/v2\/posts"}],"about":[{"href":"https:\/\/conakrynews.org\/index.php\/wp-json\/wp\/v2\/types\/post"}],"author":[{"embeddable":true,"href":"https:\/\/conakrynews.org\/index.php\/wp-json\/wp\/v2\/users\/2"}],"replies":[{"embeddable":true,"href":"https:\/\/conakrynews.org\/index.php\/wp-json\/wp\/v2\/comments?post=1826"}],"version-history":[{"count":0,"href":"https:\/\/conakrynews.org\/index.php\/wp-json\/wp\/v2\/posts\/1826\/revisions"}],"wp:featuredmedia":[{"embeddable":true,"href":"https:\/\/conakrynews.org\/index.php\/wp-json\/wp\/v2\/media\/1827"}],"wp:attachment":[{"href":"https:\/\/conakrynews.org\/index.php\/wp-json\/wp\/v2\/media?parent=1826"}],"wp:term":[{"taxonomy":"category","embeddable":true,"href":"https:\/\/conakrynews.org\/index.php\/wp-json\/wp\/v2\/categories?post=1826"},{"taxonomy":"post_tag","embeddable":true,"href":"https:\/\/conakrynews.org\/index.php\/wp-json\/wp\/v2\/tags?post=1826"}],"curies":[{"name":"wp","href":"https:\/\/api.w.org\/{rel}","templated":true}]}}