{"id":1900,"date":"2018-01-30T15:50:28","date_gmt":"2018-01-30T14:50:28","guid":{"rendered":"https:\/\/conakrynews.org\/?p=1900"},"modified":"2018-01-30T15:50:28","modified_gmt":"2018-01-30T14:50:28","slug":"elections-communales-abdoulaye-conte-candidat-rpg-arc-ciel-ambitions-bien-etre-populations-de-kaloum","status":"publish","type":"post","link":"https:\/\/conakrynews.org\/index.php\/elections-communales-abdoulaye-conte-candidat-rpg-arc-ciel-ambitions-bien-etre-populations-de-kaloum\/","title":{"rendered":"Elections Communales: Abdoulaye Cont\u00e9, Candidat du RPG Arc En Ciel   sur ses ambitions pour le bien \u00eatre des populations de Kaloum"},"content":{"rendered":"<p>Abdoulaye Cont\u00e9, candidat du RPG-arc-en-ciel : \u00ab\u00a0mes ambitions pour Kaloum\u2026\u00a0\u00bb<\/p>\n<p>CONAKRY-Nanti de 22 ans d\u2019exp\u00e9riences dans le secteur p\u00e9trolier et dans le domaine des T\u00e9l\u00e9coms, Abdoulaye Cont\u00e9 qui porte les souleurs du parti au pouvoir aux \u00e9lections du 04 f\u00e9vrier, nourrit de grandes ambitions pour la commune de Kaloum, le centre administratif et d\u2019affaires de la capitale. Dans cette interview qu\u2019il a accord\u00e9e \u00e0 notre r\u00e9daction, le candidat du RPG-arc-en-ciel pour cette circonscription aux \u00e9lections communales expose son programme de soci\u00e9t\u00e9 qu\u2019il a b\u00e2ti autour de six points. Son parcours, son programme, ses chances de gagner, M. Cont\u00e9 a r\u00e9pondu \u00e0 nos questions. Lisez\u2026<\/p>\n<p>&nbsp;<\/p>\n<p><strong>Africaguin\u00e9e.com\u00a0: Bonjour Mr Cont\u00e9 bonjour, vous briguez la commune de Kaloum sous les couleurs du RPG arc-en-ciel. Parlez-nous d\u2019abord bri\u00e8vement de votre parcours\u00a0?<\/strong><\/p>\n<p>ABDOULAYE CONTE\u00a0: Je suis Abdoulaye Cont\u00e9, je brigue effectivement en 2018 pour les communales la mairie de Kaloum pour le compte du RPG-Arc-en-ciel. Il est important\u00a0 que j\u2019aille un peu plus en d\u00e9tails sur mon parcours professionnel. J\u2019ai 22 ans d\u2019exp\u00e9riences dans le secteur p\u00e9trolier et dans les T\u00e9l\u00e9coms. Depuis 7 ans\u00a0 j\u2019ai un cabinet d\u2019expertise, d\u2019assistance en ce qui concerne le secteur de l\u2019emploi des jeunes. J\u2019ai assez travaill\u00e9 avec les multinationales en Guin\u00e9e et \u00e0 l\u2019ext\u00e9rieur. C\u2019est donc cette exp\u00e9rience que je voudrais partager avec les jeunes de Kaloum afin de faire en sorte que ces jeunes puissent avoir confiance en eux. Avec une expertise aguerrie l\u2019on peut effectivement aider cette couche sensible.<\/p>\n<p><strong>Sur quoi avez-vous b\u00e2ti votre programme\u00a0?<\/strong><\/p>\n<p>Mon programme s\u2019articule sur six points prioritaires. Au-del\u00e0 de tout ce que l\u2019on peut faire \u00e0 Kaloum, nous pensons que l\u2019\u00e9ducation est centrale. Lorsque vous sillonnez cette commune, vous vous rendrez compte que nous sommes dans une situation o\u00f9 l\u2019\u00e9ducation doit \u00eatre revue. Il est opportun et important que l\u2019on donne plus de priorit\u00e9 \u00e0 l\u2019\u00e9ducation que ce soit au niveau du primaire que du secondaire, afin de permettre \u00e0 plus de jeunes d\u2019acc\u00e9der au savoir\u00a0 pour permettre plus de r\u00e9ussite au niveau de Kaloum. Sur ce point, j\u2019insisterai aussi sur la p\u00e9dagogie. Pour moi, il est inadmissible qu\u2019il y ait des effectifs pl\u00e9thoriques au sein des \u00e9coles primaires (\u2026).<\/p>\n<p>Dans un premier temps, les effectifs p\u00e9dagogiques acceptables varieront entre 25 \u00e0 30 \u00e9l\u00e8ves par classe. En second lieu, c\u2019est le contenu qualitatif des cours et le choix rigoureux du\u00a0 corps professoral. Nous allons r\u00e9duire ces effectifs pour aider les \u00e9l\u00e8ves de cette circonscription. Ce que j\u2019ajouterais, c\u2019est la qualit\u00e9 des enseignants, il faut en amont \u00e9valuer les enseignants pour ne pas qu\u2019ils constituent eux-m\u00eames la source de l\u2019\u00e9chec de nos \u00e9l\u00e8ves. Les infrastructures sont aussi d\u2019une tr\u00e8s grande importance dans ce secteur, il\u00a0 faut \u00e9quiper les \u00e9coles d\u2019ordinateurs neufs.<\/p>\n<p>Il faut que les enfants vivent leur \u00e9poque et que les enseignants soient capables d\u2019enseigner avec les moyens modernes (\u2026), nous\u00a0 avons les moyens pour la commune de Kaloum d\u2019assister les \u00e9coles primaires et les coll\u00e8ges. Il ne faut pas oublier aussi le volet s\u00e9curitaire des \u00e9coles, il faudrait que les \u00e9coles et les enfants soient s\u00e9curis\u00e9s. C\u2019est un environnement particulier pour la recherche du savoir, il faut donc lui donner une importance capitale. Ce sont ces diff\u00e9rents axes \u00a0que je pourrais mener une fois \u00e0 la t\u00eate de la commune de Kaloum.<\/p>\n<p>Le second axe de mon programme sera l\u2019emploi des jeunes \u00e0 Kaloum. On en a r\u00e9ellement besoin. L\u2019avantage que Kaloum a, c\u2019est ce que toutes les entreprises sont install\u00e9es chez-nous. C\u2019est vrai qu\u2019il y a assez de d\u00e9scolaris\u00e9s ici, c\u2019est un \u00e9l\u00e9ment \u00e0 prendre en compte puisque de nombreux jeunes, filles et gar\u00e7ons confondues qui ont tr\u00e8s t\u00f4t quitt\u00e9 l\u2019\u00e9cole.\u00a0 Il faudra les int\u00e9grer dans un programme que nous avons appel\u00e9 le programme de renforcement des capacit\u00e9s afin de rendre tous ces jeunes employables pour permettre aux entreprises de recruter des profils acceptables (\u2026), nous parlons l\u00e0 d\u2019entreprises priv\u00e9es qui sont compl\u00e8tement autonomes. Lorsque les profils demand\u00e9s et les besoins des entreprises sont satisfaits, les jeunes de Kaloum auront la chance d\u2019\u00eatre recrut\u00e9s. Donc nous allons faire cela avec beaucoup d\u2019abn\u00e9gation et de d\u00e9termination.<\/p>\n<p>En ce qui concerne l\u2019emploi des jeunes, si vous vous n\u2019avez pas assez d\u2019expertises, vous ne pouvez pas le faire. Moi j\u2019ai la chance depuis sept ans de travailler dans mon cabinet d\u2019expertise et de renforcement des capacit\u00e9s destin\u00e9s exclusivement aux jeunes. Nous avons fait un beau parcours, nous ne sommes pas loin aujourd\u2019hui en termes de statistiques plus de 400 jeunes qui sont int\u00e9gr\u00e9s et qui travaillent dans des entreprises. Des h\u00f4tels comme le complexe NOOM o\u00f9 nous avions pu faire int\u00e9grer plus de 150 jeunes\u00a0; des entreprises comme la BICIGUI o\u00f9 nous avons plus de 50 jeunes cadres qui sont op\u00e9rationnels et qui sont d\u2019ailleurs les meilleurs cadres f\u00e9licit\u00e9s par la direction. Mon cabinet a \u00e9t\u00e9 f\u00e9licit\u00e9 \u00e0 plusieurs reprises par\u00a0 ces institutions o\u00f9 nous avions l\u2019exclusivit\u00e9 de recrutement. La BSIC, o\u00f9 nous avions fait recruter plus de 30 jeunes et qui sont op\u00e9rationnels.\u00a0 Donc aujourd\u2019hui nous avions plus de 400 jeunes op\u00e9rationnels dans des entreprises apr\u00e8s avoir men\u00e9 un travail de fourmis que nous appelons renforcement des capacit\u00e9s. On peut le faire \u00e0 Kaloum et le r\u00e9ussir, que ce soit dans le secteur de la formation technique et professionnelle avec les jeunes sortis dipl\u00f4m\u00e9s et les jeunes d\u00e9scolaris\u00e9s. Nous allons faire en sorte que tout le monde soit couvert\u00a0 progressivement et graduellement. Comme \u00e7a nous pourrions absorber le maximum de ch\u00f4meurs et de faire en sorte que l\u2019on touche le maximum de jeunes. Certains diront que c\u2019est ambitieux mais de notre c\u00f4t\u00e9 nous dirons que c\u2019est r\u00e9alisable parce que nous pouvons le faire.<\/p>\n<p>Le troisi\u00e8me axe\u00a0 de mon programme est le volet de la s\u00e9curit\u00e9.\u00a0 Il est \u00e9vident que nous souffrons de l\u2019hygi\u00e8ne publique. Il faut un vrai programme qui va faire la recherche de plus de propret\u00e9 et de salubrit\u00e9. Ceci n\u2019est pas une profession qui doit \u00eatre\u00a0 mis \u00e0 l\u2019\u00e9cart. Il faut mettre en place des structures que nous allons contr\u00f4ler. Nous irons jusqu\u2019au lavage de nos routes\u00a0 comme cela se fait ailleurs avec des \u00e9quipements appropri\u00e9s. Je vous dirais pourquoi \u00e7a \u00e9choue, c\u2019est parce que l\u2019on ne peut pas bien payer\u00a0 de mani\u00e8re raisonnables ces techniciens. Il faut les prendre au s\u00e9rieux et les payer d\u00e9cemment et s\u2019en occuper d\u2019eux si nous voulons des r\u00e9sultats acceptables. Cela, nous allons le faire. En ce qui concerne la s\u00e9curit\u00e9, pour la commune, le droit nous permet \u00a0d\u2019avoir une police communale, d\u2019avoir des superviseurs communaux qui vont s\u2019occuper de la commune\u00a0 en mati\u00e8re de s\u00e9curit\u00e9, nous allons l\u2019exploiter. \u00c7a \u00a0c\u2019est un cr\u00e9neau qui peut absorber plus de 200 jeunes imm\u00e9diatement\u00a0 lorsqu\u2019ils sont bien form\u00e9s et bien int\u00e9gr\u00e9s.<\/p>\n<p>Pour le quatri\u00e8me axe, il s\u2019agit de la Sant\u00e9 (\u2026), lorsque l\u2019on visite nos espaces de sant\u00e9, c\u2019est la d\u00e9solation. Il y a assez de pertes en vie dans nos h\u00f4pitaux\u00a0 et toutes les communes doivent se pencher sur cette question. Ce que je compte faire, c\u2019est de mettre en place des mutuelles de sant\u00e9. Il faudrait que la population participe\u00a0 \u00e0 sa propre sant\u00e9. L\u2019avantage, ce sont des montants d\u00e9risoires mais en termes de masse critique nous r\u00e9colterons suffisamment pour faire ce que l\u2019on appelle l\u2019assurance maladie au niveau de la commune. Nous ferons en sorte avec 20.000 GNF par mois que chaque personne paye et qu\u2019elle puisse avec sa\u00a0 famille \u00eatre prise en charge au niveau des structures hospitali\u00e8res. Les mutuelles de sant\u00e9 sont incontournables aujourd\u2019hui\u00a0 puisque cela aide \u00e9norm\u00e9ment dans les prises en charge.<\/p>\n<p>Nous veillerons aussi \u00e0 la propret\u00e9 dans les h\u00f4pitaux; il faut les g\u00e9rer pratiquement comme les h\u00f4tels. Il ne faut pas que le malade n\u2019ait pas envie d\u2019aller \u00e0 l\u2019h\u00f4pital dans la crainte de choper une autre maladie d\u00fb \u00e0 la salet\u00e9. Donc pour cela, il faut beaucoup d\u2019hygi\u00e8nes dans les h\u00f4pitaux. Pour se faire donc, il s\u2019agit de confier ce travail \u00e0 des professionnels qui savent comment administrer un h\u00f4pital. Il faut aussi former de bons m\u00e9decins et des infirmiers, il ne s\u2019agit pas d\u2019envoyer des incomp\u00e9tents qui ne savent pas faire le travail. Quand vous avez la vie de quelqu\u2019un en main, il faut faire le travail de mani\u00e8re consciente.<\/p>\n<p>Le cinqui\u00e8me volet\u00a0 de mon programme, c\u2019est l\u2019entreprenariat f\u00e9minin. Kaloum a la particularit\u00e9 d\u2019avoir des femmes extr\u00eamement dynamiques. C\u2019est elles qui soutiennent d\u2019ailleurs leurs familles mais elles ne sont pas suffisamment \u00e9paul\u00e9es. Nous pensons qu\u2019\u00e0 travers la mise en place des micros cr\u00e9dits, les femmes qui sont aujourd\u2019hui avec leurs propres comptes ou moyens financiers, nous pouvons les aider en les propulsant, les structurer au niveau de la commune\u00a0 afin que ces femmes soient absolument dans l\u2019environnement \u00e9conomique et que cela soit rentable pour elles avec un impact r\u00e9el sur chaque individu de la famille. C\u2019est un \u00e9l\u00e9ment incontournable de notre programme.<\/p>\n<p>Enfin, le sixi\u00e8me axe de mon programme est la prise en charge des d\u00e9sh\u00e9rit\u00e9s. Nous avons beaucoup d\u2019orphelins, des femmes et des enfants abandonn\u00e9s \u00e0 eux-m\u00eames, des jeunes en bordure de mer et dans les ghettos. Ceux-l\u00e0 il faut s\u2019en occuper puisque ce sont nos enfants. Il faut mettre un\u00a0 programme de r\u00e9insertion sociale qui ne va pas co\u00fbter une fortune mais qui leur permettra de se r\u00e9ins\u00e9rer. Nous n\u2019avons pas le droit de les oublier. Globalement ce sont les grands axes de mon programme sans compter tout ce qu\u2019il y a \u00e0 faire autour mais en restant structurer c\u2019est autour de des six points.<\/p>\n<p><strong>Il y a beaucoup d\u2019aspects que vous avez \u00e9voqu\u00e9 \u00a0qui concernent\u00a0 des reformes s\u00e9rieuses au niveau de l\u2019\u00e9ducation par exemple. Comment comptez-vous aborder \u00e0 cette question\u00a0?<\/strong><\/p>\n<p>C\u2019est\u00a0 une excellente question\u00a0! Nous avons la chance au niveau de la commune de g\u00e9rer tout ce qui est immobilier. Nous pensons que pour les questions de places avec les professionnels de l\u2019\u00e9ducation nous allons nous y pencher. Nous allons voir tout ce qui constitue les obstacles, si ce sont des raisons qui sont absolument financi\u00e8res, nous allons faire en sorte que la commune de Kaloum utilise de mani\u00e8re optimale ses ressources. Ce n\u2019est\u00a0 pas parce que ces communes n\u2019ont pas de ressources ou de revenus mais c\u2019est qu\u2019elle est l\u2019utilisation que l\u2019on fait de ses revenus, comment les affecter \u00e0 des secteurs bien pr\u00e9cis\u00a0? \u00a0Il y a plusieurs types de financement au niveau des communes, nous avons les redevances\u00a0 et subventions de l\u2019Etat, nous avons tout ce qui concerne les revenus qu\u2019on va tirer des recettes fiscales mais aussi n\u2019oublions la capacit\u00e9 de la commune \u00e0 mettre en place ces projets cr\u00e9dibles qui pourront \u00eatre financ\u00e9s par le secteur bancaire, par les institutions internationales qui ont des lignes pour pouvoirs aider les communes. Pratiquement toutes les ambassades ont des lignes budg\u00e9taires que les communes n\u2019exploitent pas.<\/p>\n<p>Lorsqu\u2019on fait le raisonnement qui est relatif aux aspects financiers, on nous dit que nous n\u2019avons pas suffisamment de revenus, c\u2019est un faux d\u00e9bat. Il faut aller chercher les revenus o\u00f9 ils se trouvent. Moi je n\u2019en doute pas lorsqu\u2019il s\u2019agit de trouver ces moyens pour qualifier\u00a0 nos enseignants, pour \u00e9quiper nos \u00e9coles\u00a0 ou de cr\u00e9er d\u2019autres \u00e9coles. Nous sommes capables de le faire si nous avons l\u2019ambition de le faire et de le r\u00e9ussir, pour \u00e9viter que nos deniers publics ne soient utilis\u00e9s \u00e0 d\u2019autres desseins. Donc c\u2019est plut\u00f4t une utilisation optimale des recettes de la commune qui fera que nous pourrons atteindre des objectifs l\u00e0.<\/p>\n<p><strong>Que faites-vous pour que les populations de Kaloum adh\u00e8rent \u00e0 votre programme\u00a0?<\/strong><\/p>\n<p>Ce que nous faisons dans la campagne que nous menons \u00a0est que nous montrons aux \u00e9lecteurs ce que nous voulons faire. Contrairement\u00a0 \u00e0 ce que les gens pensent, ici \u00e0 Kaloum les gens \u00e9coutent ceux qui ont des programmes de soci\u00e9t\u00e9. Je suis sur le terrain depuis deux ans mais rassurez-vous, quand vous dites que vous avez un programme sur l\u2019emploi des jeunes par exemple, on vous \u00e9coute.\u00a0 D\u2019ailleurs cette couche ne veut \u00e9couter que ceux qui ont des programmes tourn\u00e9s vers l\u2019emploi de jeunes. Lorsqu\u2019ils vous \u00e9coutent ils savent faire la diff\u00e9rence\u00a0 entre celui qui peut le faire et\u00a0 celui qui ne peut pas le faire. Pour cela, mes sept ann\u00e9es d\u2019expertises dans ce domaine avec le bilan que nous avons, nous avons pu convaincre les jeunes que nous pourrons faire mieux pour eux.<\/p>\n<p>Nous n\u2019allons pas vers un plein emploi, \u00e7a n\u2019existe d\u2019ailleurs nulle part mais nous pouvons \u00e0 la limite. Lorsqu\u2019on est cr\u00e9dible on se fait respecter, parce qu\u2019on r\u00e9pond aux besoins exprim\u00e9s par les entreprises. En ce qui concerne l\u2019emploi jeunes, les convaincre, c\u2019est de leur faire comprendre que nous pouvons trouver du travail pour eux. Cette fois-ci, nous n\u2019avons pas pour programme de le tromper mais ensemble nous allons trouver de l\u2019emploi pour les jeunes. Les femmes c\u2019est l\u2019entreprenariat f\u00e9minin (\u2026), ne vous y trompez pas, celles qui sont au march\u00e9 Niger attendent l\u2019accompagnement, les femmes qui sont \u00e0 Boulbinet attendent l\u2019accompagnement, c\u2019est ce qu\u2019elles attendent.<\/p>\n<p>Donc le micro- cr\u00e9dit est une des solutions avec tout ce qu\u2019on mettra ensemble comme cadre d\u2019accompagnement pour que ces programmes r\u00e9ussissent. Il a faut un accompagnement de proximit\u00e9 vis-\u00e0-vis de ces femmes pour leur faire comprendre que notre objectif est de les faire r\u00e9ussir. Ce discours aujourd\u2019hui passe et croyez moi que nous sommes en train d\u2019engranger pas mal d\u2019\u00e9lecteurs avec ce programme qui est certes ambitieux mais qui est r\u00e9el et cr\u00e9dible.<\/p>\n<p>C\u2019est un travail de deux ans que j\u2019ai eu \u00e0 faire. J\u2019ai commenc\u00e9 ma campagne de proximit\u00e9 depuis deux ans. Lorsqu\u2019on a donn\u00e9 le programme des \u00e9lections au mois de d\u00e9cembre, moi je suis descendu sur le terrain, j\u2019ai pris mon temps pour faire un diagnostic. J\u2019ai recens\u00e9 les besoins des populations. Je suis m\u00eame all\u00e9\u00a0 dans les \u00eeles \u00e0 Kassa, j\u2019ai c\u00f4toy\u00e9 les femmes de Boulbinet, celles du march\u00e9 Niger ou m\u00eame les femmes balayeuses. On m\u2019a m\u00eame dit que les sacs de riz qu\u2019on leur promet ne sont pas donn\u00e9s. Nous avons recens\u00e9 tout cela et on a mis un programme d\u2019assistance (\u2026), ce n\u2019est pas sorti de nulle part, ce sont des besoins r\u00e9els qui sont recens\u00e9s et condens\u00e9s en six points. Tout le monde m\u2019a vu sur le terrain, walik\u00e8\u00a0 ne sort pas de nulle part, walik\u00e8 c\u2019est un travail de deux ans.<\/p>\n<p><strong>Avez-vous un message sp\u00e9cifique \u00e0 l\u2019endroit des \u00e9lecteurs et citoyens de Kaloum\u00a0?<\/strong><\/p>\n<p>Je dirais aux citoyens de Kaloum de rester sereins face \u00e0 toute cette vague \u00a0de campagne. Tout le monde pense pouvoir faire l\u2019affaire de Kaloum. Je demande plut\u00f4t aux \u00e9lecteurs de faire une \u00e9valuation des candidats \u00e0 travers leurs programmes, de les \u00e9couter de regarder le pass\u00e9 des candidats et leur parcours (\u2026), ce sont des approches de s\u00e9lection des candidats. Ceux qui n\u2019ont jamais pos\u00e9s de premi\u00e8res pierres ce n\u2019est pas aujourd\u2019hui qu\u2019ils vont commencer, ceux qui parlent d\u2019emplois jeunes alors qu\u2019ils n\u2019ont embauch\u00e9 aucun jeune dans une entreprise ce n\u2019est\u00a0 pas aujourd\u2019hui qu\u2019ils vont le faire.<\/p>\n<p>&nbsp;<\/p>\n<p><a href=\"https:\/\/conakrynews.org\/wp-content\/uploads\/2018\/01\/Abdoulaye-photo.tif\"><img loading=\"lazy\" decoding=\"async\" class=\"alignnone size-medium wp-image-1901\" src=\"https:\/\/conakrynews.org\/wp-content\/uploads\/2018\/01\/Abdoulaye-photo.tif\" alt=\"\" width=\"1\" height=\"1\" \/><\/a><img loading=\"lazy\" decoding=\"async\" class=\"alignnone size-full wp-image-1902\" src=\"https:\/\/conakrynews.org\/wp-content\/uploads\/2018\/01\/candidat-kaloum.jpg\" alt=\"\" width=\"259\" height=\"195\" \/>Ceux qui parlent de microcr\u00e9dit alors qu\u2019ils n\u2019ont fait aucun diagnostic cr\u00e9dible ce n\u2019est pas maintenant qu\u2019ils pourront le faire. Donc aux citoyens de Kaloum, d\u2019\u00eatre des citoyens alertes, de comprendre que les \u00e9lections communales sont une chance pour nous pour pouvoir d\u00e9velopper notre commune qui est notre village. Il faut que les citoyens de Kaloum sachent \u00e9valuer les candidats sur leurs attentes et leurs besoins,\u00a0 ainsi ils sauront qui est le candidat qui peut leur d\u00e9velopper Kaloum pendant ces cinq prochaines ann\u00e9es. Il y a une \u00e9mulation entre toutes les communes et Kaloum va briller parce que nous avons un programme ambitieux pour Kaloum.<\/p>\n<p><strong>\u00a0<\/strong><\/p>\n<p><strong>Africaguinee.com<\/strong><\/p>\n<p>&nbsp;<\/p>\n","protected":false},"excerpt":{"rendered":"<p>Abdoulaye Cont\u00e9, candidat du RPG-arc-en-ciel : \u00ab\u00a0mes ambitions pour Kaloum\u2026\u00a0\u00bb CONAKRY-Nanti de 22 ans d\u2019exp\u00e9riences dans le secteur p\u00e9trolier et dans le domaine des T\u00e9l\u00e9coms, Abdoulaye Cont\u00e9 qui porte les souleurs du parti au pouvoir aux \u00e9lections du 04 f\u00e9vrier, nourrit de grandes ambitions pour la commune de Kaloum, le centre administratif et d\u2019affaires de [&hellip;]<\/p>\n","protected":false},"author":2,"featured_media":1902,"comment_status":"open","ping_status":"open","sticky":false,"template":"","format":"image","meta":{"footnotes":""},"categories":[57],"tags":[],"class_list":{"0":"post-1900","1":"post","2":"type-post","3":"status-publish","4":"format-image","5":"has-post-thumbnail","7":"category-politique","8":"post_format-post-format-image"},"_links":{"self":[{"href":"https:\/\/conakrynews.org\/index.php\/wp-json\/wp\/v2\/posts\/1900","targetHints":{"allow":["GET"]}}],"collection":[{"href":"https:\/\/conakrynews.org\/index.php\/wp-json\/wp\/v2\/posts"}],"about":[{"href":"https:\/\/conakrynews.org\/index.php\/wp-json\/wp\/v2\/types\/post"}],"author":[{"embeddable":true,"href":"https:\/\/conakrynews.org\/index.php\/wp-json\/wp\/v2\/users\/2"}],"replies":[{"embeddable":true,"href":"https:\/\/conakrynews.org\/index.php\/wp-json\/wp\/v2\/comments?post=1900"}],"version-history":[{"count":0,"href":"https:\/\/conakrynews.org\/index.php\/wp-json\/wp\/v2\/posts\/1900\/revisions"}],"wp:featuredmedia":[{"embeddable":true,"href":"https:\/\/conakrynews.org\/index.php\/wp-json\/wp\/v2\/media\/1902"}],"wp:attachment":[{"href":"https:\/\/conakrynews.org\/index.php\/wp-json\/wp\/v2\/media?parent=1900"}],"wp:term":[{"taxonomy":"category","embeddable":true,"href":"https:\/\/conakrynews.org\/index.php\/wp-json\/wp\/v2\/categories?post=1900"},{"taxonomy":"post_tag","embeddable":true,"href":"https:\/\/conakrynews.org\/index.php\/wp-json\/wp\/v2\/tags?post=1900"}],"curies":[{"name":"wp","href":"https:\/\/api.w.org\/{rel}","templated":true}]}}