{"id":1910,"date":"2018-02-02T09:37:53","date_gmt":"2018-02-02T08:37:53","guid":{"rendered":"https:\/\/conakrynews.org\/?p=1910"},"modified":"2018-02-02T09:37:53","modified_gmt":"2018-02-02T08:37:53","slug":"accord-12-octobre-2016-de-mise-place-de-haute-cour-de-justice","status":"publish","type":"post","link":"https:\/\/conakrynews.org\/index.php\/accord-12-octobre-2016-de-mise-place-de-haute-cour-de-justice\/","title":{"rendered":"Accord du 12 Octobre  2016 : Quand est- il  de la mise  en place  de la   haute Cour   de Justice ?"},"content":{"rendered":"<p><strong>Il a \u00e9t\u00e9 conclu entre la Mouvance, repr\u00e9sent\u00e9e par Monsieur Lansana Komara, l\u2019opposition repr\u00e9sent\u00e9e par l\u2019honorable Aboubacar Sylla et Honorable Mamadou Cellou Bald\u00e9, le Gouvernement repr\u00e9sent\u00e9 par G\u00e9n\u00e9ral Bour\u00e9ma Cond\u00e9 Ministre de l\u2019Administration du Territoire et de la D\u00e9centralisation, avec les observateurs nationaux et internationaux, on peut citer entre autres\u00a0: <\/strong><\/p>\n<ul>\n<li><\/li>\n<li><\/li>\n<li><\/li>\n<li>Madame S\u00e9raphine Wakhan, Coordinatrice R\u00e9sident SNU,<\/li>\n<li>Monsieur Ibrahima Diallo, Correspondant OIF,<\/li>\n<li>Bureau du Repr\u00e9sentant Sp\u00e9cial de la CEDEAO, Monsieur Ibrahima Funeste OLADELE, charg\u00e9 d\u2019Affaires\u00a0 a-i,<\/li>\n<li>Chef de la D\u00e9l\u00e9gation de l\u2019Union Europ\u00e9enne, Monsieur Gerardus Gielen Ambassadeur,<\/li>\n<li>Ambassadeur des Etats-Unis d\u2019Am\u00e9rique, Monsieur Dennis HANKINS,<\/li>\n<li>Ambassadeur de France, Monsieur Jean Marc GROSGORIN,<\/li>\n<li>Soci\u00e9t\u00e9 Civile, Dr Alpha Abdoulaye Diallo, Vice Pr\u00e9sident du CNOSCG charg\u00e9 des questions \u00e9conomiques, Monsieur Fran\u00e7ois Koli\u00e9, vice Pr\u00e9sident Balai Citoyen, de la mise en place de la Haute Cour de Justice, mais, tr\u00e8s malheureusement, cette institution constitutionnelle n\u2019a jamais vu le jour, malgr\u00e9 ses diff\u00e9rents engagements tripartites, Gouvernement, une partie d\u2019Opposition dite r\u00e9publicaine et de la Mouvance pr\u00e9sidentielle pris par les uns et les autres en date du 12 octobre 2016.<\/li>\n<li>Nous sommes surpris du silence de cimeti\u00e8re des observateurs nationaux et internationaux, la Cour constitutionnelle, qui est et demeure la plus importante institution constitutionnelle en charge de juger le pr\u00e9sident de la R\u00e9publique en cas de haute trahison\u00a0; le premier ministre et les autres membres du Gouvernement pour crimes et d\u00e9lits conformement aux dispositions de l\u2019article 117 et suivant de la constitution.<\/li>\n<li><\/li>\n<li><\/li>\n<li><img loading=\"lazy\" decoding=\"async\" class=\"alignnone size-full wp-image-1911\" src=\"https:\/\/conakrynews.org\/wp-content\/uploads\/2018\/02\/images-cour.jpg\" alt=\"\" width=\"300\" height=\"168\" \/>C\u2019est aussi incompr\u00e9hensible, \u00e9tonnant, surprenant et regrettable de voir les organisations de la soci\u00e9t\u00e9 civile dans son ensemble et en particulier le Conseil National des Organisations de la Soci\u00e9t\u00e9 Guin\u00e9enne (CNOSCG) en sa qualit\u00e9 d\u2019observateur et signataire des accords du 20 ao\u00fbt\u00a0 2015 et du 16 octobre 2016 sont rest\u00e9s indiff\u00e9rents pendant quatorze (14) mois sans pour autant\u00a0 alerter le PRG du non respect des engagements pris pour le Gouvernement \u00e0 la mise en place de la Haute Cour de Justice, c\u2019est vraiment inqui\u00e9tant\u00a0! En r\u00e9alit\u00e9, la mise en place de la Haute Cour de Justice par le PRG, contribuera, nous en sommes certains, \u00e0 lutter contre la mal gouvernance, des d\u00e9tournements des deniers publics, des d\u00e9lits et des crimes suppos\u00e9s commis par les ministres de la R\u00e9publique et du PRG.<\/li>\n<\/ul>\n<p>&nbsp;<\/p>\n<p>Elle permettra de booster d\u2019avantage l\u2019\u00e9conomie du pays, mais aussi de la cr\u00e9ation de la richesse qui favorisera de la cr\u00e9ation, parce que les finances publiques sont correctement g\u00e9r\u00e9es par les administrateurs et les administr\u00e9s.<\/p>\n<p>En d\u00e9pit de tout ce qui pr\u00e9c\u00e8de les membres du comit\u00e9 de suivi de la mise en \u0153uvre de l\u2019Accord du 12 octobre 2016 en partenariat avec les signataires dudit accord doivent respecter et faire respecter\u00a0 des engagements pris par le gouvernement guin\u00e9en relatif \u00e0 la mise en place de la Haute Cour de Justice. Que Dieu le tout puissant b\u00e9nisse et prot\u00e8ge la Guin\u00e9e. Amina\u00a0!<\/p>\n<p>&nbsp;<\/p>\n<p><strong>Alfousseny Magassouba <\/strong><\/p>\n<p><strong>Dp kuru- kan Fuga<\/strong><\/p>\n<p><strong>Tel\/ 657207259 \/ 628617139<\/strong><\/p>\n<p>&nbsp;<\/p>\n<p><img loading=\"lazy\" decoding=\"async\" class=\"alignnone size-full wp-image-1911\" src=\"https:\/\/conakrynews.org\/wp-content\/uploads\/2018\/02\/images-cour.jpg\" alt=\"\" width=\"300\" height=\"168\" \/><\/p>\n","protected":false},"excerpt":{"rendered":"<p>Il a \u00e9t\u00e9 conclu entre la Mouvance, repr\u00e9sent\u00e9e par Monsieur Lansana Komara, l\u2019opposition repr\u00e9sent\u00e9e par l\u2019honorable Aboubacar Sylla et Honorable Mamadou Cellou Bald\u00e9, le Gouvernement repr\u00e9sent\u00e9 par G\u00e9n\u00e9ral Bour\u00e9ma Cond\u00e9 Ministre de l\u2019Administration du Territoire et de la D\u00e9centralisation, avec les observateurs nationaux et internationaux, on peut citer entre autres\u00a0: Madame S\u00e9raphine Wakhan, Coordinatrice R\u00e9sident [&hellip;]<\/p>\n","protected":false},"author":2,"featured_media":1911,"comment_status":"open","ping_status":"open","sticky":false,"template":"","format":"standard","meta":{"footnotes":""},"categories":[1],"tags":[],"class_list":{"0":"post-1910","1":"post","2":"type-post","3":"status-publish","4":"format-standard","5":"has-post-thumbnail","7":"category-non-classe"},"_links":{"self":[{"href":"https:\/\/conakrynews.org\/index.php\/wp-json\/wp\/v2\/posts\/1910","targetHints":{"allow":["GET"]}}],"collection":[{"href":"https:\/\/conakrynews.org\/index.php\/wp-json\/wp\/v2\/posts"}],"about":[{"href":"https:\/\/conakrynews.org\/index.php\/wp-json\/wp\/v2\/types\/post"}],"author":[{"embeddable":true,"href":"https:\/\/conakrynews.org\/index.php\/wp-json\/wp\/v2\/users\/2"}],"replies":[{"embeddable":true,"href":"https:\/\/conakrynews.org\/index.php\/wp-json\/wp\/v2\/comments?post=1910"}],"version-history":[{"count":0,"href":"https:\/\/conakrynews.org\/index.php\/wp-json\/wp\/v2\/posts\/1910\/revisions"}],"wp:featuredmedia":[{"embeddable":true,"href":"https:\/\/conakrynews.org\/index.php\/wp-json\/wp\/v2\/media\/1911"}],"wp:attachment":[{"href":"https:\/\/conakrynews.org\/index.php\/wp-json\/wp\/v2\/media?parent=1910"}],"wp:term":[{"taxonomy":"category","embeddable":true,"href":"https:\/\/conakrynews.org\/index.php\/wp-json\/wp\/v2\/categories?post=1910"},{"taxonomy":"post_tag","embeddable":true,"href":"https:\/\/conakrynews.org\/index.php\/wp-json\/wp\/v2\/tags?post=1910"}],"curies":[{"name":"wp","href":"https:\/\/api.w.org\/{rel}","templated":true}]}}