{"id":1918,"date":"2018-02-09T10:56:47","date_gmt":"2018-02-09T09:56:47","guid":{"rendered":"https:\/\/conakrynews.org\/?p=1918"},"modified":"2018-02-09T10:56:47","modified_gmt":"2018-02-09T09:56:47","slug":"guinee-50-interpellations-apres-violences-postelectorales","status":"publish","type":"post","link":"https:\/\/conakrynews.org\/index.php\/guinee-50-interpellations-apres-violences-postelectorales\/","title":{"rendered":"Guin\u00e9e : Au moins 50 interpellations apr\u00e8s des violences post\u00e9lectorales"},"content":{"rendered":"<p>Au moins 50 personnes ont \u00e9t\u00e9 interpell\u00e9es dans le centre de la Guin\u00e9e o\u00f9 des violences post-\u00e9lectorales ont fait cinq morts, ont indiqu\u00e9 jeudi les autorit\u00e9s locales.<\/p>\n<p>\u00ab\u00a0Apr\u00e8s les violences de Kalinko, les forces de l\u2019ordre ont proc\u00e9d\u00e9 \u00e0 l\u2019arrestation d\u2019au moins 50 personnes qui ont \u00e9t\u00e9 toutes transf\u00e9r\u00e9es \u00e0 la prison civile de Faranah, la capitale r\u00e9gionale\u00a0\u00bb, a expliqu\u00e9 le pr\u00e9fet Mamadou Lamarana Diallo sur une radio locale.<\/p>\n<p>Ces interpellations interviennent apr\u00e8s les violences post-\u00e9lectorales qui ont co\u00fbt\u00e9 la vie \u00e0 cinq personnes dans la localit\u00e9 de Kalinko mardi. Depuis les municipales le dimanche 4 f\u00e9vrier,\u00a0la Guin\u00e9e fait face \u00e0 de nombreux heurts violents en attendant les r\u00e9sultats d\u00e9finitifs.\u00a0<a href=\"http:\/\/www.jeuneafrique.com\/528156\/politique\/municipales-en-guinee-cinq-enfants-tues-dans-des-affrontements-post-electoraux\/\">Mercredi, le ministre de l\u2019Administration du territoire, Boureima Cond\u00e9, avait qualifi\u00e9 cet incendie de volontaire et indiqu\u00e9 que cinq enfants avaient p\u00e9ri dans les flammes.<\/a><\/p>\n<p>Un d\u00e9put\u00e9 local de l\u2019opposition, Fod\u00e9 Mar\u00e9ga, a quant \u00e0 lui \u00e9voqu\u00e9 un bilan de trois enfants tu\u00e9s dans l\u2019incendie de leur case et de deux adultes \u00ab\u00a0br\u00fbl\u00e9s vifs par des manifestants en col\u00e8re\u00a0\u00bb en guise de repr\u00e9sailles.<\/p>\n<p>Selon d\u2019autres sources, les deux adultes, un homme et une femme, n\u2019avaient pas particip\u00e9 \u00e0 la manifestation au cours de laquelle les enfants ont p\u00e9ri. Mais ils appartenaient \u00e0 la m\u00eame communaut\u00e9 que ceux accus\u00e9s d\u2019avoir mis le feu aux habitations.<br \/>\n\u00ab\u00a0Il faut maudire ces \u00e9lections communales qui nous endeuillent\u00a0\u00bb, a estim\u00e9 un habitant du village.<\/p>\n<p>Les violences post\u00e9lectorales ont \u00e9galement co\u00fbt\u00e9 la vie \u00e0 un \u00e9tudiant de 23 ans \u00e0 Conakry et une personne \u00e0 Kindia dans l\u2019ouest du pays.<\/p>\n<h3>\u00a0Premiers r\u00e9sultats en fin de semaine<\/h3>\n<p><a href=\"http:\/\/www.jeuneafrique.com\/527342\/politique\/guinee-lopposition-denonce-des-fraudes-massives-aux-elections-locales\/\">Selon l\u2019opposition, ces \u00e9lections locales ont \u00e9t\u00e9 entach\u00e9es de fraudes massives.<\/a>Mardi, le chef de l\u2019opposition, Cellou Dalein Diallo, a appel\u00e9 la jeunesse \u00e0 la \u00ab\u00a0mobilisation\u00a0\u00bb et \u00e0 se \u00ab\u00a0lever pour exiger la v\u00e9rit\u00e9 des urnes\u00a0\u00bb.<\/p>\n<p>La Commission \u00e9lectorale nationale ind\u00e9pendante (C\u00e9ni), seule habilit\u00e9e \u00e0 proclamer les r\u00e9sultats, a promis de les publier d\u2019ici \u00e0 la fin de la semaine, au moins partiellement.<\/p>\n<p>\u00ab\u00a0Nous faisons une comptabilisation physique, nous n\u2019avons pas de technologie pour nous faire parvenir les r\u00e9sultats comme dans les autres pays\u00a0\u00bb, a expliqu\u00e9 jeudi le pr\u00e9sident de la C\u00e9ni, Salif K\u00e9b\u00e9.<\/p>\n<p>\u00ab\u00a0Lorsque \u00e7a vient de N\u2019z\u00e9r\u00e9kor\u00e9 (la troisi\u00e8me ville du pays, en Guin\u00e9e foresti\u00e8re, dans le sud-est du pays, NDLR), il y a 1.000 km, il faut que le gars attende que le dernier proc\u00e8s verbal soit rentr\u00e9, il commence la centralisation, il finit la centralisation, il prend la route pour venir jusqu\u2019\u00e0 Conakry\u00a0\u00bb, a-t-il poursuivi.<\/p>\n<p>Mais il a aussi \u00e9voqu\u00e9 des \u00ab\u00a0atteintes \u00e0 l\u2019int\u00e9grit\u00e9 physique des uns et des autres\u00a0\u00bb pour expliquer que les commissions administratives de centralisation des votes (CACV) \u00ab\u00a0ne fonctionnent pas normalement\u00a0\u00bb.<\/p>\n<p>\u00ab\u00a0Certains ont \u00e9t\u00e9 menac\u00e9s sur le plan physique, \u00e0 d\u2019autres encore, on a interdit l\u2019acc\u00e8s des salles\u00a0\u00bb, a-t-il d\u00e9taill\u00e9.<\/p>\n<p>\u00c0 l\u2019issue d\u2019une visite de deux jours, le repr\u00e9sentant de l\u2019ONU, Mohamed Ibn Chambas, a invit\u00e9 jeudi \u00ab\u00a0\u00e0 la s\u00e9r\u00e9nit\u00e9\u00a0\u00bb les diff\u00e9rents acteurs et \u00e0 \u00ab\u00a0\u00e9viter tout acte de violence afin de permettre \u00e0 la CENI de poursuivre son travail\u00a0\u00bb, selon un communiqu\u00e9 du gouvernement guin\u00e9en.<\/p>\n<p>Regrettant \u00ab\u00a0profond\u00e9ment\u00a0\u00bb les pertes en vies humaines, il a exhort\u00e9 les responsables des partis politiques et leurs sympathisants \u00e0 \u00ab\u00a0r\u00e9soudre tout diff\u00e9rend d\u2019une mani\u00e8re pacifique et \u00e0 travers les lois l\u00e9gales\u00a0\u00bb, selon le communiqu\u00e9.<\/p>\n<p>Appelant au \u00ab\u00a0respect de la loi\u00a0\u00bb, le ministre de la Justice, Cheick Sako, a estim\u00e9 qu\u2019il fallait \u00ab\u00a0absolument un climat de paix, de tol\u00e9rance et de s\u00e9r\u00e9nit\u00e9 en cette p\u00e9riode post\u00e9lectorale pour le bonheur des populations\u00a0\u00bb.<\/p>\n<p><strong>Jeune Afrique<\/strong><\/p>\n<p><img loading=\"lazy\" decoding=\"async\" class=\"alignnone size-medium wp-image-1919\" src=\"https:\/\/conakrynews.org\/wp-content\/uploads\/2018\/02\/jeune-afrique-515x290.jpg\" alt=\"\" width=\"515\" height=\"290\" srcset=\"https:\/\/conakrynews.org\/wp-content\/uploads\/2018\/02\/jeune-afrique-515x290.jpg 515w, https:\/\/conakrynews.org\/wp-content\/uploads\/2018\/02\/jeune-afrique-768x432.jpg 768w, https:\/\/conakrynews.org\/wp-content\/uploads\/2018\/02\/jeune-afrique.jpg 777w\" sizes=\"auto, (max-width: 515px) 100vw, 515px\" \/><\/p>\n","protected":false},"excerpt":{"rendered":"<p>Au moins 50 personnes ont \u00e9t\u00e9 interpell\u00e9es dans le centre de la Guin\u00e9e o\u00f9 des violences post-\u00e9lectorales ont fait cinq morts, ont indiqu\u00e9 jeudi les autorit\u00e9s locales. \u00ab\u00a0Apr\u00e8s les violences de Kalinko, les forces de l\u2019ordre ont proc\u00e9d\u00e9 \u00e0 l\u2019arrestation d\u2019au moins 50 personnes qui ont \u00e9t\u00e9 toutes transf\u00e9r\u00e9es \u00e0 la prison civile de Faranah, [&hellip;]<\/p>\n","protected":false},"author":2,"featured_media":1919,"comment_status":"open","ping_status":"open","sticky":false,"template":"","format":"image","meta":{"footnotes":""},"categories":[57],"tags":[],"class_list":{"0":"post-1918","1":"post","2":"type-post","3":"status-publish","4":"format-image","5":"has-post-thumbnail","7":"category-politique","8":"post_format-post-format-image"},"_links":{"self":[{"href":"https:\/\/conakrynews.org\/index.php\/wp-json\/wp\/v2\/posts\/1918","targetHints":{"allow":["GET"]}}],"collection":[{"href":"https:\/\/conakrynews.org\/index.php\/wp-json\/wp\/v2\/posts"}],"about":[{"href":"https:\/\/conakrynews.org\/index.php\/wp-json\/wp\/v2\/types\/post"}],"author":[{"embeddable":true,"href":"https:\/\/conakrynews.org\/index.php\/wp-json\/wp\/v2\/users\/2"}],"replies":[{"embeddable":true,"href":"https:\/\/conakrynews.org\/index.php\/wp-json\/wp\/v2\/comments?post=1918"}],"version-history":[{"count":0,"href":"https:\/\/conakrynews.org\/index.php\/wp-json\/wp\/v2\/posts\/1918\/revisions"}],"wp:featuredmedia":[{"embeddable":true,"href":"https:\/\/conakrynews.org\/index.php\/wp-json\/wp\/v2\/media\/1919"}],"wp:attachment":[{"href":"https:\/\/conakrynews.org\/index.php\/wp-json\/wp\/v2\/media?parent=1918"}],"wp:term":[{"taxonomy":"category","embeddable":true,"href":"https:\/\/conakrynews.org\/index.php\/wp-json\/wp\/v2\/categories?post=1918"},{"taxonomy":"post_tag","embeddable":true,"href":"https:\/\/conakrynews.org\/index.php\/wp-json\/wp\/v2\/tags?post=1918"}],"curies":[{"name":"wp","href":"https:\/\/api.w.org\/{rel}","templated":true}]}}