{"id":19198,"date":"2023-02-21T19:01:45","date_gmt":"2023-02-21T19:01:45","guid":{"rendered":"https:\/\/conakrynews.org\/?p=19198"},"modified":"2023-02-21T19:01:45","modified_gmt":"2023-02-21T19:01:45","slug":"faune-sauvage-lafrique-du-sud-va-envoyer-une-centaine-de-guepards-en-inde","status":"publish","type":"post","link":"https:\/\/conakrynews.org\/index.php\/faune-sauvage-lafrique-du-sud-va-envoyer-une-centaine-de-guepards-en-inde\/","title":{"rendered":"Faune sauvage: L\u2019Afrique du sud va envoyer une centaine de gu\u00e9pards en Inde"},"content":{"rendered":"<p>Le gu\u00e9pard, le mammif\u00e8re terrestre le plus rapide, est menac\u00e9 d&rsquo;extinction.<\/p>\n<p>Consid\u00e9r\u00e9 par l\u2019Inde comme une priorit\u00e9 \u00e9cologique, ce transfert est critiqu\u00e9 par des experts qui l\u2019ont qualifi\u00e9 de \u00ab tentative de conservation malavis\u00e9e \u00bb.<\/p>\n<p>L\u2019Afrique du sud va envoyer une centaine de gu\u00e9pards pour \u00ab le r\u00e9tablissement des populations \u00bb de ce f\u00e9lin en Inde apr\u00e8s son extinction locale en 1952. Un premier lot de 12 f\u00e9lins atterrira en Inde en f\u00e9vrier 2023. Il est pr\u00e9vu de transf\u00e9rer 12 autres gu\u00e9pards par an pendant les huit \u00e0 dix prochaines ann\u00e9es, selon un accord entre les gouvernements indien et sud-africain, a annonc\u00e9 le minist\u00e8re de l\u2019Environnement \u00e0 Pretoria (DFFE). La demande de transfert a \u00e9man\u00e9 du gouvernement indien pour le r\u00e9tablissement des populations de gu\u00e9pards \u00ab consid\u00e9r\u00e9 comme une priorit\u00e9 \u00bb pour l\u2019Inde. Il entra\u00eenera des cons\u00e9quences \u00ab vitales et de grande port\u00e9e en mati\u00e8re de conservation \u00bb, a indiqu\u00e9 la m\u00eame source.<\/p>\n<p>Des scientifiques se sont oppos\u00e9s au transfert de ces f\u00e9lins, d\u00e9j\u00e0 pr\u00e9c\u00e9d\u00e9s par huit gu\u00e9pards introduits en Inde depuis la Namibie en 2022. Les experts soulignent le \u00ab risque de provoquer la mort de ces grands f\u00e9lins (\u2026) dans des conflits entre l\u2019homme et la faune sauvage \u00bb. \u00ab Si l\u2019Inde tient \u00e0 faire revenir les f\u00e9lins, nous recommandons que le plan d\u2019action pour les gu\u00e9pards soit radicalement r\u00e9vis\u00e9 en utilisant une approche enti\u00e8rement scientifique \u00bb, ont \u00e9crit des chercheurs qui ont qualifi\u00e9 le projet de \u00ab tentative de conservation malavis\u00e9e \u00bb.<\/p>\n<p>Le gu\u00e9pard, le mammif\u00e8re terrestre le plus rapide, est menac\u00e9 d\u2019extinction. Reconduit en 2014 comme \u00ab vuln\u00e9rable \u00bb sur la liste des esp\u00e8ces menac\u00e9es de l\u2019Union internationale pour la conservation de la nature, le gu\u00e9pard est consid\u00e9r\u00e9 par certains experts comme \u00ab en danger \u00bb, situation encore plus mena\u00e7ante. Au cours des 100 derni\u00e8res ann\u00e9es, le monde a perdu 90 pour cent de la population de gu\u00e9pards, estime le Cheetah Conservation Fund (CCF), bas\u00e9 en Namibie. Aujourd\u2019hui, ce sont 7 000 individus vivant essentiellement en Afrique australe dont la moiti\u00e9 en Namibie.<\/p>\n<p>Avec dpa-news<\/p>\n","protected":false},"excerpt":{"rendered":"<p>Le gu\u00e9pard, le mammif\u00e8re terrestre le plus rapide, est menac\u00e9 d&rsquo;extinction. Consid\u00e9r\u00e9 par l\u2019Inde comme une priorit\u00e9 \u00e9cologique, ce transfert est critiqu\u00e9 par des experts qui l\u2019ont qualifi\u00e9 de \u00ab tentative de conservation malavis\u00e9e \u00bb. L\u2019Afrique du sud va envoyer une centaine de gu\u00e9pards pour \u00ab le r\u00e9tablissement des populations \u00bb de ce f\u00e9lin en [&hellip;]<\/p>\n","protected":false},"author":2,"featured_media":19199,"comment_status":"closed","ping_status":"closed","sticky":false,"template":"","format":"standard","meta":{"footnotes":""},"categories":[58],"tags":[],"class_list":{"0":"post-19198","1":"post","2":"type-post","3":"status-publish","4":"format-standard","5":"has-post-thumbnail","7":"category-societe"},"_links":{"self":[{"href":"https:\/\/conakrynews.org\/index.php\/wp-json\/wp\/v2\/posts\/19198","targetHints":{"allow":["GET"]}}],"collection":[{"href":"https:\/\/conakrynews.org\/index.php\/wp-json\/wp\/v2\/posts"}],"about":[{"href":"https:\/\/conakrynews.org\/index.php\/wp-json\/wp\/v2\/types\/post"}],"author":[{"embeddable":true,"href":"https:\/\/conakrynews.org\/index.php\/wp-json\/wp\/v2\/users\/2"}],"replies":[{"embeddable":true,"href":"https:\/\/conakrynews.org\/index.php\/wp-json\/wp\/v2\/comments?post=19198"}],"version-history":[{"count":0,"href":"https:\/\/conakrynews.org\/index.php\/wp-json\/wp\/v2\/posts\/19198\/revisions"}],"wp:featuredmedia":[{"embeddable":true,"href":"https:\/\/conakrynews.org\/index.php\/wp-json\/wp\/v2\/media\/19199"}],"wp:attachment":[{"href":"https:\/\/conakrynews.org\/index.php\/wp-json\/wp\/v2\/media?parent=19198"}],"wp:term":[{"taxonomy":"category","embeddable":true,"href":"https:\/\/conakrynews.org\/index.php\/wp-json\/wp\/v2\/categories?post=19198"},{"taxonomy":"post_tag","embeddable":true,"href":"https:\/\/conakrynews.org\/index.php\/wp-json\/wp\/v2\/tags?post=19198"}],"curies":[{"name":"wp","href":"https:\/\/api.w.org\/{rel}","templated":true}]}}