{"id":1921,"date":"2018-02-09T13:53:45","date_gmt":"2018-02-09T12:53:45","guid":{"rendered":"https:\/\/conakrynews.org\/?p=1921"},"modified":"2018-02-09T14:25:28","modified_gmt":"2018-02-09T13:25:28","slug":"culture-groupe-deggj-force-3-presente-projet-fale-parle-de-limmigration","status":"publish","type":"post","link":"https:\/\/conakrynews.org\/index.php\/culture-groupe-deggj-force-3-presente-projet-fale-parle-de-limmigration\/","title":{"rendered":"Culture : Le Groupe Deggj force 3  pr\u00e9sente son projet \u2018\u2019Fal\u00e9\u2019\u2019  qui parle de  l\u2019immigration"},"content":{"rendered":"<p><strong>Les \u00a0deux fr\u00e8res artistes du \u00a0grand \u00a0groupe de\u00a0\u00a0 Rap\u00a0 appel\u00e9 <\/strong><strong>\u00a0Deggj force 3 en \u00a0collaboration \u00a0avec les responsables de l\u2019Organisation Internationale\u00a0 pour la Migration (OIM) \u00a0\u00a0ont anim\u00e9 une \u00a0conf\u00e9rence de presse le \u00a0jeudi, 08 f\u00e9vrier 2018, \u00a0\u00e0 Conakry, dans \u00a0la\u00a0 grande \u00a0\u00a0salle de Canal Olympia\u00a0 au \u00a0\u00a0Bluzone de Kaloum<\/strong>.<\/p>\n<p>Pr\u00e9texte\u00a0: Faire \u00a0la pr\u00e9sentation du nouveau\u00a0 \u00a0clip dudit groupe\u00a0 \u00a0qui \u00a0doit\u00a0 officiellement \u00a0sortir \u00a0sur le march\u00e9 du disque \u00a0guin\u00e9en, \u00a0le samedi 10 f\u00e9vrier 2018.<\/p>\n<p>Ces \u00a0m\u00eames artistes en ont profit\u00e9 \u00e9galement l\u2019occasion, \u00a0\u00a0de parler\u00a0 d\u2019un projet\u00a0 de \u00a0tourn\u00e9e \u00a0qu\u2019ils ont d\u00e9nomm\u00e9 \u00a0\u2018\u2019Fal\u00e9\u2019\u2019, \u00a0financ\u00e9 par l\u2019Union Europ\u00e9enne.<\/p>\n<p>&nbsp;<\/p>\n<p><img loading=\"lazy\" decoding=\"async\" class=\"alignnone size-medium wp-image-1922\" src=\"https:\/\/conakrynews.org\/wp-content\/uploads\/2018\/02\/Deeg3-conf\u00e9rence-515x290.jpg\" alt=\"\" width=\"515\" height=\"290\" srcset=\"https:\/\/conakrynews.org\/wp-content\/uploads\/2018\/02\/Deeg3-conf\u00e9rence-515x290.jpg 515w, https:\/\/conakrynews.org\/wp-content\/uploads\/2018\/02\/Deeg3-conf\u00e9rence-768x432.jpg 768w, https:\/\/conakrynews.org\/wp-content\/uploads\/2018\/02\/Deeg3-conf\u00e9rence.jpg 1280w\" sizes=\"auto, (max-width: 515px) 100vw, 515px\" \/>D\u2019entr\u00e9e de jeu, la responsable \u00a0de Mission de l\u2019Organisation Internationale pour la migration(OIM), Mme Fatou Diaye, a d\u00e9clar\u00e9 \u00e0 la presse que ce projet est issu d\u2019un parcours r\u00e9el\u00a0:\u00a0\u00ab\u00a0C\u2019est \u00a0un projet qui parle\u00a0 de \u00a0la vie r\u00e9elle des migrants qui traversent les for\u00eats et le d\u00e9sert. Je demande donc\u00a0 l\u2019Union Europ\u00e9enne et \u00a0tous les Etats africains,\u00a0 de\u00a0 nous accompagner\u00a0 \u00a0\u00a0afin de \u00a0stabiliser la jeunesse africaine, plus particuli\u00e8rement la jeunesse de \u00a0guin\u00e9e. Parce que \u00a0la guin\u00e9e est le pays le plus touch\u00e9 dans la sous-r\u00e9gions, \u00a0malgr\u00e9\u00a0 ses\u00a0 \u00a0potentialit\u00e9s qui peuvent\u00a0 nous aider\u00a0 \u00e0 r\u00e9ussir le pari\u00a0\u00bb, a telle expliqu\u00e9. Avant de faire \u00a0savoir que\u00a0 l\u2019objectif, ce n\u2019est pas seulement \u00a0\u00a0pour faire la sensibilisation, mais\u00a0 \u00a0c\u2019est \u00a0aussi essayer de \u00a0\u00a0\u00a0donner \u00a0\u00a0des alternatives. \u00ab\u00a0Quelles sont\u00a0 ces alternatives\u00a0? tout projets a travers L\u2019OIM y compris les projets des d\u00e9partements de l\u2019Europe\u00a0, Allemagne, la Belgique, qui sont entrain \u00a0de mettre en place des termes d\u2019activit\u00e9s \u00a0pour\u00a0 permettre de valoriser la jeunesse \u00a0\u00e0 travers un programme d\u2019insertion des migrant\u00a0 au sein de \u00a0la soci\u00e9t\u00e9. C\u2019est une initiative\u00a0 pour aider \u00a0les jeunes \u00e0 \u00a0\u00e9viter de \u00a0traverser le d\u00e9sert\u00a0\u00bb,\u00a0 a pr\u00e9cis\u00e9 la responsable de l\u2019OIM.<\/p>\n<p>&nbsp;<\/p>\n<p>Abdoulaye Baye du Groupe \u00a0du DEGGJ FORCE3, a \u00a0pr\u00e9sent\u00e9 le projet \u2018\u2019fal\u00e9\u2019\u2019:\u00a0\u00ab\u00a0 les \u00a0\u00a0musiques en g\u00e9n\u00e9ral et \u00a0\u00a0particuli\u00e8rement les musiques urbaines sont\u00a0 des \u00a0outils de communication efficaces \u00a0pour v\u00e9hiculer des messages \u00e0 la jeunesse notamment celle susceptible d\u2019\u00eatre motiver \u00a0par la migration irr\u00e9guli\u00e8re. Force\u00a0 est de \u00a0\u00a0constater \u00a0aujourd\u2019hui \u00a0que \u00a0\u00a0L\u2019OIM guin\u00e9e a souhait\u00e9 associer \u00a0le groupe DEGGJ Force3 au volet de sensibilisation de ce \u00a0projet sur la migration\u00a0\u00bb, a soulign\u00e9 le Rastamane du DEGGJ FORCE3.<\/p>\n<p>&nbsp;<\/p>\n<p>&nbsp;<\/p>\n<p>Avant d\u2019ajouter\u00a0: \u00ab\u00a0renforcement de la gouvernance des migrations et de support \u00e0 la r\u00e9int\u00e9gration des migrants en r\u00e9publique de guin\u00e9e.\u00a0Convaincre \u00a0le pouvoir \u00a0\u00e0 toucher une large population parfois difficile \u00e0 atteindre avec les outils traditionnels. Le projet \u2018\u2019fal\u00e9\u2019\u2019, est \u00a0Chant\u00e9 en fran\u00e7ais, soussous et pulaar.C\u2019est une histoire de la migration irr\u00e9guli\u00e8re, mais l\u2019histoire de tant de jeunes guin\u00e9ens et africains. Les \u00a0raisons objectives aux r\u00eaves qui\u00a0 \u00a0poussent \u00a0les jeunes migrants africains \u00e0 traverser le dessert pour des pays occidentaux\u00a0\u00bb, ajoute -t-il.<\/p>\n<p>&nbsp;<\/p>\n<p>&nbsp;<\/p>\n<p>Pour terminer, il a dit\u00a0: Le projet Fal\u00e9 a \u00e9t\u00e9 retenu suite \u00e0 un appel \u00e0 proposition de l\u2019OIM lanc\u00e9 en septembre 2017, pour la sensibilisation des jeunes\u00a0 des \u00a0communaut\u00e9s en extr\u00eame dangers de la Migration irr\u00e9guli\u00e8re. Pour\u00a0 sensibiliser les jeunes Guin\u00e9ens par rapport \u00e0 l\u2019immigration, une \u00a0caravane est pr\u00e9vue ce mois de f\u00e9vrier dans les villes de Mamou, Bok\u00e9, et Conakry\u00bb, a-t-il \u00a0conclu.<\/p>\n<p>Ang\u00e8le Haba pour <a href=\"https:\/\/conakrynews.org\">www.conakrynews.org<\/a> 623284173<\/p>\n<p>&nbsp;<\/p>\n","protected":false},"excerpt":{"rendered":"<p>Les \u00a0deux fr\u00e8res artistes du \u00a0grand \u00a0groupe de\u00a0\u00a0 Rap\u00a0 appel\u00e9 \u00a0Deggj force 3 en \u00a0collaboration \u00a0avec les responsables de l\u2019Organisation Internationale\u00a0 pour la Migration (OIM) \u00a0\u00a0ont anim\u00e9 une \u00a0conf\u00e9rence de presse le \u00a0jeudi, 08 f\u00e9vrier 2018, \u00a0\u00e0 Conakry, dans \u00a0la\u00a0 grande \u00a0\u00a0salle de Canal Olympia\u00a0 au \u00a0\u00a0Bluzone de Kaloum. Pr\u00e9texte\u00a0: Faire \u00a0la pr\u00e9sentation du nouveau\u00a0 [&hellip;]<\/p>\n","protected":false},"author":2,"featured_media":1922,"comment_status":"open","ping_status":"open","sticky":false,"template":"","format":"image","meta":{"footnotes":""},"categories":[62],"tags":[],"class_list":{"0":"post-1921","1":"post","2":"type-post","3":"status-publish","4":"format-image","5":"has-post-thumbnail","7":"category-culture","8":"post_format-post-format-image"},"_links":{"self":[{"href":"https:\/\/conakrynews.org\/index.php\/wp-json\/wp\/v2\/posts\/1921","targetHints":{"allow":["GET"]}}],"collection":[{"href":"https:\/\/conakrynews.org\/index.php\/wp-json\/wp\/v2\/posts"}],"about":[{"href":"https:\/\/conakrynews.org\/index.php\/wp-json\/wp\/v2\/types\/post"}],"author":[{"embeddable":true,"href":"https:\/\/conakrynews.org\/index.php\/wp-json\/wp\/v2\/users\/2"}],"replies":[{"embeddable":true,"href":"https:\/\/conakrynews.org\/index.php\/wp-json\/wp\/v2\/comments?post=1921"}],"version-history":[{"count":0,"href":"https:\/\/conakrynews.org\/index.php\/wp-json\/wp\/v2\/posts\/1921\/revisions"}],"wp:featuredmedia":[{"embeddable":true,"href":"https:\/\/conakrynews.org\/index.php\/wp-json\/wp\/v2\/media\/1922"}],"wp:attachment":[{"href":"https:\/\/conakrynews.org\/index.php\/wp-json\/wp\/v2\/media?parent=1921"}],"wp:term":[{"taxonomy":"category","embeddable":true,"href":"https:\/\/conakrynews.org\/index.php\/wp-json\/wp\/v2\/categories?post=1921"},{"taxonomy":"post_tag","embeddable":true,"href":"https:\/\/conakrynews.org\/index.php\/wp-json\/wp\/v2\/tags?post=1921"}],"curies":[{"name":"wp","href":"https:\/\/api.w.org\/{rel}","templated":true}]}}