{"id":19357,"date":"2023-02-27T12:07:16","date_gmt":"2023-02-27T12:07:16","guid":{"rendered":"https:\/\/conakrynews.org\/?p=19357"},"modified":"2023-02-27T12:07:16","modified_gmt":"2023-02-27T12:07:16","slug":"naufrage-de-migrants-au-large-de-litalie-43-morts-80-survivants","status":"publish","type":"post","link":"https:\/\/conakrynews.org\/index.php\/naufrage-de-migrants-au-large-de-litalie-43-morts-80-survivants\/","title":{"rendered":"Naufrage de migrants au large de l\u2019Italie: 43 morts, 80 survivants"},"content":{"rendered":"<p>Une large part des v\u00eatements usag\u00e9s envoy\u00e9s en Afrique ne sont pas susceptibles d\u2019\u00eatre revendus et sont donc br\u00fbl\u00e9s ce qui cause des dommages \u00e0 l\u2019environnement. Le ministre allemand du travail, Hubertus Heil, a d\u00e9clar\u00e9 qu\u2019il appartenait aux gouvernements et aux entreprises de s\u2019attaquer aux probl\u00e8mes caus\u00e9s par les v\u00eatements usag\u00e9s, en visitant l\u2019un des plus grands march\u00e9s d\u2019occasion du monde \u00e0 Accra, au Ghana. \u00ab Je pense que vous devez \u00e9galement sensibiliser les consommateurs \u00bb, a-t-il ajout\u00e9, lors de sa visite de cinq jours dans la r\u00e9gion, accompagn\u00e9 de la ministre allemande de la Coop\u00e9ration \u00e9conomique et du D\u00e9veloppement (BMZ), Sonja Schulze. L\u2019Allemagne soutient la Commission europ\u00e9enne dans l\u2019\u00e9laboration d\u2019une nouvelle loi sur la question, a d\u00e9clar\u00e9 Heil. Elle stipule, entre autres, que les entreprises doivent veiller davantage \u00e0 ce que leurs produits finis ne causent pas de probl\u00e8mes majeurs, par exemple en tant que mat\u00e9riaux recycl\u00e9s ou d\u00e9chets. Les montagnes de v\u00eatements de seconde main et de d\u00e9chets textiles qui arrivent dans le pays depuis l\u2019\u00e9tranger mettent les fabricants locaux de produits textiles en difficult\u00e9 et causent \u00e9galement des probl\u00e8mes environnementaux, estime-t-on. Les deux ministres, en voyage au Ghana puis en C\u00f4te d\u2019Ivoire, souhaitent promouvoir de meilleures conditions de travail et moins de dommages environnementaux. Ils sont accompagn\u00e9s dans leur visite du nouveau directeur g\u00e9n\u00e9ral de l\u2019Organisation internationale du Travail (OIT), le Togolais Gilbert Houngbo. Le Ghana compte parmi les principaux pays importateurs de v\u00eatements usag\u00e9s et l\u2019Allemagne est l\u2019un des principaux pays exportateurs, a indiqu\u00e9 le BMZ. Toutefois, pr\u00e8s 40 pour cent des marchandises, 15 millions de v\u00eatements par semaine, ne sont pas susceptibles d\u2019\u00eatre revendues. Ces v\u00eatements sont tri\u00e9s en tant que d\u00e9chets pour \u00eatre \u00e9limin\u00e9s dans des d\u00e9charges sauvages ou br\u00fbl\u00e9s au bord des fleuves et sur des plages. Cette situation exige de chercher des possibilit\u00e9s de recyclage respectueuses des normes sociales et environnementales, a expliqu\u00e9 le BMZ. La strat\u00e9gie de l\u2019Union europ\u00e9enne (UE) pour des textiles durables et circulaires pr\u00e9voit de n\u2019exporter de d\u00e9chets textiles vers des pays non-membres de l\u2019Organisation de Coop\u00e9ration et de D\u00e9veloppement \u00c9conomiques (OCDE) que sous certaines conditions. Les pays doivent informer la Commission europ\u00e9enne qu\u2019ils souhaitent importer ces d\u00e9chets et d\u00e9montrer leur capacit\u00e9 \u00e0 les g\u00e9rer de mani\u00e8re durable.<\/p>\n<p>Parmi les victimes se trouve un b\u00e9b\u00e9 de quelques mois. Un maire a promis d\u2019enterrer dignement les victimes dans un cimeti\u00e8re local.<\/p>\n<p>Au moins 43 migrants ont p\u00e9ri lorsque leur embarcation s\u2019est fracass\u00e9e \u00e0 l\u2019aube dimanche sur des r\u00e9cifs rocheux juste au large du sud de l\u2019Italie, ont indiqu\u00e9 les garde-c\u00f4tes italiens.<\/p>\n<p>\u00ab A ce jour, 80 survivants ont \u00e9t\u00e9 r\u00e9cup\u00e9r\u00e9s \u2013 dont certains ont r\u00e9ussi \u00e0 atteindre le rivage apr\u00e8s le naufrage \u2013 et 43 corps ont \u00e9t\u00e9 retrouv\u00e9s le long du rivage \u00bb, a indiqu\u00e9 le communiqu\u00e9 des garde-c\u00f4tes publi\u00e9 peu avant midi.<\/p>\n<p>Selon la Premi\u00e8re ministre italienne, Giorgia Meloni, les migrants \u00e9taient entass\u00e9s dans un bateau de 20 m\u00e8tres de long dans des \u00ab conditions m\u00e9t\u00e9orologiques d\u00e9favorables \u00bb. Dans un communiqu\u00e9 publi\u00e9 par son cabinet, elle a exprim\u00e9 \u00ab sa profonde tristesse pour les nombreuses vies humaines arrach\u00e9es par les trafiquants d\u2019\u00eatres humains\u201d.<\/p>\n<p>\u00ab C\u2019est inhumain d\u2019\u00e9changer la vie d\u2019hommes, de femmes et d\u2019enfants contre le \u2018prix\u2019 d\u2019un billet pay\u00e9 par eux dans la fausse perspective d\u2019un voyage s\u00fbr \u00bb, a d\u00e9clar\u00e9 Mme Meloni, une dirigeante d\u2019extr\u00eame droite dont les alli\u00e9s au gouvernement comprennent le parti anti-migrants de la Ligue.<\/p>\n<p>Elle a promis d\u2019utiliser son pouvoir pour faire pression sur les d\u00e9parts organis\u00e9s par les passeurs de clandestins et sur les autres dirigeants de l\u2019Union europ\u00e9enne pour aider l\u2019Italie.<\/p>\n<p>Un b\u00e9b\u00e9 parmi les morts<\/p>\n<p>L\u2019\u00e9pave de l\u2019embarcation, ainsi que des piles d\u2019\u00e9clats de bois, jonchent la plage de Steccato di Cutro, qui fait partie du littoral calabrais, le long de la mer Ionienne. Certains des survivants tentaient de se r\u00e9chauffer, envelopp\u00e9s dans ce qui semblait \u00eatre des couvertures ou des draps color\u00e9s.<\/p>\n<p>Un h\u00e9licopt\u00e8re et des bateaux \u00e0 moteur ont \u00e9t\u00e9 d\u00e9ploy\u00e9s dans le cadre des efforts de recherche, y compris des navires des pompiers de l\u2019\u00c9tat, de la police des fronti\u00e8res et des garde-c\u00f4tes.<\/p>\n<p>Un bateau \u00e0 moteur des garde-c\u00f4tes a sauv\u00e9 deux hommes souffrant d\u2019hypothermie et a r\u00e9cup\u00e9r\u00e9 le corps d\u2019un gar\u00e7on dans la mer agit\u00e9e, selon un communiqu\u00e9. Les bateaux des pompiers, y compris les plongeurs de sauvetage, ont r\u00e9cup\u00e9r\u00e9 28 corps, dont trois tir\u00e9s par un fort courant loin de l\u2019\u00e9pave.<\/p>\n<p>L\u2019agence de presse italienne AGI a indiqu\u00e9 que parmi les corps se trouvait celui d\u2019un b\u00e9b\u00e9 de quelques mois.<\/p>\n<p>Le pape Fran\u00e7ois a d\u00e9plor\u00e9 dimanche que des enfants figurent parmi les victimes du naufrage.<\/p>\n<p>Il a d\u00e9clar\u00e9 aux fid\u00e8les pr\u00e9sents sur la place Saint-Pierre : \u00ab Je prie pour chacun d\u2019entre eux, pour les disparus et les autres migrants qui ont surv\u00e9cu \u00bb. Le pontife a ajout\u00e9 qu\u2019il priait \u00e9galement pour les sauveteurs \u00ab et pour ceux qui accueillent \u00bb les migrants.<\/p>\n<p>\u00ab C\u2019est une \u00e9norme trag\u00e9die \u00bb, a d\u00e9clar\u00e9 le maire de Crotone, Vincenzo Voce, \u00e0 la t\u00e9l\u00e9vision publique RAI.<\/p>\n<p>\u00ab Par solidarit\u00e9, la ville trouvera des places dans le cimeti\u00e8re \u00bb pour les morts, a-t-il ajout\u00e9.<\/p>\n<p>Aucun d\u00e9tail n\u2019a \u00e9t\u00e9 donn\u00e9 pour l\u2019heure sur les nationalit\u00e9s des migrants.<\/p>\n<p>Avec AFP<\/p>\n","protected":false},"excerpt":{"rendered":"<p>Une large part des v\u00eatements usag\u00e9s envoy\u00e9s en Afrique ne sont pas susceptibles d\u2019\u00eatre revendus et sont donc br\u00fbl\u00e9s ce qui cause des dommages \u00e0 l\u2019environnement. Le ministre allemand du travail, Hubertus Heil, a d\u00e9clar\u00e9 qu\u2019il appartenait aux gouvernements et aux entreprises de s\u2019attaquer aux probl\u00e8mes caus\u00e9s par les v\u00eatements usag\u00e9s, en visitant l\u2019un des [&hellip;]<\/p>\n","protected":false},"author":2,"featured_media":19358,"comment_status":"closed","ping_status":"closed","sticky":false,"template":"","format":"standard","meta":{"footnotes":""},"categories":[58],"tags":[],"class_list":{"0":"post-19357","1":"post","2":"type-post","3":"status-publish","4":"format-standard","5":"has-post-thumbnail","7":"category-societe"},"_links":{"self":[{"href":"https:\/\/conakrynews.org\/index.php\/wp-json\/wp\/v2\/posts\/19357","targetHints":{"allow":["GET"]}}],"collection":[{"href":"https:\/\/conakrynews.org\/index.php\/wp-json\/wp\/v2\/posts"}],"about":[{"href":"https:\/\/conakrynews.org\/index.php\/wp-json\/wp\/v2\/types\/post"}],"author":[{"embeddable":true,"href":"https:\/\/conakrynews.org\/index.php\/wp-json\/wp\/v2\/users\/2"}],"replies":[{"embeddable":true,"href":"https:\/\/conakrynews.org\/index.php\/wp-json\/wp\/v2\/comments?post=19357"}],"version-history":[{"count":0,"href":"https:\/\/conakrynews.org\/index.php\/wp-json\/wp\/v2\/posts\/19357\/revisions"}],"wp:featuredmedia":[{"embeddable":true,"href":"https:\/\/conakrynews.org\/index.php\/wp-json\/wp\/v2\/media\/19358"}],"wp:attachment":[{"href":"https:\/\/conakrynews.org\/index.php\/wp-json\/wp\/v2\/media?parent=19357"}],"wp:term":[{"taxonomy":"category","embeddable":true,"href":"https:\/\/conakrynews.org\/index.php\/wp-json\/wp\/v2\/categories?post=19357"},{"taxonomy":"post_tag","embeddable":true,"href":"https:\/\/conakrynews.org\/index.php\/wp-json\/wp\/v2\/tags?post=19357"}],"curies":[{"name":"wp","href":"https:\/\/api.w.org\/{rel}","templated":true}]}}