{"id":19360,"date":"2023-02-27T12:08:36","date_gmt":"2023-02-27T12:08:36","guid":{"rendered":"https:\/\/conakrynews.org\/?p=19360"},"modified":"2023-02-27T12:08:36","modified_gmt":"2023-02-27T12:08:36","slug":"feguikarate-vers-le-demarrage-du-championnat-national-prevu-le-3-mars-prochain","status":"publish","type":"post","link":"https:\/\/conakrynews.org\/index.php\/feguikarate-vers-le-demarrage-du-championnat-national-prevu-le-3-mars-prochain\/","title":{"rendered":"F\u00e9guikarat\u00e9: vers le d\u00e9marrage du championnat national pr\u00e9vu le 3 mars prochain"},"content":{"rendered":"<p>La r\u00e9gion de Conakry va abriter le mois de mars prochain, le championnat national de Karat\u00e9.<br \/>\nCette rencontre qui avait l\u2019habitude de se tenir au mois de d\u00e9cembre de chaque ann\u00e9e a \u00e9t\u00e9 finalement modifi\u00e9e par les organisateurs.<br \/>\nSelon responsables de la F\u00e9d\u00e9ration Guin\u00e9enne de Karat\u00e9, la modification du calendrier \u00e0 l\u2019international est la principale raison.<br \/>\nPour le pr\u00e9sident de la FEGUIKARAT\u00c9, Me Cheikh Cond\u00e9, il y a eu ce changement parce que le mois de d\u00e9cembre pass\u00e9 sa f\u00e9d\u00e9ration \u00e9tait pr\u00e9occup\u00e9e \u00e0 pr\u00e9parer le championnat d\u2019Afrique du c\u00f4t\u00e9 de Durban dont la date \u00e0 l\u2019international a \u00e9t\u00e9 modifi\u00e9e.<br \/>\n\u00ab Donc, on \u00e9tait oblig\u00e9 de se conformer \u00e0 cette date, c\u2019est ce qui conduit \u00e0 ce changement de calendrier . Ce championnat qui va d\u00e9marrer le mois prochain, du 03 au 05 mars 2023 par les \u00e9liminatoires et la finale bien avant le coup d\u2019envoi du championnat \u00bb mentionne le pr\u00e9sident de la FeguiKarat\u00e9.<br \/>\n\u00ab Nous avons beaucoup de pr\u00e9alables. Il y a d\u2019abord l\u2019arriv\u00e9e des athl\u00e8tes qui quittent l\u2019int\u00e9rieur, donc ils vont commencer \u00e0 rallier Conakry \u00e0 partir du 27 f\u00e9vrier, nous allons commencer le pesage, le 28 et le 29 f\u00e9vrier apr\u00e8s, on va commencer le stage de recyclage des arbitres puisqu\u2019actuellement, nous avons des arbitres du c\u00f4t\u00e9 de plusieurs r\u00e9gions Ligues, qui vont \u00eatre recycl\u00e9s pour \u00eatre au diapason des nouveaux syst\u00e8mes pour faire une conformit\u00e9 aux r\u00e9alit\u00e9s internationales \u00ab , pr\u00e9cise-t-il.<br \/>\nPlus loin , Me Cheikh Cond\u00e9 a annonc\u00e9 que cette ann\u00e9e, la repr\u00e9sentation diplomatique du pays du soleil levant, assistera \u00e0 cette c\u00e9r\u00e9monie.<\/p>\n<p>\u00ab La nouveaut\u00e9 cette fois-ci, c\u2019est que l\u2019ambassade du Japon qui accorde un int\u00e9r\u00eat particulier pour le Karat\u00e9 guin\u00e9en, sera l\u00e0 avec nous et je crois qu\u2019il compte prendre part \u00e0 ce fort moment avec nous \u00ab , dira le pr\u00e9sident de la F\u00e9d\u00e9ration guin\u00e9enne de Karat\u00e9.<\/p>\n<p>Pour finir, il a pr\u00e9cis\u00e9 que cette competition va permettre aux dirigeants guin\u00e9ens, de d\u00e9nicher des nouveaux talents pour renforcer les diff\u00e9rentes cat\u00e9gories de l\u2019\u00e9quipe nationale de Karat\u00e9 qui prendront part au challenge continental de Dakar au prochain championnat africain de Durban.<\/p>\n<p>Guineequotidien.com <\/p>\n","protected":false},"excerpt":{"rendered":"<p>La r\u00e9gion de Conakry va abriter le mois de mars prochain, le championnat national de Karat\u00e9. Cette rencontre qui avait l\u2019habitude de se tenir au mois de d\u00e9cembre de chaque ann\u00e9e a \u00e9t\u00e9 finalement modifi\u00e9e par les organisateurs. Selon responsables de la F\u00e9d\u00e9ration Guin\u00e9enne de Karat\u00e9, la modification du calendrier \u00e0 l\u2019international est la principale [&hellip;]<\/p>\n","protected":false},"author":2,"featured_media":19361,"comment_status":"closed","ping_status":"closed","sticky":false,"template":"","format":"standard","meta":{"footnotes":""},"categories":[58],"tags":[],"class_list":{"0":"post-19360","1":"post","2":"type-post","3":"status-publish","4":"format-standard","5":"has-post-thumbnail","7":"category-societe"},"_links":{"self":[{"href":"https:\/\/conakrynews.org\/index.php\/wp-json\/wp\/v2\/posts\/19360","targetHints":{"allow":["GET"]}}],"collection":[{"href":"https:\/\/conakrynews.org\/index.php\/wp-json\/wp\/v2\/posts"}],"about":[{"href":"https:\/\/conakrynews.org\/index.php\/wp-json\/wp\/v2\/types\/post"}],"author":[{"embeddable":true,"href":"https:\/\/conakrynews.org\/index.php\/wp-json\/wp\/v2\/users\/2"}],"replies":[{"embeddable":true,"href":"https:\/\/conakrynews.org\/index.php\/wp-json\/wp\/v2\/comments?post=19360"}],"version-history":[{"count":0,"href":"https:\/\/conakrynews.org\/index.php\/wp-json\/wp\/v2\/posts\/19360\/revisions"}],"wp:featuredmedia":[{"embeddable":true,"href":"https:\/\/conakrynews.org\/index.php\/wp-json\/wp\/v2\/media\/19361"}],"wp:attachment":[{"href":"https:\/\/conakrynews.org\/index.php\/wp-json\/wp\/v2\/media?parent=19360"}],"wp:term":[{"taxonomy":"category","embeddable":true,"href":"https:\/\/conakrynews.org\/index.php\/wp-json\/wp\/v2\/categories?post=19360"},{"taxonomy":"post_tag","embeddable":true,"href":"https:\/\/conakrynews.org\/index.php\/wp-json\/wp\/v2\/tags?post=19360"}],"curies":[{"name":"wp","href":"https:\/\/api.w.org\/{rel}","templated":true}]}}