{"id":19366,"date":"2023-02-27T18:30:25","date_gmt":"2023-02-27T18:30:25","guid":{"rendered":"https:\/\/conakrynews.org\/?p=19366"},"modified":"2023-02-27T18:32:53","modified_gmt":"2023-02-27T18:32:53","slug":"braquage-du-pouvoir-judiciaire-ce-que-le-president-mohamed-diawara-a-dit-a-la-26eme-conference-annuelle-du-gra-de-luim","status":"publish","type":"post","link":"https:\/\/conakrynews.org\/index.php\/braquage-du-pouvoir-judiciaire-ce-que-le-president-mohamed-diawara-a-dit-a-la-26eme-conference-annuelle-du-gra-de-luim\/","title":{"rendered":"Braquage du pouvoir judiciaire: ce que le pr\u00e9sident Mohamed Diawara \u00e0 dit \u00e0  la 26\u00e8me conf\u00e9rence annuelle du GRA de l\u2019UIM"},"content":{"rendered":"<p>Du 19 au 24 f\u00e9vrier 2023, Bamako, la capitale du Mali a abrit\u00e9 la 26\u00e8me conf\u00e9rence annuelle du Groupe r\u00e9gional Africain de l\u2019Union internationale des Magistrats. Cette rencontre de haut niveau des Magistrats du Monde \u00e0 \u00e9t\u00e9 ponctu\u00e9e par plusieurs conf\u00e9rences-d\u00e9bats avec pour seul objectif promouvoir l\u2019Etat de Droit, prot\u00e9ger les droits de l\u2019homme et l\u2019independance du pouvoir judiciaire conform\u00e9ment aux dispositions l\u00e9gales.<br \/>\nMohamed Diawara, pr\u00e9sident de l\u2019Association des Magistrats de Guin\u00e9e au cours de son expos\u00e9 sur l\u2019independance et la sauvegarde du pouvoir judiciaire, a attir\u00e9 l\u2019attention de ses coll\u00e8gues sur le braquage du pouvoir judiciaire dans certains Etats.<\/p>\n<p><img loading=\"lazy\" decoding=\"async\" src=\"https:\/\/conakrynews.org\/wp-content\/uploads\/2023\/02\/IMG-20230223-WA0146-jpg-281x375.jpeg\" alt=\"\" width=\"281\" height=\"375\" class=\"alignright size-medium wp-image-19367\" srcset=\"https:\/\/conakrynews.org\/wp-content\/uploads\/2023\/02\/IMG-20230223-WA0146-jpg-281x375.jpeg 281w, https:\/\/conakrynews.org\/wp-content\/uploads\/2023\/02\/IMG-20230223-WA0146-jpg.jpeg 766w\" sizes=\"auto, (max-width: 281px) 100vw, 281px\" \/><\/p>\n<p>L\u2019AMG en tant que membre du Groupe R\u00e9gional Africain de l\u2019UIM, est repr\u00e9sent\u00e9e par son Pr\u00e9sident Mohamed DIAWARA, accompagn\u00e9 de la secr\u00e9taire charg\u00e9e des Affaires sociales, Madame Juliette MAMY, du Secr\u00e9taire charg\u00e9 de la presse et de la formation, Monsieur Kaman Magloire Th\u00e9ophile KOUADIO et d\u2019un membre actif de l\u2019Association, Monsieur Lamine TOURE.<\/p>\n<p><img loading=\"lazy\" decoding=\"async\" src=\"https:\/\/conakrynews.org\/wp-content\/uploads\/2023\/02\/IMG-20230223-WA0138-jpg-1-501x375.jpeg\" alt=\"\" width=\"501\" height=\"375\" class=\"alignright size-medium wp-image-19369\" srcset=\"https:\/\/conakrynews.org\/wp-content\/uploads\/2023\/02\/IMG-20230223-WA0138-jpg-1-501x375.jpeg 501w, https:\/\/conakrynews.org\/wp-content\/uploads\/2023\/02\/IMG-20230223-WA0138-jpg-1.jpeg 768w\" sizes=\"auto, (max-width: 501px) 100vw, 501px\" \/><\/p>\n<p>Les d\u00e9l\u00e9gu\u00e9s de l\u2019AMG \u00e0 ce grand \u00e9v\u00e8nement, organis\u00e9 par le Syndicat Autonome de la Magistrature du Mali \u00ab S.A.M \u00bb, poursuivent leur s\u00e9jour de travail \u00e0 Bamako.<br \/>\nLa rencontre a connu la participation des Magistrats venus du Br\u00e9sil, du Portugal, de l\u2019Equateur, de l\u2019Italie, bref d\u2019Am\u00e9rique, de l\u2019Europe, de l\u2019Asie, et d\u2019Afrique.<br \/>\nL\u2019ouverture officielle de cette rencontre s\u2019est tenue au Centre international de conf\u00e9rences de Bamako (CICB), plac\u00e9e sous la pr\u00e9sidence de Colonel Assimi GO\u00cfTA, pr\u00e9sident du Conseil sup\u00e9rieur de la magistrature du Mali, en pr\u00e9sence du Premier ministre, chef du gouvernement, du Garde des Sceaux, ministre de la Justice et des droits de l\u2019Homme, ainsi que des membres du Gouvernement malien, du Pr\u00e9sident du Conseil national de Transition (CNT), des pr\u00e9sidents des Institutions, du maire de la Commune III, des partenaires au d\u00e9veloppement, le Corps diplomatique et consulaire.<\/p>\n<p><img loading=\"lazy\" decoding=\"async\" src=\"https:\/\/conakrynews.org\/wp-content\/uploads\/2023\/02\/IMG-20230223-WA0154-jpg-1-515x343.jpeg\" alt=\"\" width=\"515\" height=\"343\" class=\"alignright size-medium wp-image-19371\" srcset=\"https:\/\/conakrynews.org\/wp-content\/uploads\/2023\/02\/IMG-20230223-WA0154-jpg-1-515x343.jpeg 515w, https:\/\/conakrynews.org\/wp-content\/uploads\/2023\/02\/IMG-20230223-WA0154-jpg-1.jpeg 768w\" sizes=\"auto, (max-width: 515px) 100vw, 515px\" \/><\/p>\n<p>En plus du th\u00e8me principal \u00ab la promotion des droits de l\u2019homme en p\u00e9riode de crise \u00bb, plusieurs th\u00e9matiques ont \u00e9t\u00e9 d\u00e9battues telles que la lutte contre la corruption, la d\u00e9linquance \u00e9conomique et financi\u00e8re, la cybercriminalit\u00e9, le terrorisme et la criminalit\u00e9 transnationale organis\u00e9e qui sont des menaces portant gravement atteinte aux droits de l\u2019homme, \u00e0 la gouvernance et \u00e0 l\u2019Etat de droit.<br \/>\nL\u2019objectif de cette rencontre de haut niveau est de poursuivre ce cadre d\u2019\u00e9change d\u2019exp\u00e9riences et de bonnes pratiques visant \u00e0 promouvoir l\u2019ind\u00e9pendance des Magistrats, la sauvegarde de l\u2019ind\u00e9pendance du pouvoir judiciaire, condition essentielle \u00e0 la fonction juridictionnelle et de la garantie des droits de l\u2019homme et des libert\u00e9s.<br \/>\nA la r\u00e9union du Groupe Africain de l\u2019UIM, tenue \u00e0 l\u2019h\u00f4tel Radisson Collection Bamako, Mohamed DIAWARA, apr\u00e8s avoir remerci\u00e9 vivement le Syndicat Autonome de la Magistrature du Mali \u00ab S.A.M \u00bb pour leur hospitalit\u00e9 et la r\u00e9ussite de l\u2019\u00e9v\u00e8nement et pr\u00e9sent\u00e9 le rapport annuel d\u2019activit\u00e9s de l\u2019AMG, a invit\u00e9 les Magistrats des Etats pr\u00e9sents \u00e0 \u00eatre vigilants et prudents, sinon, selon lui, il y a un gros risque qu\u2019ils disparaissent, non pas en tant que Magistrats mais en tant que pouvoir judiciaire.<br \/>\nDans bon nombre d\u2019Etats, il y a sans nul doute des braquages du pouvoir judiciaire car, \u00e0 date, certains de nos pairs \u00e9paulent les politiques \u00e0 fouler aux pieds l\u2019ind\u00e9pendance des magistrats, ajoutait-il.<br \/>\nNous devons nous unir davantage pour la sauvegarde de l\u2019ind\u00e9pendance du pouvoir judicaire dans nos Etats respectifs. Seules les Associations pourront \u0153uvrer dans ce sens, pas le Conseil Sup\u00e9rieur de la Magistrature qui, bien que cens\u00e9 garantir l\u2019ind\u00e9pendance et la carri\u00e8re des Magistrats, est pratiquement plus proche des politiques dans plusieurs Etats, concluait-il.<br \/>\nIl faut rappeler que l\u2019union Internationale des Magistrats a \u00e9t\u00e9 fond\u00e9e en 1953 \u00e0 Salzbourg (Autriche). C\u2019est une organisation internationale professionnelle apolitique ayant statut d\u2019observateur au sein de l\u2019assembl\u00e9e g\u00e9n\u00e9rale des Nations Unies. Elle regroupe non pas des individus, mais des Associations nationales de Magistrats. Elle est compos\u00e9e de 94 associations pr\u00e9sentes sur les cinq continents \u00e0 travers le Groupe R\u00e9gional Africain, l\u2019Association europ\u00e9enne des magistrats, le Groupe ib\u00e9ro-am\u00e9ricain et le Groupe asiatique, nord-am\u00e9ricain et oc\u00e9anien.<\/p>\n<p>Daouda Yansan\u00e9  <\/p>\n","protected":false},"excerpt":{"rendered":"<p>Du 19 au 24 f\u00e9vrier 2023, Bamako, la capitale du Mali a abrit\u00e9 la 26\u00e8me conf\u00e9rence annuelle du Groupe r\u00e9gional Africain de l\u2019Union internationale des Magistrats. Cette rencontre de haut niveau des Magistrats du Monde \u00e0 \u00e9t\u00e9 ponctu\u00e9e par plusieurs conf\u00e9rences-d\u00e9bats avec pour seul objectif promouvoir l\u2019Etat de Droit, prot\u00e9ger les droits de l\u2019homme et [&hellip;]<\/p>\n","protected":false},"author":2,"featured_media":19374,"comment_status":"closed","ping_status":"closed","sticky":false,"template":"","format":"standard","meta":{"footnotes":""},"categories":[58],"tags":[],"class_list":{"0":"post-19366","1":"post","2":"type-post","3":"status-publish","4":"format-standard","5":"has-post-thumbnail","7":"category-societe"},"_links":{"self":[{"href":"https:\/\/conakrynews.org\/index.php\/wp-json\/wp\/v2\/posts\/19366","targetHints":{"allow":["GET"]}}],"collection":[{"href":"https:\/\/conakrynews.org\/index.php\/wp-json\/wp\/v2\/posts"}],"about":[{"href":"https:\/\/conakrynews.org\/index.php\/wp-json\/wp\/v2\/types\/post"}],"author":[{"embeddable":true,"href":"https:\/\/conakrynews.org\/index.php\/wp-json\/wp\/v2\/users\/2"}],"replies":[{"embeddable":true,"href":"https:\/\/conakrynews.org\/index.php\/wp-json\/wp\/v2\/comments?post=19366"}],"version-history":[{"count":0,"href":"https:\/\/conakrynews.org\/index.php\/wp-json\/wp\/v2\/posts\/19366\/revisions"}],"wp:featuredmedia":[{"embeddable":true,"href":"https:\/\/conakrynews.org\/index.php\/wp-json\/wp\/v2\/media\/19374"}],"wp:attachment":[{"href":"https:\/\/conakrynews.org\/index.php\/wp-json\/wp\/v2\/media?parent=19366"}],"wp:term":[{"taxonomy":"category","embeddable":true,"href":"https:\/\/conakrynews.org\/index.php\/wp-json\/wp\/v2\/categories?post=19366"},{"taxonomy":"post_tag","embeddable":true,"href":"https:\/\/conakrynews.org\/index.php\/wp-json\/wp\/v2\/tags?post=19366"}],"curies":[{"name":"wp","href":"https:\/\/api.w.org\/{rel}","templated":true}]}}