{"id":19396,"date":"2023-03-01T15:04:47","date_gmt":"2023-03-01T15:04:47","guid":{"rendered":"https:\/\/conakrynews.org\/?p=19396"},"modified":"2023-03-01T18:38:43","modified_gmt":"2023-03-01T18:38:43","slug":"me-bea-sur-le-second-dossier-judiciaire-de-fonike-et-cie-le-doyen-des-juges-na-pris-aucune-mesure-contre-nos-clients","status":"publish","type":"post","link":"https:\/\/conakrynews.org\/index.php\/me-bea-sur-le-second-dossier-judiciaire-de-fonike-et-cie-le-doyen-des-juges-na-pris-aucune-mesure-contre-nos-clients\/","title":{"rendered":"Me Bea sur le second dossier judiciaire  de Fonik\u00e9 et  cie : Le Doyen  des juges  n&rsquo;a pris  aucune  mesure  contre nos clients\u00a0\u00bb"},"content":{"rendered":"<p>Apr\u00e8s  plusieurs mois en  d\u00e9tention  \u00e0  la maison Centrale  de  Conakry, les membres du front national  pour  la d\u00e9fense  de la Constitution (FNDC), Oumar Sylla  Alias Fonik\u00e9  et Ibrahima  Diallo, viennent  d&rsquo;\u00eatre entendus  pour  un  autre dossier  qui porte sur  la diffamation et la divulgation  des fausses  informations de nature \u00e0  porter  atteinte  \u00e0 la  paix  et \u00e0 la s\u00e9curit\u00e9 publique. <\/p>\n<p>Joint  par la r\u00e9daction  de notre  quotidien en ligne, l&rsquo;un des avocats  des pr\u00e9venus, Me Salif B\u00e9avogui, a d\u00e9clar\u00e9 :\u00a0\u00bb Il y a une deuxi\u00e8me  proc\u00e9dure qui concerne  nos clients, Oumar  Sylla  Alias Fonik\u00e9 Mengu\u00e8, Ibrahima  Diallo , qui est pendante devant  le doyen  des juges du Tribunal de premi\u00e8re Instance  de Kaloum.Je vous pr\u00e9cise que c&rsquo;est   ma premi\u00e8re  fois de parler  de ce dossier.Ce dossier, les faits  poursuivis porte sur la diffamation et divulgation de fausses  informations de nature \u00e0  porter  atteinte  \u00e0  la  paix et \u00e0 la  s\u00e9curit\u00e9 publique\u00a0\u00bb, a -t-il d\u00e9clar\u00e9.<\/p>\n<p>Avant  d&rsquo;expliquer :\u00a0\u00bb Effectivement, nos clients  ont \u00e9t\u00e9  inculp\u00e9s pour ces faits  par le doyen  des juges.Mais, ce qu&rsquo;il faut  retenir  c&rsquo;est  que  dans  ce dossier tous les  droits  de nos clients ont \u00e9t\u00e9  scrupuleusement respect\u00e9s par M.le doyen des juges du TPI  de Kaloum.Qui a fait  preuve  de professionnalisme et de respect des droits  de  nos  clients.Ce qui est tr\u00e8s  remarquable, c&rsquo;est que dans  ce dossier, il n&rsquo;y a rien  \u00e0  craindre, il y a aucun  risque comme  le premier  dossier  qui est pendant devant la  Cour Supr\u00eame.Ce dossier  dans sa souverainet\u00e9 et dans  son autorit\u00e9 , le doyen  n&rsquo;a pris aucune  mesure  corrective  de libert\u00e9.En d&rsquo;autres termes,  M.le doyen  des juges  n&rsquo;a d\u00e9cid\u00e9  ni une d\u00e9tention  provisoire ni d&rsquo;un contr\u00f4le  judiciaire. Il n&rsquo;a pris  aucune  mesure  contre nos clients.Ce qui est d\u00e9j\u00e0  rassurant, ce qui est d\u00e9j\u00e0  une garantie.Parce qu&rsquo;il n&rsquo;est pas  forc\u00e9ment  indiqu\u00e9 que toujours  des mesures  de contraintes  et privation  doivent  \u00eatre  am\u00e9nag\u00e9es.Donc, on se r\u00e9jouit  de cela , parce que  cela  prouve que   le magistrat  instructeur  en charge  de ce  dossier travail  en toute ind\u00e9pendance et en toute libert\u00e9 , loin de toute pression  et tout  harc\u00e8lement.En tout cas , en tant qu&rsquo;avocat  nous sommes  associ\u00e9s \u00e0 la  proc\u00e9dure et nous veillons  sur les droits de nos  clients. Je vous  pr\u00e9cise  que c&rsquo;est  d&rsquo;abord  un dossier  qui est venu de la direction de  la police  judiciaire  via le parquet  d&rsquo;instance\u00a0\u00bb, a -t-il expliqu\u00e9.<\/p>\n<p>Pour mettre un terme \u00e0 ses propos , Nous sommes l\u00e0  pour d\u00e9fendre les int\u00e9r\u00eats  de nos clients.Depuis le 25 janvier  2023, le premier  dossier  pour lequel ils ont \u00e9t\u00e9  plac\u00e9 en d\u00e9tention provisoire prolong\u00e9e  et d&rsquo;ailleurs non renouvellement  du mandat se trouve \u00e0 la  cour Supr\u00eame.Et nous n&rsquo;avons  aucune visibilit\u00e9 sur l&rsquo;\u00e9volution  de la  proc\u00e9dure \u00e0  notre  avis.Et nous souhaitons  que la proc\u00e9dure  soit acc\u00e9l\u00e9r\u00e9e et diligent\u00e9e  pour que nos clients  recouvrent rapidement  leur libert\u00e9\u00a0\u00bb.<\/p>\n<p>Sylla Ibrahima Kalil,pour www conakrynews.org 625444534<\/p>\n","protected":false},"excerpt":{"rendered":"<p>Apr\u00e8s plusieurs mois en d\u00e9tention \u00e0 la maison Centrale de Conakry, les membres du front national pour la d\u00e9fense de la Constitution (FNDC), Oumar Sylla Alias Fonik\u00e9 et Ibrahima Diallo, viennent d&rsquo;\u00eatre entendus pour un autre dossier qui porte sur la diffamation et la divulgation des fausses informations de nature \u00e0 porter atteinte \u00e0 la [&hellip;]<\/p>\n","protected":false},"author":2,"featured_media":19397,"comment_status":"closed","ping_status":"closed","sticky":false,"template":"","format":"standard","meta":{"footnotes":""},"categories":[58],"tags":[],"class_list":{"0":"post-19396","1":"post","2":"type-post","3":"status-publish","4":"format-standard","5":"has-post-thumbnail","7":"category-societe"},"_links":{"self":[{"href":"https:\/\/conakrynews.org\/index.php\/wp-json\/wp\/v2\/posts\/19396","targetHints":{"allow":["GET"]}}],"collection":[{"href":"https:\/\/conakrynews.org\/index.php\/wp-json\/wp\/v2\/posts"}],"about":[{"href":"https:\/\/conakrynews.org\/index.php\/wp-json\/wp\/v2\/types\/post"}],"author":[{"embeddable":true,"href":"https:\/\/conakrynews.org\/index.php\/wp-json\/wp\/v2\/users\/2"}],"replies":[{"embeddable":true,"href":"https:\/\/conakrynews.org\/index.php\/wp-json\/wp\/v2\/comments?post=19396"}],"version-history":[{"count":0,"href":"https:\/\/conakrynews.org\/index.php\/wp-json\/wp\/v2\/posts\/19396\/revisions"}],"wp:featuredmedia":[{"embeddable":true,"href":"https:\/\/conakrynews.org\/index.php\/wp-json\/wp\/v2\/media\/19397"}],"wp:attachment":[{"href":"https:\/\/conakrynews.org\/index.php\/wp-json\/wp\/v2\/media?parent=19396"}],"wp:term":[{"taxonomy":"category","embeddable":true,"href":"https:\/\/conakrynews.org\/index.php\/wp-json\/wp\/v2\/categories?post=19396"},{"taxonomy":"post_tag","embeddable":true,"href":"https:\/\/conakrynews.org\/index.php\/wp-json\/wp\/v2\/tags?post=19396"}],"curies":[{"name":"wp","href":"https:\/\/api.w.org\/{rel}","templated":true}]}}