{"id":19410,"date":"2023-03-01T18:53:16","date_gmt":"2023-03-01T18:53:16","guid":{"rendered":"https:\/\/conakrynews.org\/?p=19410"},"modified":"2023-03-01T18:53:16","modified_gmt":"2023-03-01T18:53:16","slug":"alpha-conde-designe-le-general-namory-traore-comme-le-principal-coupable-de-sa-chute-au-pouvoir","status":"publish","type":"post","link":"https:\/\/conakrynews.org\/index.php\/alpha-conde-designe-le-general-namory-traore-comme-le-principal-coupable-de-sa-chute-au-pouvoir\/","title":{"rendered":"Alpha Cond\u00e9 d\u00e9signe le g\u00e9n\u00e9ral Namory Traor\u00e9 comme le principal coupable de sa chute au pouvoir !"},"content":{"rendered":"<p>L\u2019ancien pr\u00e9sident guin\u00e9en Pr Alpha Cond\u00e9 vit mal son \u00e9viction au pouvoir par le Colonel Mamadi Doumboumya et ses hommes, le 05 septembre 2021. Longtemps rest\u00e9 silencieux dans les m\u00e9dias depuis sa chute au tr\u00f4ne, l\u2019ex pr\u00e9sident a finalement d\u00e9cid\u00e9 de donner le fil \u00e0 retordre \u00e0 son tombeur.<\/p>\n<p>Dans un entretien exclusif qu\u2019il a accord\u00e9 \u00e0 nos confr\u00e8res de Mosaiqueguinee.com, l\u2019ancien chef de l\u2019Etat guin\u00e9en Alpha Cond\u00e9, depuis la Turquie a d\u00e9sign\u00e9 le principal coupable de sa chute au pouvoir. Selon lui, son ex chef d\u2019\u00e9tat-major des arm\u00e9es, le g\u00e9n\u00e9ral Namory Traor\u00e9 et actuel ambassadeur de Guin\u00e9e au Maroc qui aurait complot\u00e9 avec les \u00e9l\u00e9ments du Colonel Mamadi Doumbouya pour le chasser au pouvoir.<\/p>\n<p>\u00abQuand je suis revenu (de retour de ses cong\u00e9s en Turquie, NDLR), je devais enlever Namory, proc\u00e9der \u00e0 d\u2019\u00e9normes chambardements aussi bien dans le gouvernement que dans l\u2019arm\u00e9e. Cela a \u00e9t\u00e9 retard\u00e9 par la visite chez moi, du fils de Deby, qui est rest\u00e9 \u00e0 Conakry jusque tard le samedi (le samedi de la veille du coup d\u2019Etat, NDLR). J\u2019allais le faire le lundi. C\u2019est ce qu\u2019ils ont appris, ils ont anticip\u00e9, mais bon\u2026\u00bb, a-t-il confi\u00e9 au journaliste Lamine Mognouma Ciss\u00e9 au cours d\u2019une interview exclusive.<\/p>\n<p>Par ailleurs, l\u2019ancien locataire du palais S\u00e8khoutour\u00e9ah estime que c\u2019est une foutaise de demander \u00e0 son ministre d\u00e9l\u00e9gu\u00e9 \u00e0 la d\u00e9fense et charg\u00e9 des affaires pr\u00e9sidentielles de justifier son budget de souverainet\u00e9.<\/p>\n<p>\u00abC\u2019est une foutaise de demander \u00e0 Dr Dian\u00e9 de justifier l\u2019utilisation de mon budget de souverainet\u00e9. C\u2019est ce que j\u2019utilisais pour aider les femmes (Groupements, MUFA\u2026), acheter des v\u00e9hicules pour les revendre 30% moins cher \u00e0 l\u2019administration qui surfacturait les prix\u2026 \u00bb, a-t-il laiss\u00e9 entendre, l\u2019ancien pr\u00e9sident Alpha Cond\u00e9.<\/p>\n<p>Mohamed Camara <\/p>\n","protected":false},"excerpt":{"rendered":"<p>L\u2019ancien pr\u00e9sident guin\u00e9en Pr Alpha Cond\u00e9 vit mal son \u00e9viction au pouvoir par le Colonel Mamadi Doumboumya et ses hommes, le 05 septembre 2021. Longtemps rest\u00e9 silencieux dans les m\u00e9dias depuis sa chute au tr\u00f4ne, l\u2019ex pr\u00e9sident a finalement d\u00e9cid\u00e9 de donner le fil \u00e0 retordre \u00e0 son tombeur. Dans un entretien exclusif qu\u2019il a [&hellip;]<\/p>\n","protected":false},"author":2,"featured_media":19411,"comment_status":"closed","ping_status":"closed","sticky":false,"template":"","format":"standard","meta":{"footnotes":""},"categories":[57],"tags":[],"class_list":{"0":"post-19410","1":"post","2":"type-post","3":"status-publish","4":"format-standard","5":"has-post-thumbnail","7":"category-politique"},"_links":{"self":[{"href":"https:\/\/conakrynews.org\/index.php\/wp-json\/wp\/v2\/posts\/19410","targetHints":{"allow":["GET"]}}],"collection":[{"href":"https:\/\/conakrynews.org\/index.php\/wp-json\/wp\/v2\/posts"}],"about":[{"href":"https:\/\/conakrynews.org\/index.php\/wp-json\/wp\/v2\/types\/post"}],"author":[{"embeddable":true,"href":"https:\/\/conakrynews.org\/index.php\/wp-json\/wp\/v2\/users\/2"}],"replies":[{"embeddable":true,"href":"https:\/\/conakrynews.org\/index.php\/wp-json\/wp\/v2\/comments?post=19410"}],"version-history":[{"count":0,"href":"https:\/\/conakrynews.org\/index.php\/wp-json\/wp\/v2\/posts\/19410\/revisions"}],"wp:featuredmedia":[{"embeddable":true,"href":"https:\/\/conakrynews.org\/index.php\/wp-json\/wp\/v2\/media\/19411"}],"wp:attachment":[{"href":"https:\/\/conakrynews.org\/index.php\/wp-json\/wp\/v2\/media?parent=19410"}],"wp:term":[{"taxonomy":"category","embeddable":true,"href":"https:\/\/conakrynews.org\/index.php\/wp-json\/wp\/v2\/categories?post=19410"},{"taxonomy":"post_tag","embeddable":true,"href":"https:\/\/conakrynews.org\/index.php\/wp-json\/wp\/v2\/tags?post=19410"}],"curies":[{"name":"wp","href":"https:\/\/api.w.org\/{rel}","templated":true}]}}