{"id":19431,"date":"2023-03-02T18:59:11","date_gmt":"2023-03-02T18:59:11","guid":{"rendered":"https:\/\/conakrynews.org\/?p=19431"},"modified":"2023-03-02T19:00:39","modified_gmt":"2023-03-02T19:00:39","slug":"manif-du-09-mars-le-premier-ministre-met-en-garde-les-forces-vives-contre-les-degradations-des-biens-prives-copie","status":"publish","type":"post","link":"https:\/\/conakrynews.org\/index.php\/manif-du-09-mars-le-premier-ministre-met-en-garde-les-forces-vives-contre-les-degradations-des-biens-prives-copie\/","title":{"rendered":"Manif du 09 mars : le premier ministre met en garde les forces vives contre les \u2019\u2019d\u00e9gradations des biens priv\u00e9s\u2026\u2019\u2019 (Copie)"},"content":{"rendered":"<p>Le Premier Ministre r\u00e9it\u00e8re sa main tendue en d\u00e9pit du refus de certains acteurs sociopolitiques de r\u00e9pondre \u00e0 son appel au dialogue. Conakry, le 01 mars 2023 \u2013 \u00c0 la suite de son appel lanc\u00e9 aux acteurs sociopolitiques guin\u00e9ens les invitant, sur instruction du Pr\u00e9sident de la Transition, le Colonel Mamadi DOUMBOUYA, \u00e0 une rencontre le lundi 27 f\u00e9vrier 2023 \u00e0 la Primature, le Premier Ministre. Chef du gouvernement a pris acte de leur refus de saisir sa main tendue.<\/p>\n<p>En effet, apr\u00e8s plusieurs rencontres avec les acteurs sociopolitiques dans les diff\u00e9rents si\u00e8ges et l\u2019affirmation par \u00e9crits de la disponibilit\u00e9 du gouvernement \u00e0 dialoguer avec toutes les composantes de la nation et toutes les cat\u00e9gories sociales du pays, le Chef du Gouvernement a voulu offrir, \u00e0 nouveau, l\u2019opportunit\u00e9 aux acteurs absents du Cadre de Dialogue Inclusif Inter-guin\u00e9en, d\u2019\u00e9changer autour des questions essentielles pour notre pays.<\/p>\n<p>Aujourd\u2019hui encore, le Premier Ministre r\u00e9it\u00e8re sa main tendue et demande sinc\u00e8rement \u00e0 nos compatriotes qui h\u00e9sitent, d\u2019accepter de venir d\u00e9battre autour de la table de toutes les possibilit\u00e9s de nous mettre ensemble en vue de pr\u00e9server la paix, favoriser le d\u00e9veloppement et consolider l\u2019unit\u00e9 nationale.<\/p>\n<p>Le Premier Ministre est convaincu que c\u2019est dans le dialogue et par le dialogue seul que des solutions idoines peuvent \u00eatre trouv\u00e9es \u00e0 l\u2019ensemble de nos pr\u00e9occupations. Entre Guin\u00e9ens, nous sommes capables de relever ce d\u00e9fi. Dans cet effort, le Premier Ministre, Chef du gouvernement garant du dialogue social, r\u00e9affirme son engagement et celui de son gouvernement \u00e0 \u00e9couter toutes les entit\u00e9s sociopolitiques et \u00e0 examiner, dans la mesure du possible, toutes les propositions allant dans l\u2019int\u00e9r\u00eat de notre cher pays.<\/p>\n<p>Le Premier Ministre exhorte les religieux, les sages, les organisations de femmes, de jeunes et toutes autres entit\u00e9s de bonne volont\u00e9 \u00e0 se mobiliser pour rassurer nos s\u0153urs et fr\u00e8res encore r\u00e9ticents, \u00e0 entendre raison et venir mettre aux d\u00e9bats leurs r\u00e9clamations. Pour l\u2019amour de notre patrie et pour une transition apais\u00e9e et inclusive, \u00e9vitons \u00e0 notre peuple la r\u00e9p\u00e9tition des \u00e9v\u00e8nements aux cons\u00e9quences malheureuses.<\/p>\n<p>En tout \u00e9tat de cause, toutes formes d\u2019atteintes aux droits des paisibles citoyens, de d\u00e9gradations des biens priv\u00e9s, des \u00e9difices publics obligeraient l\u2019\u00c9tat \u00e0 user de la rigueur de la loi.<\/p>\n<p>La Primature<\/p>\n<p><img loading=\"lazy\" decoding=\"async\" src=\"https:\/\/conakrynews.org\/wp-content\/uploads\/2023\/03\/IMG-20230301-WA0109-228x420-1-204x375.jpg\" alt=\"\" width=\"204\" height=\"375\" class=\"alignright size-medium wp-image-19432\" srcset=\"https:\/\/conakrynews.org\/wp-content\/uploads\/2023\/03\/IMG-20230301-WA0109-228x420-1-204x375.jpg 204w, https:\/\/conakrynews.org\/wp-content\/uploads\/2023\/03\/IMG-20230301-WA0109-228x420-1.jpg 228w\" sizes=\"auto, (max-width: 204px) 100vw, 204px\" \/><\/p>\n<p>Liberationinfo.com<\/p>\n","protected":false},"excerpt":{"rendered":"<p>Le Premier Ministre r\u00e9it\u00e8re sa main tendue en d\u00e9pit du refus de certains acteurs sociopolitiques de r\u00e9pondre \u00e0 son appel au dialogue. Conakry, le 01 mars 2023 \u2013 \u00c0 la suite de son appel lanc\u00e9 aux acteurs sociopolitiques guin\u00e9ens les invitant, sur instruction du Pr\u00e9sident de la Transition, le Colonel Mamadi DOUMBOUYA, \u00e0 une rencontre [&hellip;]<\/p>\n","protected":false},"author":2,"featured_media":19434,"comment_status":"closed","ping_status":"closed","sticky":false,"template":"","format":"standard","meta":{"footnotes":""},"categories":[57],"tags":[],"class_list":{"0":"post-19431","1":"post","2":"type-post","3":"status-publish","4":"format-standard","5":"has-post-thumbnail","7":"category-politique"},"_links":{"self":[{"href":"https:\/\/conakrynews.org\/index.php\/wp-json\/wp\/v2\/posts\/19431","targetHints":{"allow":["GET"]}}],"collection":[{"href":"https:\/\/conakrynews.org\/index.php\/wp-json\/wp\/v2\/posts"}],"about":[{"href":"https:\/\/conakrynews.org\/index.php\/wp-json\/wp\/v2\/types\/post"}],"author":[{"embeddable":true,"href":"https:\/\/conakrynews.org\/index.php\/wp-json\/wp\/v2\/users\/2"}],"replies":[{"embeddable":true,"href":"https:\/\/conakrynews.org\/index.php\/wp-json\/wp\/v2\/comments?post=19431"}],"version-history":[{"count":0,"href":"https:\/\/conakrynews.org\/index.php\/wp-json\/wp\/v2\/posts\/19431\/revisions"}],"wp:featuredmedia":[{"embeddable":true,"href":"https:\/\/conakrynews.org\/index.php\/wp-json\/wp\/v2\/media\/19434"}],"wp:attachment":[{"href":"https:\/\/conakrynews.org\/index.php\/wp-json\/wp\/v2\/media?parent=19431"}],"wp:term":[{"taxonomy":"category","embeddable":true,"href":"https:\/\/conakrynews.org\/index.php\/wp-json\/wp\/v2\/categories?post=19431"},{"taxonomy":"post_tag","embeddable":true,"href":"https:\/\/conakrynews.org\/index.php\/wp-json\/wp\/v2\/tags?post=19431"}],"curies":[{"name":"wp","href":"https:\/\/api.w.org\/{rel}","templated":true}]}}