{"id":19675,"date":"2023-03-17T11:44:47","date_gmt":"2023-03-17T11:44:47","guid":{"rendered":"https:\/\/conakrynews.org\/?p=19675"},"modified":"2023-03-17T11:44:47","modified_gmt":"2023-03-17T11:44:47","slug":"senegal-le-proces-pour-diffamation-de-lopposant-ousmane-sonko-renvoye-au-30-mars","status":"publish","type":"post","link":"https:\/\/conakrynews.org\/index.php\/senegal-le-proces-pour-diffamation-de-lopposant-ousmane-sonko-renvoye-au-30-mars\/","title":{"rendered":"S\u00e9n\u00e9gal: le proc\u00e8s pour diffamation de l\u2019opposant Ousmane Sonko renvoy\u00e9 au 30 mars"},"content":{"rendered":"<p>Au S\u00e9n\u00e9gal, le proc\u00e8s d\u2019Ousmane Sonko pour diffamation a \u00e9t\u00e9 renvoy\u00e9 au 30 mars. La d\u00e9fense de l\u2019opposant avait demand\u00e9 un nouveau report. Des heurts ont \u00e9clat\u00e9 dans plusieurs quartiers de Dakar au cours de ce 16 mars 2023. La capitale a \u00e9t\u00e9 plac\u00e9e sous tr\u00e8s haute s\u00e9curit\u00e9 pour ce proc\u00e8s du leader du parti Les Patriotes africains du S\u00e9n\u00e9gal pour le travail, l\u2019\u00e9thique et la fraternit\u00e9 (Pastef), qui d\u00e9nonce une instrumentalisation de la justice.<\/p>\n<p>Le proc\u00e8s pour diffamation, injure publique, faux et usage de faux, d\u2019Ousmane Sonko avait d\u00e9j\u00e0 \u00e9t\u00e9 renvoy\u00e9 une premi\u00e8re fois du 16 f\u00e9vrier \u00e0 ce 16 mars 2023.<\/p>\n<p>Le leader du parti Les Patriotes africains du S\u00e9n\u00e9gal pour le travail, l\u2019\u00e9thique et la fraternit\u00e9 (Pastef) fait l\u2019objet d\u2019une plainte du ministre du Tourisme Mame Mbaye Niang qu\u2019Ousmane Sonko avait publiquement accus\u00e9 d\u2019avoir \u00e9t\u00e9 \u00e9pingl\u00e9 dans un rapport de l\u2019Inspection g\u00e9n\u00e9rale d\u2019\u00c9tat pour des d\u00e9tournements.<\/p>\n<p>Ce jeudi, le trajet d\u2019Ousmane Sonko vers le tribunal a \u00e9t\u00e9 houleux. L\u2019opposant avait quitt\u00e9 son domicile vers 9 heures du matin, escort\u00e9 par la police et accompagn\u00e9 de nombreux partisans aux cris de \u00ab Sonko rek \u00bb (\u00ab Sonko seulement \u00bb).<\/p>\n<p>Le convoi a \u00e9t\u00e9 bloqu\u00e9 un moment au niveau du rond-point St\u00e8le Mermoz. Il y a eu un d\u00e9saccord sur l\u2019itin\u00e9raire \u00e0 prendre, comme cela a d\u00e9j\u00e0 \u00e9t\u00e9 le cas lors de pr\u00e9c\u00e9dentes convocations. La tension est mont\u00e9e avec des jets de pierres de manifestants et des tirs de gaz lacrymog\u00e8ne des forces de l\u2019ordre.<\/p>\n<p>Finalement, Ousmane Sonko a \u00e9t\u00e9 extrait de son v\u00e9hicule et emmen\u00e9 au tribunal par la police.<\/p>\n<p>\u00ab Notre client a \u00e9t\u00e9 brutalis\u00e9 et n\u2019est pas en mesure de compara\u00eetre \u00bb, avait lanc\u00e9 au tribunal l\u2019un de ses avocats, Me Cir\u00e9 Cl\u00e9dor Ly. Une d\u00e9fense qui a \u00e9galement demand\u00e9 la r\u00e9vocation du juge charg\u00e9 du dossier.<\/p>\n<p>Ousmane Sonko, v\u00eatu de blanc, a ensuite lanc\u00e9 : \u00ab Il n\u2019y a pas d\u2019institution dans le pays. \u00bb L\u2019APR, le parti pr\u00e9sidentiel, avait de son c\u00f4t\u00e9 accus\u00e9 l\u2019opposition de cr\u00e9er le d\u00e9sordre et de \u00ab fustiger l\u2019\u00c9tat de droit \u00bb.<\/p>\n<p>Avec RFI<\/p>\n","protected":false},"excerpt":{"rendered":"<p>Au S\u00e9n\u00e9gal, le proc\u00e8s d\u2019Ousmane Sonko pour diffamation a \u00e9t\u00e9 renvoy\u00e9 au 30 mars. La d\u00e9fense de l\u2019opposant avait demand\u00e9 un nouveau report. Des heurts ont \u00e9clat\u00e9 dans plusieurs quartiers de Dakar au cours de ce 16 mars 2023. La capitale a \u00e9t\u00e9 plac\u00e9e sous tr\u00e8s haute s\u00e9curit\u00e9 pour ce proc\u00e8s du leader du parti [&hellip;]<\/p>\n","protected":false},"author":2,"featured_media":19676,"comment_status":"closed","ping_status":"closed","sticky":false,"template":"","format":"standard","meta":{"footnotes":""},"categories":[58],"tags":[],"class_list":{"0":"post-19675","1":"post","2":"type-post","3":"status-publish","4":"format-standard","5":"has-post-thumbnail","7":"category-societe"},"_links":{"self":[{"href":"https:\/\/conakrynews.org\/index.php\/wp-json\/wp\/v2\/posts\/19675","targetHints":{"allow":["GET"]}}],"collection":[{"href":"https:\/\/conakrynews.org\/index.php\/wp-json\/wp\/v2\/posts"}],"about":[{"href":"https:\/\/conakrynews.org\/index.php\/wp-json\/wp\/v2\/types\/post"}],"author":[{"embeddable":true,"href":"https:\/\/conakrynews.org\/index.php\/wp-json\/wp\/v2\/users\/2"}],"replies":[{"embeddable":true,"href":"https:\/\/conakrynews.org\/index.php\/wp-json\/wp\/v2\/comments?post=19675"}],"version-history":[{"count":0,"href":"https:\/\/conakrynews.org\/index.php\/wp-json\/wp\/v2\/posts\/19675\/revisions"}],"wp:featuredmedia":[{"embeddable":true,"href":"https:\/\/conakrynews.org\/index.php\/wp-json\/wp\/v2\/media\/19676"}],"wp:attachment":[{"href":"https:\/\/conakrynews.org\/index.php\/wp-json\/wp\/v2\/media?parent=19675"}],"wp:term":[{"taxonomy":"category","embeddable":true,"href":"https:\/\/conakrynews.org\/index.php\/wp-json\/wp\/v2\/categories?post=19675"},{"taxonomy":"post_tag","embeddable":true,"href":"https:\/\/conakrynews.org\/index.php\/wp-json\/wp\/v2\/tags?post=19675"}],"curies":[{"name":"wp","href":"https:\/\/api.w.org\/{rel}","templated":true}]}}