{"id":19680,"date":"2023-03-17T14:11:30","date_gmt":"2023-03-17T14:11:30","guid":{"rendered":"https:\/\/conakrynews.org\/?p=19680"},"modified":"2023-03-17T14:11:30","modified_gmt":"2023-03-17T14:11:30","slug":"me-bea-les-poursuites-contre-abdoul-sacko-abandonnees-et-enterinees","status":"publish","type":"post","link":"https:\/\/conakrynews.org\/index.php\/me-bea-les-poursuites-contre-abdoul-sacko-abandonnees-et-enterinees\/","title":{"rendered":"Me B\u00e9a : \u00ab les poursuites contre Abdoul Sacko abandonn\u00e9es et ent\u00e9rin\u00e9es \u00bb"},"content":{"rendered":"<p>Alors que c\u2019\u00e9tait une condition sine qua non des Forces Vives de Guin\u00e9e pour tout d\u00e9but de dialogue \u00e0 l\u2019initiative des religieux, l\u2019abandon pure et simple des poursuites judiciaires contre Abdoul Sacko.<\/p>\n<p>Les religieux ont entam\u00e9 des pourparlers entre le gouvernement de Dr Bernard Gomou et les Forces Vives de Guin\u00e9e, la semaine derni\u00e8re en demandant les deux parties de privil\u00e9gier la Guin\u00e9e. Hier, les Forces Vives n\u2019ont pas r\u00e9pondu \u00e0 l\u2019appel des religieux pour cause des poursuites judiciaires contre l\u2019un des membres.<\/p>\n<p>Et dans la foul\u00e9e, un communiqu\u00e9 a \u00e9t\u00e9 distill\u00e9 dans les m\u00e9dias en annon\u00e7ant les manifestations dans le grand Conakry, le lundi prochain. Quelle sera la prochaine conduite des Forces Vives, apr\u00e8s l\u2019abandon des poursuites judiciaires contre le pr\u00e9sident de la COJELPAID ?<\/p>\n<p>Selon Me B\u00e9a,  l\u2019avocat du pr\u00e9sident de la COJELPAID, Abdoul Sacko un compromis a \u00e9t\u00e9 trouv\u00e9 depuis hier mais il faillait venir chez matin \u00e0 la Direction G\u00e9n\u00e9rale des investigations judiciaires de la gendarmerie nationale pour mat\u00e9rialiser.<\/p>\n<p>\u00ab Avant qu\u2019on ne parte le lundi dernier, un engagement \u00e9crit avait \u00e9t\u00e9 pris, que le vendredi, on allait revenir avec Monsieur Sacko. Entre-temps, hier, nous avons re\u00e7u des appels qui vont dans le sens de l\u2019abandon des poursuites. Mais comme nous, nous avions un engagement ici, en tant que respectueux de la loi, nous ne pouvions pas rester sans venir le pr\u00e9senter \u00e0 l\u2019officier de police judiciaire pour que cet engagement soit respect\u00e9 et annul\u00e9 pour l\u2019avenir. Au cours de nos entretiens, il s\u2019est av\u00e9r\u00e9 que cette affaire est d\u00e9j\u00e0 abandonn\u00e9e et ent\u00e9rin\u00e9e. Mais nous ne sommes pas tr\u00e8s rassur\u00e9s \u00bb, a-t-il indiqu\u00e9<\/p>\n<p>Avant de poursuivre : \u00ab Notre client a \u00e9t\u00e9 longuement interrog\u00e9 ici, il y a un PV qui est l\u00e0. Le destinataire de ce PV, c\u2019est Monsieur le procureur de la R\u00e9publique. Pour ne pas que nous restons dans cette situation et qu\u2019on puisse \u00eatre interpell\u00e9 tous les jours, notre souhait aurait \u00e9t\u00e9 que l\u2019affaire soit d\u00e9f\u00e9r\u00e9e devant le procureur. \u00c0 partir de l\u00e0-bas, si elle doit \u00eatre class\u00e9e, qu\u2019elle le soit. D\u2019autre part, qu\u2019on nous d\u00e9livre un acte de non poursuite \u00bb, a-t-il d\u00e9clar\u00e9.<\/p>\n<p>Liberationinfo.com<\/p>\n","protected":false},"excerpt":{"rendered":"<p>Alors que c\u2019\u00e9tait une condition sine qua non des Forces Vives de Guin\u00e9e pour tout d\u00e9but de dialogue \u00e0 l\u2019initiative des religieux, l\u2019abandon pure et simple des poursuites judiciaires contre Abdoul Sacko. Les religieux ont entam\u00e9 des pourparlers entre le gouvernement de Dr Bernard Gomou et les Forces Vives de Guin\u00e9e, la semaine derni\u00e8re en [&hellip;]<\/p>\n","protected":false},"author":2,"featured_media":19681,"comment_status":"closed","ping_status":"closed","sticky":false,"template":"","format":"standard","meta":{"footnotes":""},"categories":[58],"tags":[],"class_list":{"0":"post-19680","1":"post","2":"type-post","3":"status-publish","4":"format-standard","5":"has-post-thumbnail","7":"category-societe"},"_links":{"self":[{"href":"https:\/\/conakrynews.org\/index.php\/wp-json\/wp\/v2\/posts\/19680","targetHints":{"allow":["GET"]}}],"collection":[{"href":"https:\/\/conakrynews.org\/index.php\/wp-json\/wp\/v2\/posts"}],"about":[{"href":"https:\/\/conakrynews.org\/index.php\/wp-json\/wp\/v2\/types\/post"}],"author":[{"embeddable":true,"href":"https:\/\/conakrynews.org\/index.php\/wp-json\/wp\/v2\/users\/2"}],"replies":[{"embeddable":true,"href":"https:\/\/conakrynews.org\/index.php\/wp-json\/wp\/v2\/comments?post=19680"}],"version-history":[{"count":0,"href":"https:\/\/conakrynews.org\/index.php\/wp-json\/wp\/v2\/posts\/19680\/revisions"}],"wp:featuredmedia":[{"embeddable":true,"href":"https:\/\/conakrynews.org\/index.php\/wp-json\/wp\/v2\/media\/19681"}],"wp:attachment":[{"href":"https:\/\/conakrynews.org\/index.php\/wp-json\/wp\/v2\/media?parent=19680"}],"wp:term":[{"taxonomy":"category","embeddable":true,"href":"https:\/\/conakrynews.org\/index.php\/wp-json\/wp\/v2\/categories?post=19680"},{"taxonomy":"post_tag","embeddable":true,"href":"https:\/\/conakrynews.org\/index.php\/wp-json\/wp\/v2\/tags?post=19680"}],"curies":[{"name":"wp","href":"https:\/\/api.w.org\/{rel}","templated":true}]}}