{"id":1970,"date":"2018-02-24T12:51:11","date_gmt":"2018-02-24T11:51:11","guid":{"rendered":"https:\/\/conakrynews.org\/?p=1970"},"modified":"2018-02-26T10:03:35","modified_gmt":"2018-02-26T09:03:35","slug":"electricite-aurorites-guineennes-collaboration-partenaires-lancent-projet-dinterconnexion-guinee-mali","status":"publish","type":"post","link":"https:\/\/conakrynews.org\/index.php\/electricite-aurorites-guineennes-collaboration-partenaires-lancent-projet-dinterconnexion-guinee-mali\/","title":{"rendered":"Electricit\u00e9 :Les aurorit\u00e9s Guin\u00e9ennes en collaboration avec leurs partenaires lancent le projet d\u2019interconnexion Guin\u00e9e-Mali"},"content":{"rendered":"<p><strong><img loading=\"lazy\" decoding=\"async\" class=\"alignnone size-full wp-image-1973\" src=\"https:\/\/conakrynews.org\/wp-content\/uploads\/2018\/02\/photo-interconnexion.jpg\" alt=\"\" width=\"383\" height=\"287\" \/>Les responsables\u00a0 de l\u2019\u00e9lectricit\u00e9 de Guin\u00e9e en collaboration\u00a0 <\/strong><strong>avec leurs partenaires de la Banque Mondiale et de l\u2019Union Europ\u00e9enne, ont proc\u00e9d\u00e9 au \u00a0lancement du projet \u00a0d\u2019interconnexion \u00e9lectrique de \u00a0225 kilovolts Guin\u00e9e-Mali.C\u2019est dans un r\u00e9ceptif \u00a0h\u00f4telier de la place que ladite c\u00e9r\u00e9monie de lancement s\u2019est tenue \u00a0le jeudi 22 f\u00e9vrier 2018 \u00e0 Conakry. \u00a0<\/strong><\/p>\n<p><strong>\u00a0<\/strong><\/p>\n<p>Dans son intervention, Mamady Kakoro, directeur du projet a d\u00e9clar\u00e9 que\u00a0 l\u2019objectif de ce projet \u00a0interconnexion a pour objectif pour\u00a0 assurer \u00a0la couverture nationale en mati\u00e8re d\u2019\u00e9lectricit\u00e9\u00a0; proc\u00e9der \u00e0 la\u00a0 transformation\u00a0 du \u00a0potentiel hydro\u00e9lectrique de la Guin\u00e9e en tant que pays qualifi\u00e9 de \u00a0ch\u00e2teau d\u2019eau d\u2019Afrique de l\u2019Ouest.<\/p>\n<p>&nbsp;<\/p>\n<p>Rench\u00e9rissant , il a\u00a0 fait savoir \u00a0que c\u2019est une \u00a0ligne qui va quitter le poste de Nz\u00e9r\u00e9kor\u00e9 pour desservir toutes les villes de l\u2019Est de la Guin\u00e9e, Beyla, K\u00e9rouan\u00e9, Kankan en tenant compte\u00a0 \u00a0du \u00a0projet hydro\u00e9lectrique de F\u00f6mi, et aller raccorder la ville de Siguiri pour aller rattraper la ligne du Mali vers le poste de Sanankoroba.<\/p>\n<p>Parlant de l\u2019importance du projet, le responsable du projet, a affirm\u00e9\u00a0:\u00ab\u00a0Le projet permettra donc d\u2019\u00e9lectrifier compl\u00e8tement la For\u00eat et la Haute Guin\u00e9e, \u00e7a permettra \u00a0aussi d\u2019\u00e9vacuer le suppl\u00e9ment d\u2019\u00e9nergie vers la R\u00e9publique du Mali. A\u00a0 travers le Mali, d\u2019autres pays de la sous-r\u00e9gion comme les pays de l\u2019OMVS, les pays de l\u2019OMVG et les pays de la Mano River Union. Le projet va porter sur la construction d\u2019une ligne de 714 kilom\u00e8tres et permettra d\u2019implanter des postes de distribution au niveau des grandes villes\u00a0\u00bb, a-t-il affirm\u00e9.<\/p>\n<p>&nbsp;<\/p>\n<p>&nbsp;<\/p>\n<p>&nbsp;<\/p>\n<p>Pour mettre un terme \u00e0 ses propos, il a dit\u00a0:\u00a0\u00ab\u00a0sur le volet Mali et sur le volet Guin\u00e9e, la Guin\u00e9e\u00a0 \u00e0 \u00a0la plus grande composante qui est \u00e0 peu pr\u00e8s de 300 millions d\u2019Euros qui va non seulement porter sur l\u2019autoroute de l\u2019\u00e9nergie pour raccorder les diff\u00e9rentes villes comme Beyla, N\u2019z\u00e9r\u00e9kor\u00e9, K\u00e9rouan\u00e9, Kankan, Siguiri et \u00e0 partir du poste de Fomi, la ville de Kouroussa \u00bb.<\/p>\n<p>&nbsp;<\/p>\n<p>Pour sa part, le secr\u00e9taire G\u00e9n\u00e9rale du minist\u00e8re de l\u2019\u00e9nergie et de l\u2019hydraulique S\u00e9kou Sanfina Diakit\u00e9,\u00a0 a d\u2019abord salu\u00e9 les efforts\u00a0 \u00a0du gouvernement \u00a0Guin\u00e9en \u00a0pour essayer de sortir les guin\u00e9en dans l\u2019obscurit\u00e9. Avant de remercier tous les partenaires qui accompagnent la Guin\u00e9e dans la \u00a0\u00a0r\u00e9solution de ses probl\u00e8mes en mati\u00e8re d\u2019\u00e9lectricit\u00e9.<\/p>\n<p>&nbsp;<\/p>\n<p>A noter que le financement \u00a0dudit projet \u00a0est\u00a0 assur\u00e9 par la BAD (Banque Africaine de D\u00e9veloppement), la Banque Mondiale(BM) et l\u2019Union Europ\u00e9enne(UE).<\/p>\n<p>Sylla Ibrahima Kalil<\/p>\n<p>&nbsp;<\/p>\n","protected":false},"excerpt":{"rendered":"<p>Les responsables\u00a0 de l\u2019\u00e9lectricit\u00e9 de Guin\u00e9e en collaboration\u00a0 avec leurs partenaires de la Banque Mondiale et de l\u2019Union Europ\u00e9enne, ont proc\u00e9d\u00e9 au \u00a0lancement du projet \u00a0d\u2019interconnexion \u00e9lectrique de \u00a0225 kilovolts Guin\u00e9e-Mali.C\u2019est dans un r\u00e9ceptif \u00a0h\u00f4telier de la place que ladite c\u00e9r\u00e9monie de lancement s\u2019est tenue \u00a0le jeudi 22 f\u00e9vrier 2018 \u00e0 Conakry. \u00a0 \u00a0 Dans [&hellip;]<\/p>\n","protected":false},"author":2,"featured_media":1973,"comment_status":"open","ping_status":"open","sticky":false,"template":"","format":"image","meta":{"footnotes":""},"categories":[1,58],"tags":[],"class_list":{"0":"post-1970","1":"post","2":"type-post","3":"status-publish","4":"format-image","5":"has-post-thumbnail","7":"category-non-classe","8":"category-societe","9":"post_format-post-format-image"},"_links":{"self":[{"href":"https:\/\/conakrynews.org\/index.php\/wp-json\/wp\/v2\/posts\/1970","targetHints":{"allow":["GET"]}}],"collection":[{"href":"https:\/\/conakrynews.org\/index.php\/wp-json\/wp\/v2\/posts"}],"about":[{"href":"https:\/\/conakrynews.org\/index.php\/wp-json\/wp\/v2\/types\/post"}],"author":[{"embeddable":true,"href":"https:\/\/conakrynews.org\/index.php\/wp-json\/wp\/v2\/users\/2"}],"replies":[{"embeddable":true,"href":"https:\/\/conakrynews.org\/index.php\/wp-json\/wp\/v2\/comments?post=1970"}],"version-history":[{"count":0,"href":"https:\/\/conakrynews.org\/index.php\/wp-json\/wp\/v2\/posts\/1970\/revisions"}],"wp:featuredmedia":[{"embeddable":true,"href":"https:\/\/conakrynews.org\/index.php\/wp-json\/wp\/v2\/media\/1973"}],"wp:attachment":[{"href":"https:\/\/conakrynews.org\/index.php\/wp-json\/wp\/v2\/media?parent=1970"}],"wp:term":[{"taxonomy":"category","embeddable":true,"href":"https:\/\/conakrynews.org\/index.php\/wp-json\/wp\/v2\/categories?post=1970"},{"taxonomy":"post_tag","embeddable":true,"href":"https:\/\/conakrynews.org\/index.php\/wp-json\/wp\/v2\/tags?post=1970"}],"curies":[{"name":"wp","href":"https:\/\/api.w.org\/{rel}","templated":true}]}}