{"id":19701,"date":"2023-03-18T16:36:45","date_gmt":"2023-03-18T16:36:45","guid":{"rendered":"https:\/\/conakrynews.org\/?p=19701"},"modified":"2023-03-18T16:36:45","modified_gmt":"2023-03-18T16:36:45","slug":"guerre-en-ukraine-la-cpi-emet-un-mandat-darret-contre-le-president-russe-vladimir-poutine","status":"publish","type":"post","link":"https:\/\/conakrynews.org\/index.php\/guerre-en-ukraine-la-cpi-emet-un-mandat-darret-contre-le-president-russe-vladimir-poutine\/","title":{"rendered":"Guerre en Ukraine: la CPI \u00e9met un mandat d\u2019arr\u00eat contre le pr\u00e9sident russe Vladimir Poutine"},"content":{"rendered":"<p>La Cour p\u00e9nale internationale (CPI) a d\u00e9clar\u00e9, vendredi 17 mars, avoir \u00e9mis un mandat d\u2019arr\u00eat contre le pr\u00e9sident russe Vladimir Poutine pour sa responsabilit\u00e9 dans la \u00ab d\u00e9portation ill\u00e9gale \u00bb d\u2019enfants ukrainiens depuis le d\u00e9but de l\u2019invasion russe.<\/p>\n<p>\u00ab Aujourd\u2019hui, 17 mars 2023, la Chambre pr\u00e9liminaire II de la Cour p\u00e9nale internationale a \u00e9mis des mandats d\u2019arr\u00eat contre deux personnes dans le cadre de la situation en Ukraine : M. Vladimir Vladimirovitch Poutine et Mme Maria Alekseyevna Lvova-Belova \u00bb, commissaire pr\u00e9sidentielle aux droits de l\u2019enfant en Russie, a d\u00e9clar\u00e9 la CPI dans un communiqu\u00e9.<\/p>\n<p>\u00ab Personnellement responsable des crimes \u00bb<\/p>\n<p>\u00ab Les crimes auraient \u00e9t\u00e9 commis sur le territoire ukrainien occup\u00e9 au moins \u00e0 partir du 24 f\u00e9vrier 2022 \u00bb, a poursuivi la CPI, ajoutant qu\u2019il existait \u00ab des motifs raisonnables de croire que M. Poutine est personnellement responsable des crimes susmentionn\u00e9s \u00bb. Lundi, le New York Times avait rapport\u00e9 que la CPI s\u2019appr\u00eatait \u00e0 lancer des poursuites contre des Russes pour le transfert d\u2019enfants vers la Russie et pour des frappes d\u00e9lib\u00e9r\u00e9es sur des infrastructures civiles en Ukraine.<\/p>\n<p>\/ Europe<\/p>\n<p>Guerre en Ukraine: la CPI \u00e9met un mandat d\u2019arr\u00eat contre le pr\u00e9sident russe Vladimir Poutine<\/p>\n<p>Publi\u00e9 le : 17\/03\/2023 \u2013 16:37<\/p>\n<p>Modifi\u00e9 le : 17\/03\/2023 \u2013 16:39<\/p>\n<p>La Cour p\u00e9nale internationale a d\u00e9clar\u00e9, le 17 mars 2023, avoir \u00e9mis un mandat d\u2019arr\u00eat contre le pr\u00e9sident russe Vladimir Poutine (ici au Kremlin, le 21 d\u00e9cembre 2022).<\/p>\n<p>La Cour p\u00e9nale internationale a d\u00e9clar\u00e9, le 17 mars 2023, avoir \u00e9mis un mandat d\u2019arr\u00eat contre le pr\u00e9sident russe Vladimir Poutine (ici au Kremlin, le 21 d\u00e9cembre 2022). AFP \u2013 MIKHAIL KIREYEV<\/p>\n<p>Texte par :<\/p>\n<p>RFI<\/p>\n<p>Suivre<\/p>\n<p>4 mn<\/p>\n<p>La Cour p\u00e9nale internationale (CPI) a d\u00e9clar\u00e9, vendredi 17 mars, avoir \u00e9mis un mandat d\u2019arr\u00eat contre le pr\u00e9sident russe Vladimir Poutine pour sa responsabilit\u00e9 dans la \u00ab d\u00e9portation ill\u00e9gale \u00bb d\u2019enfants ukrainiens depuis le d\u00e9but de l\u2019invasion russe.<\/p>\n<p>PUBLICIT\u00c9<\/p>\n<p>\u00ab Aujourd\u2019hui, 17 mars 2023, la Chambre pr\u00e9liminaire II de la Cour p\u00e9nale internationale a \u00e9mis des mandats d\u2019arr\u00eat contre deux personnes dans le cadre de la situation en Ukraine : M. Vladimir Vladimirovitch Poutine et Mme Maria Alekseyevna Lvova-Belova \u00bb, commissaire pr\u00e9sidentielle aux droits de l\u2019enfant en Russie, a d\u00e9clar\u00e9 la CPI dans un communiqu\u00e9.<\/p>\n<p>Vladimir Poutine \u00ab est pr\u00e9sum\u00e9 responsable du crime de guerre de d\u00e9portation ill\u00e9gale de population (enfants) et de transfert ill\u00e9gal de population (enfants) des zones occup\u00e9es d\u2019Ukraine vers la F\u00e9d\u00e9ration de Russie \u00bb, a ajout\u00e9 la cour.<\/p>\n<p>Le contenu m\u00eame de ces mandats n\u2019est pas public, mais l\u2019annonce a \u00e9t\u00e9 faite pour tenter de \u00ab dissuader \u00bb, de pr\u00e9venir de futurs crimes, en quelque sorte, c\u2019est ce qu\u2019explique la Cour dans son communiqu\u00e9, rapporte St\u00e9phanie Maupas, notre correspondante \u00e0 La Haye.<\/p>\n<p>\u00ab Personnellement responsable des crimes \u00bb<\/p>\n<p>\u00ab Les crimes auraient \u00e9t\u00e9 commis sur le territoire ukrainien occup\u00e9 au moins \u00e0 partir du 24 f\u00e9vrier 2022 \u00bb, a poursuivi la CPI, ajoutant qu\u2019il existait \u00ab des motifs raisonnables de croire que M. Poutine est personnellement responsable des crimes susmentionn\u00e9s \u00bb. Lundi, le New York Times avait rapport\u00e9 que la CPI s\u2019appr\u00eatait \u00e0 lancer des poursuites contre des Russes pour le transfert d\u2019enfants vers la Russie et pour des frappes d\u00e9lib\u00e9r\u00e9es sur des infrastructures civiles en Ukraine.<\/p>\n<p>La CPI enqu\u00eate depuis plus d\u2019un an sur d\u2019\u00e9ventuels crimes de guerre ou contre l\u2019humanit\u00e9 commis pendant l\u2019offensive russe. Le procureur de la CPI, Karim Khan, a d\u00e9clar\u00e9 plus t\u00f4t ce mois-ci, apr\u00e8s une visite en Ukraine, que les enl\u00e8vements pr\u00e9sum\u00e9s d\u2019enfants faisaient \u00ab l\u2019objet d\u2019une enqu\u00eate prioritaire \u00bb.<\/p>\n<p>Ni la Russie ni l\u2019Ukraine ne sont membres de la CPI, mais Kiev a accept\u00e9 la comp\u00e9tence de la Cour sur son territoire et travaille avec le procureur. La Russie nie les all\u00e9gations de crimes de guerre. Les experts ont admis qu\u2019il \u00e9tait peu probable qu\u2019elle remette des suspects.<\/p>\n<p>\u00ab Aucune signification \u00bb pour la Russie<\/p>\n<p>RFI \u2013 Actualit\u00e9s, info, news en direct \u2013 Radio France Internationale<\/p>\n<p>\/ Europe<\/p>\n<p>Guerre en Ukraine: la CPI \u00e9met un mandat d\u2019arr\u00eat contre le pr\u00e9sident russe Vladimir Poutine<\/p>\n<p>Publi\u00e9 le : 17\/03\/2023 \u2013 16:37<\/p>\n<p>Modifi\u00e9 le : 17\/03\/2023 \u2013 16:39<\/p>\n<p>La Cour p\u00e9nale internationale a d\u00e9clar\u00e9, le 17 mars 2023, avoir \u00e9mis un mandat d\u2019arr\u00eat contre le pr\u00e9sident russe Vladimir Poutine (ici au Kremlin, le 21 d\u00e9cembre 2022).<\/p>\n<p>La Cour p\u00e9nale internationale a d\u00e9clar\u00e9, le 17 mars 2023, avoir \u00e9mis un mandat d\u2019arr\u00eat contre le pr\u00e9sident russe Vladimir Poutine (ici au Kremlin, le 21 d\u00e9cembre 2022). AFP \u2013 MIKHAIL KIREYEV<\/p>\n<p>La Cour p\u00e9nale internationale (CPI) a d\u00e9clar\u00e9, vendredi 17 mars, avoir \u00e9mis un mandat d\u2019arr\u00eat contre le pr\u00e9sident russe Vladimir Poutine pour sa responsabilit\u00e9 dans la \u00ab d\u00e9portation ill\u00e9gale \u00bb d\u2019enfants ukrainiens depuis le d\u00e9but de l\u2019invasion russe.<\/p>\n<p>\u00ab Aujourd\u2019hui, 17 mars 2023, la Chambre pr\u00e9liminaire II de la Cour p\u00e9nale internationale a \u00e9mis des mandats d\u2019arr\u00eat contre deux personnes dans le cadre de la situation en Ukraine : M. Vladimir Vladimirovitch Poutine et Mme Maria Alekseyevna Lvova-Belova \u00bb, commissaire pr\u00e9sidentielle aux droits de l\u2019enfant en Russie, a d\u00e9clar\u00e9 la CPI dans un communiqu\u00e9.<\/p>\n<p>Vladimir Poutine \u00ab est pr\u00e9sum\u00e9 responsable du crime de guerre de d\u00e9portation ill\u00e9gale de population (enfants) et de transfert ill\u00e9gal de population (enfants) des zones occup\u00e9es d\u2019Ukraine vers la F\u00e9d\u00e9ration de Russie \u00bb, a ajout\u00e9 la cour.<\/p>\n<p>Le contenu m\u00eame de ces mandats n\u2019est pas public, mais l\u2019annonce a \u00e9t\u00e9 faite pour tenter de \u00ab dissuader \u00bb, de pr\u00e9venir de futurs crimes, en quelque sorte, c\u2019est ce qu\u2019explique la Cour dans son communiqu\u00e9, rapporte St\u00e9phanie Maupas, notre correspondante \u00e0 La Haye.<\/p>\n<p>\u00ab Personnellement responsable des crimes \u00bb<\/p>\n<p>\u00ab Les crimes auraient \u00e9t\u00e9 commis sur le territoire ukrainien occup\u00e9 au moins \u00e0 partir du 24 f\u00e9vrier 2022 \u00bb, a poursuivi la CPI, ajoutant qu\u2019il existait \u00ab des motifs raisonnables de croire que M. Poutine est personnellement responsable des crimes susmentionn\u00e9s \u00bb. Lundi, le New York Times avait rapport\u00e9 que la CPI s\u2019appr\u00eatait \u00e0 lancer des poursuites contre des Russes pour le transfert d\u2019enfants vers la Russie et pour des frappes d\u00e9lib\u00e9r\u00e9es sur des infrastructures civiles en Ukraine.<\/p>\n<p>La CPI enqu\u00eate depuis plus d\u2019un an sur d\u2019\u00e9ventuels crimes de guerre ou contre l\u2019humanit\u00e9 commis pendant l\u2019offensive russe. Le procureur de la CPI, Karim Khan, a d\u00e9clar\u00e9 plus t\u00f4t ce mois-ci, apr\u00e8s une visite en Ukraine, que les enl\u00e8vements pr\u00e9sum\u00e9s d\u2019enfants faisaient \u00ab l\u2019objet d\u2019une enqu\u00eate prioritaire \u00bb.<\/p>\n<p>Ni la Russie ni l\u2019Ukraine ne sont membres de la CPI, mais Kiev a accept\u00e9 la comp\u00e9tence de la Cour sur son territoire et travaille avec le procureur. La Russie nie les all\u00e9gations de crimes de guerre. Les experts ont admis qu\u2019il \u00e9tait peu probable qu\u2019elle remette des suspects.<\/p>\n<p>\u00ab Aucune signification \u00bb pour la Russie<\/p>\n<p>Le mandat d\u2019arr\u00eat \u00e9mis par la Cour p\u00e9nale internationale (CPI) contre Vladimir Poutine n\u2019a aucune signification aux yeux de la Russie, a d\u00e9clar\u00e9 de son c\u00f4t\u00e9 le minist\u00e8re russe des Affaires \u00e9trang\u00e8res. \u00ab Les d\u00e9cisions de la Cour p\u00e9nale internationale n\u2019ont aucune signification pour notre pays, y compris d\u2019un point de vue juridique \u00bb, a d\u00e9clar\u00e9 la porte-parole du minist\u00e8re, Maria Zakharova, sur sa cha\u00eene Telegram. \u00ab La Russie n\u2019est pas partie prenante du statut de Rome de la Cour p\u00e9nale internationale et n\u2019a aucune obligation en vertu de celui-ci \u00bb, a soulign\u00e9 Mme Zakharova, ajoutant que Moscou \u00ab ne coop\u00e8re pas \u00bb avec la Cour.<\/p>\n<p>La pr\u00e9sidence ukrainienne s\u2019est f\u00e9licit\u00e9e de l\u2019\u00e9mission de ce mandat d\u2019arr\u00eat. Le pr\u00e9sident ukrainien, Volodymyr Zelensky, a salu\u00e9 \u00ab une d\u00e9cision historique, qui marque le d\u00e9but d\u2019une responsabilit\u00e9 historique \u00bb. Le parquet ukrainien a, lui aussi, salu\u00e9 une \u00ab d\u00e9cision historique \u00bb. \u00ab Ce n\u2019est que le d\u00e9but \u00bb, s\u2019est f\u00e9licit\u00e9 le chef de l\u2019administration pr\u00e9sidentielle Andri\u00ef Iermak sur Telegram.<\/p>\n<p>\u00ab Une d\u00e9cision importante \u00bb, pour l\u2019UE<\/p>\n<p>De son c\u00f4t\u00e9, Josep Borrell, le chef de la diplomatie europ\u00e9enne, a affirm\u00e9 qu\u2019il s\u2019agit d\u2019\u00ab une d\u00e9cision importante \u00bb. Cette d\u00e9cision \u00ab n\u2019est que le d\u00e9but du processus pour amener la Russie et son dirigeant \u00e0 rendre des comptes pour les crimes et les atrocit\u00e9s qu\u2019ils commettent en Ukraine. Il ne peut pas y avoir d\u2019impunit\u00e9 \u00bb, a-t-il soutenu. Le Royaume-Uni a salu\u00e9, quant \u00e0 lui, la d\u00e9cision de la CPI.<\/p>\n<p>Le mandat est \u00ab justifi\u00e9 \u00bb, a dit Joe Biden. Le pr\u00e9sident am\u00e9ricain, s\u2019exprimant devant des journalistes \u00e0 la Maison Blanche, a rappel\u00e9 que l\u2019institution n\u2019\u00e9tait pas reconnue par les \u00c9tats-Unis, mais il a estim\u00e9 que sa d\u00e9cision envoyait n\u00e9anmoins \u00ab un signal tr\u00e8s fort \u00bb.<\/p>\n<p>La d\u00e9cision de la Cour p\u00e9nale internationale (CPI) d\u2019\u00e9mettre un mandat d\u2019arr\u00eat contre le pr\u00e9sident russe Vladimir Poutine \u00ab fera date \u00bb, a estim\u00e9 vendredi sur Twitter le Quai d\u2019Orsay, ajoutant qu\u2019 \u00ab aucun responsable de crimes commis par la Russie en Ukraine, quel que soit son statut, ne doit \u00e9chapper \u00e0 la Justice \u00bb.<\/p>\n<p>Avec RFI <\/p>\n","protected":false},"excerpt":{"rendered":"<p>La Cour p\u00e9nale internationale (CPI) a d\u00e9clar\u00e9, vendredi 17 mars, avoir \u00e9mis un mandat d\u2019arr\u00eat contre le pr\u00e9sident russe Vladimir Poutine pour sa responsabilit\u00e9 dans la \u00ab d\u00e9portation ill\u00e9gale \u00bb d\u2019enfants ukrainiens depuis le d\u00e9but de l\u2019invasion russe. \u00ab Aujourd\u2019hui, 17 mars 2023, la Chambre pr\u00e9liminaire II de la Cour p\u00e9nale internationale a \u00e9mis des [&hellip;]<\/p>\n","protected":false},"author":2,"featured_media":19702,"comment_status":"closed","ping_status":"closed","sticky":false,"template":"","format":"standard","meta":{"footnotes":""},"categories":[58],"tags":[],"class_list":{"0":"post-19701","1":"post","2":"type-post","3":"status-publish","4":"format-standard","5":"has-post-thumbnail","7":"category-societe"},"_links":{"self":[{"href":"https:\/\/conakrynews.org\/index.php\/wp-json\/wp\/v2\/posts\/19701","targetHints":{"allow":["GET"]}}],"collection":[{"href":"https:\/\/conakrynews.org\/index.php\/wp-json\/wp\/v2\/posts"}],"about":[{"href":"https:\/\/conakrynews.org\/index.php\/wp-json\/wp\/v2\/types\/post"}],"author":[{"embeddable":true,"href":"https:\/\/conakrynews.org\/index.php\/wp-json\/wp\/v2\/users\/2"}],"replies":[{"embeddable":true,"href":"https:\/\/conakrynews.org\/index.php\/wp-json\/wp\/v2\/comments?post=19701"}],"version-history":[{"count":0,"href":"https:\/\/conakrynews.org\/index.php\/wp-json\/wp\/v2\/posts\/19701\/revisions"}],"wp:featuredmedia":[{"embeddable":true,"href":"https:\/\/conakrynews.org\/index.php\/wp-json\/wp\/v2\/media\/19702"}],"wp:attachment":[{"href":"https:\/\/conakrynews.org\/index.php\/wp-json\/wp\/v2\/media?parent=19701"}],"wp:term":[{"taxonomy":"category","embeddable":true,"href":"https:\/\/conakrynews.org\/index.php\/wp-json\/wp\/v2\/categories?post=19701"},{"taxonomy":"post_tag","embeddable":true,"href":"https:\/\/conakrynews.org\/index.php\/wp-json\/wp\/v2\/tags?post=19701"}],"curies":[{"name":"wp","href":"https:\/\/api.w.org\/{rel}","templated":true}]}}