{"id":19704,"date":"2023-03-18T16:39:18","date_gmt":"2023-03-18T16:39:18","guid":{"rendered":"https:\/\/conakrynews.org\/?p=19704"},"modified":"2023-03-18T16:40:16","modified_gmt":"2023-03-18T16:40:16","slug":"19704","status":"publish","type":"post","link":"https:\/\/conakrynews.org\/index.php\/19704\/","title":{"rendered":"SENAMSCO: le Premier ministre octroie 3 billets d\u2019avions aux laur\u00e9ates"},"content":{"rendered":"<p>\ud835\uddd6\ud835\uddfc\ud835\uddfb\ud835\uddee\ud835\uddf8\ud835\uddff\ud835\ude06, \ud835\uddf9\ud835\uddf2 \ud835\udfed\ud835\udff3 \ud835\uddfa\ud835\uddee\ud835\uddff\ud835\ude00 \ud835\udfee\ud835\udfec\ud835\udfee\ud835\udfef \u2013 Une semaine apr\u00e8s le lancement des travaux de la SENAMSCO au Stade du 28 septembre, Le Premier Ministre Dr Bernard Goumou, a re\u00e7u dans les locaux de la Primature, les 11 laur\u00e9ates venues des 7 r\u00e9gions administratives plus la zone sp\u00e9ciale de Conakry<\/p>\n<p>Le but \u00e9tait de venir pr\u00e9senter les laur\u00e9ates de la SENAMSCO (miss math\u00e9matiques), puis r\u00e9it\u00e9rer l\u2019engagement des cadres du d\u00e9partement en charge de l\u2019enseignement Pr\u00e9-Universitaire, \u00e0 faire du m\u00e9rite quelque chose de beau et de grand \u00e0 travers cette la SENAMSCO.<\/p>\n<p>Le ministre de l\u2019Enseignement Pr\u00e9-Universitaire, M. Guillaume Hawing a dans son discours, mentionn\u00e9 tous les efforts consenti par le Chef de l\u2019\u00c9tat, du Premier ministre et de tout le Gouvernement dans la promotion du secteur \u00e9ducatif \u00e0 travers la SENAMSCO institu\u00e9e par le Pr\u00e9sident de la Transition, l\u2019ann\u00e9e derni\u00e8re avec pour mot d\u2019ordre la \u00ab Guin\u00e9e au m\u00e9ritants, la Guin\u00e9e aux meilleurs et aux travailleurs  \u00bb<\/p>\n<p>Pour la Ministre malienne de l\u2019Education nationale, l\u2019\u00e9ducation est au centre des priorit\u00e9s des priorit\u00e9s des deux Gouvernements c\u2019est pourquoi, elle n\u2019est pas \u00e9tonn\u00e9e par des r\u00e9formes engag\u00e9es dans le secteur \u00e9ducatif en Guin\u00e9e.<\/p>\n<p>\u00ab Le poumon vivant en Guin\u00e9e a sauv\u00e9 son jumeau mourrant \u00e0 Bamako en laissant ses fronti\u00e8res ouvertes. Et cela nous a permis d\u2019organiser nos diff\u00e9rents examens nationaux\u2026 \u00bb A-t-elle rappel\u00e9.<\/p>\n<p>Le Chef du Gouvernement, apr\u00e8s avoir transmis les chaleureuses salutations du Chef de de l\u2019\u00c9tat, a r\u00e9it\u00e9r\u00e9 l\u2019engagement du Gouvernement de transition \u00e0 rehausser le niveau de l\u2019\u00e9l\u00e8ve guin\u00e9en : \u00ab Si nous voulons un \u00e9tat fort, il faut qu\u2019on contribue dans l\u2019\u00e9ducation \u00bb dit-il.<\/p>\n<p>\ud835\udde6\u2019\ud835\uddee\ud835\uddf1\ud835\uddff\ud835\uddf2\ud835\ude00\ud835\ude00\ud835\uddee\ud835\uddfb\ud835\ude01 \ud835\uddee\ud835\ude02\ud835\ude05 \ud835\uddf9\ud835\uddee\ud835\ude02\ud835\uddff\ud835\uddf2\u0301\ud835\uddee\ud835\ude01\ud835\uddf2\ud835\ude00, \ud835\uddd7\ud835\uddff \ud835\uddd5\ud835\uddf2\ud835\uddff\ud835\uddfb\ud835\uddee\ud835\uddff\ud835\uddf1 \ud835\uddda\ud835\uddfc\ud835\ude02\ud835\uddfa\ud835\uddfc\ud835\ude02, \ud835\uddee \ud835\uddff\ud835\uddf2\u0301\ud835\uddee\ud835\uddf3\ud835\uddf3\ud835\uddf6\ud835\uddff\ud835\uddfa\ud835\uddf2\u0301 \ud835\ude01\ud835\uddfc\ud835\ude02\ud835\ude01\ud835\uddf2 \ud835\ude00\ud835\uddee \ud835\uddff\ud835\uddf2\ud835\uddf0\ud835\uddfc\ud835\uddfb\ud835\uddfb\ud835\uddee\ud835\uddf6\ud835\ude00\ud835\ude00\ud835\uddee\ud835\uddfb\ud835\uddf0\ud835\uddf2 \ud835\uddf2\ud835\ude01 \ud835\uddf9\ud835\uddf2\ud835\ude00 \ud835\uddee \ud835\uddf2\ud835\uddfb\ud835\uddf0\ud835\uddfc\ud835\ude02\ud835\uddff\ud835\uddee\ud835\uddf4\ud835\uddf2\u0301 \ud835\uddf1\ud835\uddf2 \ud835\uddfa\ud835\uddee\ud835\uddf6\ud835\uddfb\ud835\ude01\ud835\uddf2\ud835\uddfb\ud835\uddf6\ud835\uddff \ud835\uddf9\ud835\uddee \ud835\uddfa\ud835\uddf2\u0302\ud835\uddfa\ud835\uddf2 \ud835\uddff\ud835\uddf6\ud835\uddf4\ud835\ude02\ud835\uddf2\ud835\ude02\ud835\uddff \ud835\uddf2\ud835\ude01 \ud835\uddf1\ud835\uddf2 \ud835\uddf4\ud835\uddee\ud835\uddff\ud835\uddf1\ud835\uddf2\ud835\uddff \ud835\uddf0\ud835\uddf2 \ud835\uddfb\ud835\uddf6\ud835\ude03\ud835\uddf2\ud835\uddee\ud835\ude02 \ud835\uddf2\ud835\uddfb \ud835\ude01\ud835\uddff\ud835\uddee\ud835\ude03\ud835\uddee\ud835\uddf6\ud835\uddf9\ud835\uddf9\ud835\uddee\ud835\uddfb\ud835\ude01 \ud835\uddf1\ud835\ude02\ud835\uddff.<\/p>\n<p>\u00ab \ud835\udddf\ud835\uddf2 \ud835\uddfa\ud835\uddf2\u0301\ud835\uddff\ud835\uddf6\ud835\ude01\ud835\uddf2 \ud835\uddf0\u2019\ud835\uddf2\ud835\ude00\ud835\ude01 \ud835\uddf9\ud835\uddee \ud835\uddf1\ud835\uddf6\ud835\ude00\ud835\uddf0\ud835\uddf6\ud835\uddfd\ud835\uddf9\ud835\uddf6\ud835\uddfb\ud835\uddf2 \ud835\uddf2\ud835\ude01 \ud835\uddf9\u2019\ud835\uddf5\ud835\ude02\ud835\uddfa\ud835\uddf6\ud835\uddf9\ud835\uddf6\ud835\ude01\ud835\uddf2\u0301. \ud835\udde1\ud835\uddf2 \ud835\uddf1\ud835\uddf6\ud835\ude01\ud835\uddf2\ud835\ude00 \ud835\uddf7\ud835\uddee\ud835\uddfa\ud835\uddee\ud835\uddf6\ud835\ude00 \ud835\uddf7\ud835\uddf2 \ud835\ude00\ud835\ude02\ud835\uddf6\ud835\ude00 \ud835\uddf3\ud835\uddee\ud835\ude01\ud835\uddf6\ud835\uddf4\ud835\ude02\ud835\uddf2\u0301\ud835\uddf2, \ud835\uddf7\ud835\uddf2 \ud835\ude00\ud835\ude02\ud835\uddf6\ud835\ude00 \ud835\ude02\ud835\uddfb\ud835\uddf2 \ud835\uddf3\ud835\uddf2\ud835\uddfa\ud835\uddfa\ud835\uddf2, \ud835\uddfd\ud835\ude02\ud835\uddf6\ud835\ude00 \ud835\uddef\ud835\uddee\ud835\uddf6\ud835\ude00\ud835\ude00\ud835\uddf2\ud835\uddff \ud835\uddf9\ud835\uddf2\ud835\ude00 \ud835\uddef\ud835\uddff\ud835\uddee\ud835\ude00 \ud835\uddf0\ud835\uddfc\ud835\uddfb\ud835\ude01\ud835\uddf6\ud835\uddfb\ud835\ude02\ud835\uddf2\ud835\uddff \ud835\uddee\u0300 \ud835\ude01\ud835\uddff\ud835\uddee\ud835\ude03\ud835\uddee\ud835\uddf6\ud835\uddf9\ud835\uddf9\ud835\uddf2\ud835\uddff \u00bb \ud835\uddf0\ud835\uddfc\ud835\uddfb\ud835\uddf0\ud835\uddf9\ud835\ude02\ud835\ude01-\ud835\uddf6\ud835\uddf9.<\/p>\n<p>Pour rappel, le Premier ministre au nom de la Primature a octroy\u00e9 3 billets d\u2019avions aux laur\u00e9ates.<\/p>\n","protected":false},"excerpt":{"rendered":"<p>\ud835\uddd6\ud835\uddfc\ud835\uddfb\ud835\uddee\ud835\uddf8\ud835\uddff\ud835\ude06, \ud835\uddf9\ud835\uddf2 \ud835\udfed\ud835\udff3 \ud835\uddfa\ud835\uddee\ud835\uddff\ud835\ude00 \ud835\udfee\ud835\udfec\ud835\udfee\ud835\udfef \u2013 Une semaine apr\u00e8s le lancement des travaux de la SENAMSCO au Stade du 28 septembre, Le Premier Ministre Dr Bernard Goumou, a re\u00e7u dans les locaux de la Primature, les 11 laur\u00e9ates venues des 7 r\u00e9gions administratives plus la zone sp\u00e9ciale de Conakry Le but \u00e9tait de venir pr\u00e9senter [&hellip;]<\/p>\n","protected":false},"author":2,"featured_media":19705,"comment_status":"closed","ping_status":"closed","sticky":false,"template":"","format":"standard","meta":{"footnotes":""},"categories":[58],"tags":[],"class_list":{"0":"post-19704","1":"post","2":"type-post","3":"status-publish","4":"format-standard","5":"has-post-thumbnail","7":"category-societe"},"_links":{"self":[{"href":"https:\/\/conakrynews.org\/index.php\/wp-json\/wp\/v2\/posts\/19704","targetHints":{"allow":["GET"]}}],"collection":[{"href":"https:\/\/conakrynews.org\/index.php\/wp-json\/wp\/v2\/posts"}],"about":[{"href":"https:\/\/conakrynews.org\/index.php\/wp-json\/wp\/v2\/types\/post"}],"author":[{"embeddable":true,"href":"https:\/\/conakrynews.org\/index.php\/wp-json\/wp\/v2\/users\/2"}],"replies":[{"embeddable":true,"href":"https:\/\/conakrynews.org\/index.php\/wp-json\/wp\/v2\/comments?post=19704"}],"version-history":[{"count":0,"href":"https:\/\/conakrynews.org\/index.php\/wp-json\/wp\/v2\/posts\/19704\/revisions"}],"wp:featuredmedia":[{"embeddable":true,"href":"https:\/\/conakrynews.org\/index.php\/wp-json\/wp\/v2\/media\/19705"}],"wp:attachment":[{"href":"https:\/\/conakrynews.org\/index.php\/wp-json\/wp\/v2\/media?parent=19704"}],"wp:term":[{"taxonomy":"category","embeddable":true,"href":"https:\/\/conakrynews.org\/index.php\/wp-json\/wp\/v2\/categories?post=19704"},{"taxonomy":"post_tag","embeddable":true,"href":"https:\/\/conakrynews.org\/index.php\/wp-json\/wp\/v2\/tags?post=19704"}],"curies":[{"name":"wp","href":"https:\/\/api.w.org\/{rel}","templated":true}]}}