{"id":19709,"date":"2023-03-18T16:43:57","date_gmt":"2023-03-18T16:43:57","guid":{"rendered":"https:\/\/conakrynews.org\/?p=19709"},"modified":"2023-03-18T16:43:57","modified_gmt":"2023-03-18T16:43:57","slug":"energie-west-africa-lng-renforce-la-capacite-energetique-de-la-guinee-de-1800-megawatts","status":"publish","type":"post","link":"https:\/\/conakrynews.org\/index.php\/energie-west-africa-lng-renforce-la-capacite-energetique-de-la-guinee-de-1800-megawatts\/","title":{"rendered":"\u00c9nergie: West Africa LNG renforce la capacit\u00e9 \u00e9nerg\u00e9tique de la Guin\u00e9e de 1800 m\u00e9gawatts"},"content":{"rendered":"<p>Conakry, le 17 mars 2023 \u2013 La R\u00e9publique de Guin\u00e9e vient de signer une convention avec West Africa Liquefied Natural Gas (WEST AFRICA LNG), une Soci\u00e9t\u00e9 am\u00e9ricaine pour fournir \u00e0 la Guin\u00e9e du Gaz liqu\u00e9fi\u00e9 convertible en \u00e9lectricit\u00e9 d\u2019une capacit\u00e9 de 1800 M\u00e9gawatts pour le secteur minier.<\/p>\n<p>Selon le Ministre de l\u2019Energie et des hydrocarbures, cette convention est conforme aux lois en vigueur en R\u00e9publique de Guin\u00e9e. Elle est gagnant- gagnant pour toutes les parties.<\/p>\n<p>En ce qui concerne les avantages de cette convention pour la Guin\u00e9e, le Ministre de l\u2019Energie d\u00e9clare \u00ab Une partie de cette \u00e9nergie permettra \u00e0 l\u2019EDG d\u2019accroitre ses recettes, de faciliter la construction des raffineries aux soci\u00e9t\u00e9s mini\u00e8res, de transformer l\u2019alumine en Aluminium en Guin\u00e9e, de cr\u00e9er de l\u2019emploi pour les guin\u00e9ens, de permettre \u00e0 d\u2019autres soci\u00e9t\u00e9s craignant avant le d\u00e9ficit \u00e9nerg\u00e9tique de s\u2019installer en Guin\u00e9e.<\/p>\n<p>C\u2019est pourquoi selon le Premier Ministre \u00ab Si l\u2019ambassadeur des Etats-Unis a voulu d\u00e8s le d\u00e9part nous accompagner, c\u2019est pour d\u00e9noter que cette convention est d\u2019une extr\u00eame importance et tr\u00e8s strat\u00e9gique pour la Guin\u00e9e. C\u2019est pour cela je suis tr\u00e8s heureux de voir que nous sommes en train d\u2019\u00e9crire une nouvelle page tr\u00e8s tr\u00e8s importante pour notre pays \u00bb.<\/p>\n<p>L\u2019Ex ambassadrice des Etats-Unis en Guin\u00e9e, Patricia Moller a, quant \u00e0 elle remerci\u00e9 le Pr\u00e9sident de la transition, le Colonel Mamadi Doumbouya pour tous les efforts tr\u00e8s appr\u00e9ci\u00e9s qu\u2019il fournit pour le compte de son pays. Elle a ensuite appr\u00e9ci\u00e9 le leadership du Premier Ministre, Dr Bernard Goumou avant de d\u00e9clarer : \u00ab \ud835\udde1\ud835\uddfc\ud835\ude02\ud835\ude00 \ud835\ude03\ud835\uddf2\ud835\uddfb\ud835\uddfc\ud835\uddfb\ud835\ude00 \ud835\uddf1\u2019\ud835\uddfc\ud835\ude02\ud835\ude03\ud835\uddff\ud835\uddf6\ud835\uddff \ud835\ude02\ud835\uddfb\ud835\uddf2 \ud835\uddf4\ud835\uddff\ud835\uddee\ud835\uddfb\ud835\uddf1\ud835\uddf2 \ud835\uddfd\ud835\uddfc\ud835\uddff\ud835\ude01\ud835\uddf2 \ud835\uddfd\ud835\uddfc\ud835\ude02\ud835\uddff \ud835\uddf9\ud835\uddee \ud835\uddda\ud835\ude02\ud835\uddf6\ud835\uddfb\ud835\uddf2\u0301\ud835\uddf2\u2026, \ud835\uddf2\ud835\ude01 \ud835\uddf7\u2019\ud835\uddee\ud835\uddf6 \ud835\ude00\ud835\uddf2\ud835\uddfb\ud835\ude01\ud835\uddf6 \ud835\uddfe\ud835\ude02\u2019\ud835\uddf6\ud835\uddf9 \ud835\ude06 \ud835\uddee \ud835\uddf1\ud835\uddf2\ud835\ude00 \ud835\uddf4\ud835\uddf2\ud835\uddfb\ud835\ude00 \ud835\uddfe\ud835\ude02\ud835\uddf6 \ud835\uddee\ud835\uddf6\ud835\uddfa\ud835\uddf2\ud835\uddfb\ud835\ude01 \ud835\uddf9\ud835\uddf2\ud835\ude02\ud835\uddff \ud835\uddfd\ud835\uddee\ud835\ude06\ud835\ude00. \ud835\udddc\ud835\uddf9 \ud835\uddf3\ud835\uddee\ud835\ude02\ud835\ude01 \ud835\uddfe\ud835\ude02\ud835\uddf2 \ud835\uddf9\ud835\uddf2 \ud835\uddda\ud835\ude02\ud835\uddf6\ud835\uddfb\ud835\uddf2\u0301\ud835\uddf2\ud835\uddfb \ud835\ude00\ud835\uddfc\ud835\uddf6\ud835\ude01 \ud835\uddf3\ud835\uddf6\ud835\uddf2\ud835\uddff \ud835\uddf1\u2019\ud835\uddf2\ud835\ude02\ud835\ude05\u00bb.<\/p>\n<p>Pr\u00e9cisons que cette c\u00e9r\u00e9monie de signature s\u2019est d\u00e9roul\u00e9e \u00e0 la Primature en Pr\u00e9sence du locataire des lieux, Dr Bernard Gomou et \u00e0 ses c\u00f4t\u00e9s, le Ministre de l\u2019\u00e9nergie Aly Seydouba Soumah, le Ministre du budget Lancin\u00e9 Cond\u00e9, la Ministre du Commerce, de l\u2019Industrie et des PME, Louopou Lamah, le Directeur de l\u2019EDG, Laye S\u00e9kou Camara, le Directeur de la douane, le Colonel Moussa Camara et le Directeur G\u00e9n\u00e9ral des Imp\u00f4ts de Guin\u00e9e Mory Camara.<\/p>\n<p>Guineequotidien.com <\/p>\n","protected":false},"excerpt":{"rendered":"<p>Conakry, le 17 mars 2023 \u2013 La R\u00e9publique de Guin\u00e9e vient de signer une convention avec West Africa Liquefied Natural Gas (WEST AFRICA LNG), une Soci\u00e9t\u00e9 am\u00e9ricaine pour fournir \u00e0 la Guin\u00e9e du Gaz liqu\u00e9fi\u00e9 convertible en \u00e9lectricit\u00e9 d\u2019une capacit\u00e9 de 1800 M\u00e9gawatts pour le secteur minier. Selon le Ministre de l\u2019Energie et des hydrocarbures, [&hellip;]<\/p>\n","protected":false},"author":2,"featured_media":19710,"comment_status":"closed","ping_status":"closed","sticky":false,"template":"","format":"standard","meta":{"footnotes":""},"categories":[58],"tags":[],"class_list":{"0":"post-19709","1":"post","2":"type-post","3":"status-publish","4":"format-standard","5":"has-post-thumbnail","7":"category-societe"},"_links":{"self":[{"href":"https:\/\/conakrynews.org\/index.php\/wp-json\/wp\/v2\/posts\/19709","targetHints":{"allow":["GET"]}}],"collection":[{"href":"https:\/\/conakrynews.org\/index.php\/wp-json\/wp\/v2\/posts"}],"about":[{"href":"https:\/\/conakrynews.org\/index.php\/wp-json\/wp\/v2\/types\/post"}],"author":[{"embeddable":true,"href":"https:\/\/conakrynews.org\/index.php\/wp-json\/wp\/v2\/users\/2"}],"replies":[{"embeddable":true,"href":"https:\/\/conakrynews.org\/index.php\/wp-json\/wp\/v2\/comments?post=19709"}],"version-history":[{"count":0,"href":"https:\/\/conakrynews.org\/index.php\/wp-json\/wp\/v2\/posts\/19709\/revisions"}],"wp:featuredmedia":[{"embeddable":true,"href":"https:\/\/conakrynews.org\/index.php\/wp-json\/wp\/v2\/media\/19710"}],"wp:attachment":[{"href":"https:\/\/conakrynews.org\/index.php\/wp-json\/wp\/v2\/media?parent=19709"}],"wp:term":[{"taxonomy":"category","embeddable":true,"href":"https:\/\/conakrynews.org\/index.php\/wp-json\/wp\/v2\/categories?post=19709"},{"taxonomy":"post_tag","embeddable":true,"href":"https:\/\/conakrynews.org\/index.php\/wp-json\/wp\/v2\/tags?post=19709"}],"curies":[{"name":"wp","href":"https:\/\/api.w.org\/{rel}","templated":true}]}}