{"id":19721,"date":"2023-03-19T15:21:17","date_gmt":"2023-03-19T15:21:17","guid":{"rendered":"https:\/\/conakrynews.org\/?p=19721"},"modified":"2023-03-19T15:21:31","modified_gmt":"2023-03-19T15:21:31","slug":"conseil-des-ministres-le-chef-de-letat-demande-dimpliquer-davantage-ladministration-locale-dans-la-gestion-des-affaires-publiques","status":"publish","type":"post","link":"https:\/\/conakrynews.org\/index.php\/conseil-des-ministres-le-chef-de-letat-demande-dimpliquer-davantage-ladministration-locale-dans-la-gestion-des-affaires-publiques\/","title":{"rendered":"Conseil des Ministres: le Chef de l\u2019\u00c9tat demande d\u2019impliquer davantage l\u2019Administration locale dans la gestion des affaires publiques"},"content":{"rendered":"<p>La Session Ordinaire du Conseil des Ministres s\u2019est tenue ce \ud835\udc23\ud835\udc1e\ud835\udc2e\ud835\udc1d\ud835\udc22 \ud835\udfcf\ud835\udfd4 \ud835\udc26\ud835\udc1a\ud835\udc2b\ud835\udc2c \ud835\udfd0\ud835\udfce\ud835\udfd0\ud835\udfd1 \ud835\udc1d\ud835\udc1e \ud835\udfcf\ud835\udfce\ud835\udc07 \ud835\udc1a\u0300 \ud835\udfcf\ud835\udfd0\ud835\udc07, sous la Haute Autorit\u00e9 de \ud835\udc2c\ud835\udc28\ud835\udc27 \ud835\udc04\ud835\udc31\ud835\udc1c\ud835\udc1e\ud835\udc25\ud835\udc25\ud835\udc1e\ud835\udc27\ud835\udc1c\ud835\udc1e \ud835\udc0c\ud835\udc28\ud835\udc27\ud835\udc2c\ud835\udc22\ud835\udc1e\ud835\udc2e\ud835\udc2b \ud835\udc25\ud835\udc1e \ud835\udc0f\ud835\udc2b\ud835\udc1e\u0301\ud835\udc2c\ud835\udc22\ud835\udc1d\ud835\udc1e\ud835\udc27\ud835\udc2d \ud835\udc1d\ud835\udc2e \ud835\udc02\ud835\udc0d\ud835\udc11\ud835\udc03, \ud835\udc0f\ud835\udc2b\ud835\udc1e\u0301\ud835\udc2c\ud835\udc22\ud835\udc1d\ud835\udc1e\ud835\udc27\ud835\udc2d \ud835\udc1d\ud835\udc1e \ud835\udc25\ud835\udc1a \ud835\udc13\ud835\udc2b\ud835\udc1a\ud835\udc27\ud835\udc2c\ud835\udc22\ud835\udc2d\ud835\udc22\ud835\udc28\ud835\udc27, \ud835\udc02\ud835\udc21\ud835\udc1e\ud835\udc1f \ud835\udc1d\ud835\udc1e \ud835\udc25\u2019\ud835\udc04\ud835\udc2d\ud835\udc1a\ud835\udc2d, \ud835\udc02\ud835\udc21\ud835\udc1e\ud835\udc1f \ud835\udc12\ud835\udc2e\ud835\udc29\ud835\udc2b\ud835\udc1e\u0302\ud835\udc26\ud835\udc1e \ud835\udc1d\ud835\udc1e\ud835\udc2c \ud835\udc00\ud835\udc2b\ud835\udc26\ud835\udc1e\u0301\ud835\udc1e\ud835\udc2c, \ud835\udc25\ud835\udc1e \ud835\udc02\ud835\udc28\ud835\udc25\ud835\udc28\ud835\udc27\ud835\udc1e\ud835\udc25 \ud835\udc0c\ud835\udc1a\ud835\udc26\ud835\udc1a\ud835\udc1d\ud835\udc22 \ud835\udc03\ud835\udc0e\ud835\udc14\ud835\udc0c\ud835\udc01\ud835\udc0e\ud835\udc14\ud835\udc18\ud835\udc00.<\/p>\n<p>Les points suivants \u00e9taient inscrits \u00e0 l\u2019ordre du jour :<\/p>\n<p>\ud835\udc08. \ud835\udc0c\ud835\udc04\ud835\udc12\ud835\udc12\ud835\udc00\ud835\udc06\ud835\udc04 \ud835\udc03\ud835\udc04 \ud835\udc12\ud835\udc0e\ud835\udc0d \ud835\udc04\ud835\udc17\ud835\udc02\ud835\udc04\ud835\udc0b\ud835\udc0b\ud835\udc04\ud835\udc0d\ud835\udc02\ud835\udc04 \ud835\udc0c\ud835\udc0e\ud835\udc0d\ud835\udc12\ud835\udc08\ud835\udc04\ud835\udc14\ud835\udc11 \ud835\udc0b\ud835\udc04 \ud835\udc0f\ud835\udc11\ud835\udc04\u0301\ud835\udc12\ud835\udc08\ud835\udc03\ud835\udc04\ud835\udc0d\ud835\udc13 \ud835\udc03\ud835\udc04 \ud835\udc0b\ud835\udc00 \ud835\udc13\ud835\udc11\ud835\udc00\ud835\udc0d\ud835\udc12\ud835\udc08\ud835\udc13\ud835\udc08\ud835\udc0e\ud835\udc0d.<\/p>\n<p>\ud835\udc08\ud835\udc08. \ud835\udc02\ud835\udc0e\ud835\udc0c\ud835\udc0f\ud835\udc13\ud835\udc04 \ud835\udc11\ud835\udc04\ud835\udc0d\ud835\udc03\ud835\udc14 \ud835\udc03\ud835\udc04\ud835\udc12 \ud835\udc12\ud835\udc04\ud835\udc12\ud835\udc12\ud835\udc08\ud835\udc0e\ud835\udc0d\ud835\udc12 \ud835\udc0e\ud835\udc11\ud835\udc03\ud835\udc08\ud835\udc0d\ud835\udc00\ud835\udc08\ud835\udc11\ud835\udc04\ud835\udc12 \ud835\udc03\ud835\udc04\ud835\udc12 \ud835\udc02\ud835\udc0e\ud835\udc0d\ud835\udc12\ud835\udc04\ud835\udc08\ud835\udc0b\ud835\udc12 \ud835\udc08\ud835\udc0d\ud835\udc13\ud835\udc04\ud835\udc11\ud835\udc0c\ud835\udc08\ud835\udc0d\ud835\udc08\ud835\udc12\ud835\udc13\ud835\udc04\ud835\udc11\ud835\udc08\ud835\udc04\ud835\udc0b\ud835\udc12 \ud835\udc03\ud835\udc04\ud835\udc12 \ud835\udc0c\ud835\udc00\ud835\udc11\ud835\udc03\ud835\udc08\ud835\udc12 \ud835\udfce\ud835\udfd5 \ud835\udc04\ud835\udc13 \ud835\udfcf\ud835\udfd2 \ud835\udc0c\ud835\udc00\ud835\udc11\ud835\udc12 \ud835\udfd0\ud835\udfce\ud835\udfd0\ud835\udfd1.<\/p>\n<p>\ud835\udc08\ud835\udc08\ud835\udc08. \ud835\udc03\ud835\udc04\u0301\ud835\udc02\ud835\udc08\ud835\udc12\ud835\udc08\ud835\udc0e\ud835\udc0d\ud835\udc12 \ud835\udc03\ud835\udc14 \ud835\udc02\ud835\udc0e\ud835\udc0d\ud835\udc12\ud835\udc04\ud835\udc08\ud835\udc0b \ud835\udc03\ud835\udc04\ud835\udc12 \ud835\udc0c\ud835\udc08\ud835\udc0d\ud835\udc08\ud835\udc12\ud835\udc13\ud835\udc11\ud835\udc04\ud835\udc12<\/p>\n<p>\ud835\udc08\ud835\udc15. \ud835\udc03\ud835\udc08\ud835\udc15\ud835\udc04\ud835\udc11\ud835\udc12<\/p>\n<p>\ud835\udc08. \ud835\udc0c\ud835\udc04\ud835\udc12\ud835\udc12\ud835\udc00\ud835\udc06\ud835\udc04 \ud835\udc03\ud835\udc04 \ud835\udc12\ud835\udc0e\ud835\udc0d \ud835\udc04\ud835\udc17\ud835\udc02\ud835\udc04\ud835\udc0b\ud835\udc0b\ud835\udc04\ud835\udc0d\ud835\udc02\ud835\udc04 \ud835\udc0c\ud835\udc0e\ud835\udc0d\ud835\udc12\ud835\udc08\ud835\udc04\ud835\udc14\ud835\udc11 \ud835\udc0b\ud835\udc04 \ud835\udc0f\ud835\udc11\ud835\udc04\u0301\ud835\udc12\ud835\udc08\ud835\udc03\ud835\udc04\ud835\udc0d\ud835\udc13 \ud835\udc03\ud835\udc04 \ud835\udc0b\ud835\udc00 \ud835\udc13\ud835\udc11\ud835\udc00\ud835\udc0d\ud835\udc12\ud835\udc08\ud835\udc13\ud835\udc08\ud835\udc0e\ud835\udc0d<\/p>\n<p>Son Excellence Monsieur le Pr\u00e9sident du CNRD, Pr\u00e9sident de la Transition, Chef de l\u2019Etat, Chef Supr\u00eame des Arm\u00e9es, le Colonel Mamadi DOUMBOUYA, a commenc\u00e9 son message par rappeler la visite de travail qu\u2019il a effectu\u00e9e dans la R\u00e9gion Administrative de N\u2019z\u00e9r\u00e9kor\u00e9 \u00e0 l\u2019occasion de la Journ\u00e9e Internationale des Droits des Femmes. A cet effet, il a dit avoir \u00e9t\u00e9 tr\u00e8s honor\u00e9 de l\u2019accueil qui lui a \u00e9t\u00e9 r\u00e9serv\u00e9 et de l\u2019organisation qui a accompagn\u00e9 la comm\u00e9moration du 8 mars 2023.<\/p>\n<p>A cette occasion, le Pr\u00e9sident de la Transition a souhait\u00e9 une bonne comm\u00e9moration de cette journ\u00e9e \u00e0 toutes nos m\u00e8res et s\u0153urs en Guin\u00e9e et \u00e0 l\u2019Ext\u00e9rieur du pays.<\/p>\n<p>Par ailleurs, le Chef de l\u2019Etat a mis son s\u00e9jour \u00e0 profit pour demander de renforcer l\u2019Administration Publique \u00e0 l\u2019int\u00e9rieur du pays et d\u2019impliquer les administrateurs locaux dans la gestion des projets de l\u2019Etat et de les associer dans le suivi des diff\u00e9rents travaux, notamment les infrastructures (phases d\u2019\u00e9tudes, d\u2019ex\u00e9cution et de retour d\u2019exp\u00e9rience).<\/p>\n<p>Dans la m\u00eame lanc\u00e9e, il a \u00e9galement demand\u00e9 d\u2019impliquer davantage l\u2019Administration locale dans la gestion des affaires publiques tout en promouvant la bonne gouvernance.<\/p>\n<p>En outre, le Pr\u00e9sident de la Transition a rappel\u00e9 que le 15 mars 2023 \u00e9tait la date butoir pour le rapatriement des avoirs de l\u2019Etat concernant les Etablissements Publics Administratifs (EPA) et les Soci\u00e9t\u00e9s Publiques dans les comptes de la Banque Centrale de la R\u00e9publique de Guin\u00e9e (BCRG) et de la Banque Nationale d\u2019Investissement de Guin\u00e9e (BNIG). A ce sujet, le Chef de l\u2019Etat s\u2019est interrog\u00e9 sur cette situation en rappelant qu\u2019aucune d\u00e9rogation ne sera tol\u00e9r\u00e9e. Dans la m\u00eame logique, le Pr\u00e9sident de la Transition a demand\u00e9 au Ministre de l\u2019Economie et des Finances et au Gouverneur de la BCRG de lui donner une information actualis\u00e9e concernant le rapatriement des avoirs de l\u2019Etat.<\/p>\n<p>Pour terminer, le Chef de l\u2019Etat est revenu sur l\u2019\u00e9tat d\u2019avancement de ses treize (13) instructions prioritaires en invitant \u00e0 tour de r\u00f4le les chefs de D\u00e9partements concern\u00e9s \u00e0 lui faire un compte rendu.<\/p>\n<p>\ud835\udc08\ud835\udc08. \ud835\udc02\ud835\udc0e\ud835\udc0c\ud835\udc0f\ud835\udc13\ud835\udc04 \ud835\udc11\ud835\udc04\ud835\udc0d\ud835\udc03\ud835\udc14 \ud835\udc03\ud835\udc04\ud835\udc12 \ud835\udc12\ud835\udc04\ud835\udc12\ud835\udc12\ud835\udc08\ud835\udc0e\ud835\udc0d\ud835\udc12 \ud835\udc0e\ud835\udc11\ud835\udc03\ud835\udc08\ud835\udc0d\ud835\udc00\ud835\udc08\ud835\udc11\ud835\udc04\ud835\udc12 \ud835\udc03\ud835\udc04\ud835\udc12 \ud835\udc02\ud835\udc0e\ud835\udc0d\ud835\udc12\ud835\udc04\ud835\udc08\ud835\udc0b\ud835\udc12 \ud835\udc08\ud835\udc0d\ud835\udc13\ud835\udc04\ud835\udc11\ud835\udc0c\ud835\udc08\ud835\udc0d\ud835\udc08\ud835\udc12\ud835\udc13\ud835\udc04\ud835\udc11\ud835\udc08\ud835\udc04\ud835\udc0b\ud835\udc12 \ud835\udc03\ud835\udc04\ud835\udc12 \ud835\udc0c\ud835\udc00\ud835\udc11\ud835\udc03\ud835\udc08\ud835\udc12 \ud835\udfce\ud835\udfd5 \ud835\udc04\ud835\udc13 \ud835\udfcf\ud835\udfd2 \ud835\udc0c\ud835\udc00\ud835\udc11\ud835\udc12 \ud835\udfd0\ud835\udfce\ud835\udfd0\ud835\udfd1<\/p>\n<p>\ud835\udc0f\ud835\udc0e\ud835\udc14\ud835\udc11 \ud835\udc0b\ud835\udc00 \ud835\udc12\ud835\udc04\ud835\udc12\ud835\udc12\ud835\udc08\ud835\udc0e\ud835\udc0d \ud835\udc0e\ud835\udc11\ud835\udc03\ud835\udc08\ud835\udc0d\ud835\udc00\ud835\udc08\ud835\udc11\ud835\udc04 \ud835\udc03\ud835\udc14 \ud835\udc02\ud835\udc0e\ud835\udc0d\ud835\udc12\ud835\udc04\ud835\udc08\ud835\udc0b \ud835\udc08\ud835\udc0d\ud835\udc13\ud835\udc04\ud835\udc11\ud835\udc0c\ud835\udc08\ud835\udc0d\ud835\udc08\ud835\udc12\ud835\udc13\ud835\udc04\ud835\udc11\ud835\udc08\ud835\udc04\ud835\udc0b \ud835\udc03\ud835\udc14 \ud835\udc0c\ud835\udc00\ud835\udc11\ud835\udc03\ud835\udc08 \ud835\udfce\ud835\udfd5 \ud835\udc0c\ud835\udc00\ud835\udc11\ud835\udc12 \ud835\udfd0\ud835\udfce\ud835\udfd0\ud835\udfd1<\/p>\n<p>Le Premier Ministre, Chef du Gouvernement Docteur Bernard GOUMOU a articul\u00e9 son message autour de trois points \u00e0 savoir :<\/p>\n<p>\u00b7 Le rapatriement de nos compatriotes en situation de d\u00e9tresse en Tunisie ;<\/p>\n<p>\u00b7 La visite du Premier Ministre \u00e0 Kassa dans le cadre du samedi de l\u2019assainissement ;<\/p>\n<p>\u00b7 La comm\u00e9moration du 08 mars 2023<\/p>\n<p>S\u2019agissant du premier point relatif au rapatriement de nos compatriotes en situation de d\u00e9tresse en Tunisie, le Premier Ministre a rendu un vibrant hommage au Pr\u00e9sident du CNRD, Pr\u00e9sident de la Transition, Chef Supr\u00eame des Arm\u00e9es pour avoir \u00e9t\u00e9 le Premier Chef d\u2019\u00c9tat \u00e0 organiser cette op\u00e9ration. A cet effet, il a mentionn\u00e9 que le Colonel Mamadi DOUMBOUYA a personnellement accueilli et apport\u00e9 son soutien psychologique \u00e0 toutes ces personnes qui ont regagn\u00e9 notre pays. Le Chef du Gouvernement a indiqu\u00e9 qu\u2019au-del\u00e0 d\u2019un simple geste de solidarit\u00e9 et d\u2019humanisme, le retour au pays de nos fr\u00e8res et s\u0153urs \u00e0 bord d\u2019un avion floqu\u00e9 des couleurs nationales a rendu les membres du Gouvernement de la Transition fiers d\u2019\u00eatre Guin\u00e9ens et fiers de servir la Guin\u00e9e aux c\u00f4t\u00e9s d\u2019un Soldat Patriote, d\u00e9termin\u00e9 \u00e0 rendre \u00e0 la R\u00e9publique de Guin\u00e9e son prestige historique.<\/p>\n<p>Dans la m\u00eame lanc\u00e9e, il a adress\u00e9 ses remerciements \u00e0 toutes celles et ceux qui ont \u0153uvr\u00e9 \u00e0 la r\u00e9ussite des premi\u00e8res op\u00e9rations de rapatriement et a f\u00e9licit\u00e9 le ministre des Affaires Etrang\u00e8res, de l\u2019Int\u00e9gration Africaine et des Guin\u00e9ens Etablis \u00e0 l\u2019Etranger pour son engagement sans faille \u00e0 accomplir sa mission.<\/p>\n<p>Aussi, le Premier Ministre a r\u00e9it\u00e9r\u00e9 l\u2019engagement du Gouvernement de continuer \u00e0 se porter au chevet des retourn\u00e9s de Tunisie.<\/p>\n<p>Concernant le deuxi\u00e8me point relatif \u00e0 sa visite \u00e0 Kassa dans le cadre du samedi de l\u2019assainissement, le Chef du Gouvernement s\u2019est dit heureux de retourner dans cette commune avec le Ministre Directeur de Cabinet de la Pr\u00e9sidence accompagn\u00e9 des travailleurs de la Primature afin de proc\u00e9der \u00e0 l\u2019assainissement des espaces publics.<\/p>\n<p>A ce sujet, le Premier Ministre a soulign\u00e9 que sa d\u00e9l\u00e9gation et lui-m\u00eame ont \u00e9t\u00e9 impressionn\u00e9s par l\u2019appropriation par les populations de cette action citoyenne lanc\u00e9e sur la grande \u00eele par le Pr\u00e9sident de la Transition le 14 juillet 2022 . Car, pour lui, entre ce jour du lancement des actions de nettoyage et maintenant, le changement est perceptible dans la mesure o\u00f9 aucun tas d\u2019immondices n\u2019est visible sur les \u00eeles constituant la Commune de Kassa.<\/p>\n<p>Dans la m\u00eame logique, le Chef du Gouvernement et sa d\u00e9l\u00e9gation ont f\u00e9licit\u00e9 le maire, ses conseillers et les populations pour avoir r\u00e9ussi ce changement de comportement. Car ce mod\u00e8le est \u00e0 p\u00e9renniser et \u00e0 \u00e9largir aux autres localit\u00e9s du pays.<\/p>\n<p>Par ailleurs, le Premier Ministre a affirm\u00e9 avoir mis \u00e0 profit cette journ\u00e9e pour appr\u00e9cier les infrastructures r\u00e9alis\u00e9es et en cours initi\u00e9es par le Pr\u00e9sident de la Transition \u00e0 savoir :<\/p>\n<p>\u00b7 Des quais flottants \u00e0 Kassa et Fotoba ;<\/p>\n<p>\u00b7 Un bateau de 70 places avec une forte subvention du ticket d\u2019embarquement mis a la disposition des populations des \u00eeles ;<\/p>\n<p>\u00b7 La construction d\u2019un nouveau lyc\u00e9e ;<\/p>\n<p>\u00b7 La construction d\u2019un centre de sant\u00e9 am\u00e9lior\u00e9 de 24 blocs ;<\/p>\n<p>\u00b7 L\u2019am\u00e9lioration de la couverture du r\u00e9seau t\u00e9l\u00e9phonique et d\u2018internet.<\/p>\n<p>Pour accompagner cette commune, le Chef du Gouvernement et sa suite ont relev\u00e9 qu\u2019il y\u2019a n\u00e9cessit\u00e9 de renforcer l\u2019administration d\u00e9concentr\u00e9e notamment au niveau des services de sant\u00e9, de l\u2019\u00e9ducation et des ressources humaines. A ce sujet, il a invit\u00e9 les ministres en charge de ces secteurs \u00e0 engager une r\u00e9flexion rapide pour proc\u00e9der \u00e0 la nomination des administrateurs communaux.<\/p>\n<p>Quant au troisi\u00e8me et dernier point relatif au 08 mars 2023, le Premier Ministre a souhait\u00e9 une joyeuse comm\u00e9moration de la Journ\u00e9e Internationale des Femmes. A cette occasion, il a exprim\u00e9 sa reconnaissance \u00e0 l\u2019immense talent et apport des filles et femmes de Guin\u00e9e au d\u00e9veloppement socio-\u00e9conomique de notre pays. Aussi, le Premier Ministre a tenu \u00e0 rassurer de l\u2019engagement du Gouvernement de la Transition \u00e0 intensifier ses efforts en vue de garantir aux femmes guin\u00e9ennes l\u2019\u00e9mancipation et l\u2019autonomisation.<\/p>\n<p>Pour lui, les femmes constituent la pierre angulaire de la politique sociale du Pr\u00e9sident de la Transition en indiquant que les r\u00e9formes et les investissements en cours visent \u00e0 r\u00e9pondre aux pr\u00e9occupations des femmes en termes d\u2019infrastructures de base et de coh\u00e9sion sociale.<\/p>\n<p>Pour terminer, le Chef du Gouvernement a inform\u00e9 que cette ann\u00e9e, les femmes ministres s\u2019\u00e9taient rendu \u00e0 l\u2019int\u00e9rieur du pays pour communier avec leurs s\u0153urs la traditionnelle journ\u00e9e du 08 mars.<\/p>\n<p>\ud835\udc00\ud835\udc14 \ud835\udc13\ud835\udc08\ud835\udc13\ud835\udc11\ud835\udc04 \ud835\udc03\ud835\udc04\ud835\udc12 \ud835\udc02\ud835\udc0e\ud835\udc0c\ud835\udc0c\ud835\udc14\ud835\udc0d\ud835\udc08\ud835\udc02\ud835\udc00\ud835\udc13\ud835\udc08\ud835\udc0e\ud835\udc0d\ud835\udc12<\/p>\n<p>Le Ministre de la Culture, du Tourisme et de l\u2019Artisanat a fait une communication relative au projet de Loi portant r\u00e9vision des Lois L022, 023, 024 et 025\/CTRN du 06 ao\u00fbt 1998, respectivement cr\u00e9ant le Fonds de Promotion et de D\u00e9veloppement Touristique et instituant les taxes parafiscales d\u00e9nomm\u00e9es taxes de promotion touristique, taxes de plage et taxes sur la location de v\u00e9hicules.<\/p>\n<p>\ud835\udc0f\ud835\udc0e\ud835\udc14\ud835\udc11 \ud835\udc0b\ud835\udc00 \ud835\udc12\ud835\udc04\ud835\udc12\ud835\udc12\ud835\udc08\ud835\udc0e\ud835\udc0d \ud835\udc0e\ud835\udc11\ud835\udc03\ud835\udc08\ud835\udc0d\ud835\udc00\ud835\udc08\ud835\udc11\ud835\udc04 \ud835\udc03\ud835\udc14 \ud835\udc02\ud835\udc0e\ud835\udc0d\ud835\udc12\ud835\udc04\ud835\udc08\ud835\udc0b \ud835\udc08\ud835\udc0d\ud835\udc13\ud835\udc04\ud835\udc11\ud835\udc0c\ud835\udc08\ud835\udc0d\ud835\udc08\ud835\udc12\ud835\udc13\ud835\udc04\ud835\udc11\ud835\udc08\ud835\udc04\ud835\udc0b \ud835\udc03\ud835\udc14 \ud835\udc0c\ud835\udc00\ud835\udc11\ud835\udc03\ud835\udc08 \ud835\udfcf\ud835\udfd2 \ud835\udc0c\ud835\udc00\ud835\udc11\ud835\udc12 \ud835\udfd0\ud835\udfce\ud835\udfd0\ud835\udfd1<\/p>\n<p>Le Premier Ministre, Chef du Gouvernement Docteur Bernard GOUMOU a port\u00e9 son message sur trois (3) points :<\/p>\n<p>\u00b7 La c\u00e9l\u00e9bration du 08 mars 2023 ;<\/p>\n<p>\u00b7 La rencontre avec certains acteurs sociopolitiques qui \u00e9taient absents au cadre de dialogue inclusif ;<\/p>\n<p>\u00b7 La mise en \u0153uvre des d\u00e9cisions du Conseil des Ministres.<\/p>\n<p>S\u2019agissant du premier point relatif \u00e0 la c\u00e9l\u00e9bration du 08 mars 2023 : Le Chef du Gouvernement a adress\u00e9 ses vives f\u00e9licitations \u00e0 son excellence Monsieur le Pr\u00e9sident du CNRD, Pr\u00e9sident de la Transition, Chef de l\u2019Etat, Chef Supr\u00eame des Arm\u00e9es, le Colonel Mamadi DOUMBOUYA, qui a donn\u00e9 un \u00e9clat particulier cette ann\u00e9e \u00e0 la c\u00e9l\u00e9bration de la Journ\u00e9e Internationale des Droits des Femmes. Car, en se rendant \u00e0 l\u2019int\u00e9rieur du pays, il a su donner un sens profond \u00e0 cet \u00e9v\u00e8nement qui a suscit\u00e9 un grand espoir chez les femmes pour la proximit\u00e9 physique cr\u00e9\u00e9e et les messages partag\u00e9s.<\/p>\n<p>Dans la m\u00eame logique, le Premier Ministre a adress\u00e9 ses remerciements \u00e0 Madame la Ministre en charge de la Promotion F\u00e9minines et \u00e0 toutes les autres femmes Ministres du Gouvernement de la Transition qui ont suscit\u00e9 autour du 08 mars un engouement rarement atteint ces derni\u00e8res ann\u00e9es dans le pays profond.<\/p>\n<p>Le Chef du Gouvernement a mentionn\u00e9 que cet \u00e9v\u00e8nement qui a entrain\u00e9 cette ferveur populaire doit \u00eatre soutenu par des actes concrets allant dans le sens de l\u2019am\u00e9lioration des conditions de vie de nos compatriotes et surtout des femmes qui restent les premi\u00e8res cibles des actions du Gouvernement de la Transition.<\/p>\n<p>Par ailleurs, il a soulign\u00e9 que les engagements annonc\u00e9s dans l\u2019appui \u00e0 la digitalisation, la lutte contre les violences bas\u00e9es sur le genre, l\u2019am\u00e9lioration progressive du taux de femmes dans la prise de d\u00e9cisions sont des indicateurs qui devront faire la fiert\u00e9 du Gouvernement de la Transition avant le 08 mars 2024 .<\/p>\n<p>Pour ce faire, le Chef du Gouvernement a r\u00e9it\u00e9r\u00e9 son espoir sur la d\u00e9termination de tout un chacun a relever ces d\u00e9fis.<\/p>\n<p>Concernant le deuxi\u00e8me point de son message relatif \u00e0 la rencontre avec certains acteurs sociopolitiques qui \u00e9taient absents au cadre de dialogue inclusif inter-guin\u00e9en. Le premier Ministre a inform\u00e9 que depuis le lundi 6 mars 2023, il a entam\u00e9 une s\u00e9rie de rencontres avec certains acteurs sociopolitiques qui \u00e9taient absents au cadre de dialogue inclusif. A ce sujet, il a fait savoir que les religieux appuy\u00e9s par le Ministre Secr\u00e9taire G\u00e9n\u00e9ral des Affaires Religieuses, ont men\u00e9 plusieurs missions de m\u00e9diation aupr\u00e8s des acteurs concern\u00e9s afin de favoriser la coh\u00e9sion sociale dans le pays et que ces missions ont permis dans un premier temps de faire reporter la marche annonc\u00e9e par certains acteurs sociopolitiques le 9 mars 2023, et dans un second temps de faciliter une premi\u00e8re rencontre pour des pourparlers entre le Gouvernement et ces acteurs.<\/p>\n<p>En outre, le Chef du Gouvernement a salu\u00e9 cette \u00e9volution notable qui a ramen\u00e9 autour de la table des acteurs qui \u00e9taient jusqu\u2019\u00e0 pr\u00e9sent retissants \u00e0 accepter la main tendue du Gouvernement de la Transition. A cet effet, il a fait savoir que les intentions sont aujourd\u2019hui exprim\u00e9es de vives voix car il s\u2019agit \u00e0 pr\u00e9sent de poursuivre les efforts tout en disant la v\u00e9rit\u00e9 aux parties.<\/p>\n<p>Dans la m\u00eame lanc\u00e9e, le Chef du Gouvernement a r\u00e9it\u00e9r\u00e9 la confiance \u00e0 la sagesse, au patriotisme et \u00e0 la responsabilit\u00e9 de nos religieux dans la conduite des prochaines rencontres entre le Gouvernement repr\u00e9sent\u00e9 par les Ministres en charge de l\u2019Administration du Territoire, des Affaires \u00e9trang\u00e8res et de la Justice et les acteurs politiques et sociaux regroup\u00e9s au sein des Forces Vives de Guin\u00e9e. Par ailleurs, conform\u00e9ment aux instructions du Chef de l\u2019\u00c9tat, le Premier Ministre a rassur\u00e9 que le Gouvernement de la Transition continuera de bonne foi \u00e0 tout mettre en \u0153uvre pour rassembler les Guin\u00e9ens et les amener \u00e0 faire du dialogue le seul moyen de r\u00e9solution de leurs divergences de vue.<\/p>\n<p>A propos du troisi\u00e8me et dernier point relatif \u00e0 la mise en \u0153uvre des d\u00e9cisions du Conseil des Ministres concernant les mesures de gestion des EPA, le Premier Ministre a fait une mise au point sur la mise en \u0153uvre de certaines d\u00e9cisions du Conseil des Ministres ant\u00e9rieurs. A ce sujet, il a ordonn\u00e9 aux Ministres concern\u00e9s de prendre des dispositions pour fournir les \u00e9l\u00e9ments de d\u00e9cision pour l\u2019arbitrage d\u2019ici le 15 mars 2023, en vue de : fusionner ou supprimer, rationnaliser les d\u00e9penses et am\u00e9liorer la gouvernance des EPA, par un suivi rigoureux (des salaires, des projets, des strat\u00e9gies conform\u00e9ment \u00e0 la politique du Gouvernement, etc.).<\/p>\n<p>A cet effet, il a invit\u00e9 tous les Ministres \u00e0 pr\u00e9parer leurs rapports qui ont \u00e9t\u00e9 pr\u00e9sent\u00e9s au Conseil de ce Jeudi 16 mars 2023.<\/p>\n<p>Quant au Ministre des Mines et de la G\u00e9ologie, l\u2019instruction lui a \u00e9t\u00e9 donn\u00e9e de pr\u00e9parer son rapport \u00e0 l\u2019attention du Chef de l\u2019Etat, sur les projets individuels ou communs de construction des raffineries par les soci\u00e9t\u00e9s GAC, SMB, TBEA, SBG, SPIC, KIMBO et CDM CHINE.<\/p>\n<p>Enfin, le Chef du Gouvernement a invit\u00e9 le Ministre de l\u2019Habitat, de l\u2019Urbanisme et de l\u2019Am\u00e9nagement du Territoire \u00e0 pr\u00e9senter son rapport \u00e0 l\u2019attention du Chef de l\u2019Etat, sur l\u2019\u00e9tat d\u2019avancement de la mise \u00e0 disposition des terrains devant abriter les si\u00e8ges sociaux de toutes les entreprises : les banques, les assurances, les soci\u00e9t\u00e9s mini\u00e8res, les soci\u00e9t\u00e9s de t\u00e9l\u00e9phonies et autres.<\/p>\n<p>\ud835\udc00\ud835\udc14\ud835\udc17 \ud835\udc13\ud835\udc08\ud835\udc13\ud835\udc11\ud835\udc04\ud835\udc12 \ud835\udc03\ud835\udc04\ud835\udc12 \ud835\udc02\ud835\udc0e\ud835\udc0c\ud835\udc0c\ud835\udc14\ud835\udc0d\ud835\udc08\ud835\udc02\ud835\udc00\ud835\udc13\ud835\udc08\ud835\udc0e\ud835\udc0d\ud835\udc12.<\/p>\n<p>Le Ministre de l\u2019Urbanisme, de l\u2019Habitat et de l\u2019Am\u00e9nagement du Territoire a fait une communication relative au projet de D\u00e9cret portant r\u00e8glementation des op\u00e9rations de lotissement en R\u00e9publique de Guin\u00e9e.<\/p>\n<p>La Ministre du Commerce, de l\u2019Industrie et des Petites et Moyennes Entreprises a fait trois communications sur :<\/p>\n<p>\u00b7 La Politique Nationale du D\u00e9veloppement Industriel de la R\u00e9publique Guin\u00e9e ;<\/p>\n<p>\u00b7 Le projet d\u2019Initiative d\u2019Estampillage et d\u2019\u00c9tiquetage des Produits en R\u00e9publique de Guin\u00e9e ;<\/p>\n<p>\u00b7 Le projet de Centre de Technologie d\u2019Inspection et de Quarantaine des Entr\u00e9es et Sorties des Produits Marchands en R\u00e9publique de Guin\u00e9e.<\/p>\n<p>AUX TITRES DES D\u00c9CISIONS.<\/p>\n<p>I. Minist\u00e8re de l\u2019Urbanisme, de l\u2019Habitat et de l\u2019Am\u00e9nagement du Territoire : Communication relative au projet de D\u00e9cret portant r\u00e8glementation des op\u00e9rations de lotissement en R\u00e9publique de Guin\u00e9e.<\/p>\n<p>Le Conseil, apr\u00e8s avoir reconnu les probl\u00e8mes r\u00e9currents qui existent en mati\u00e8re de gestion domaniale, a soutenu le projet de d\u00e9cret. Dans le but de consolider le pr\u00e9sent projet de d\u00e9cret, le Conseil a invit\u00e9 le Ministre \u00e0 se mettre en rapport avec les d\u00e9partements sectoriels en vue de prendre en compte leurs pr\u00e9occupations conform\u00e9ment \u00e0 la vision du Chef de l\u2019Etat que sont :<\/p>\n<p>\u00b7 L\u2019\u00e9quilibre social pour l\u2019acc\u00e8s au domaine ;<\/p>\n<p>\u00b7 La s\u00e9curisation des domaines de l\u2019Etat afin de les rendre inali\u00e9nables ;<\/p>\n<p>\u00b7 L\u2019introduction d\u2019une redevance de lotissement pour permettre \u00e0 l\u2019Etat de faire face aux d\u00e9penses ;<\/p>\n<p>\u00b7 La viabilisation des domaines lotis avant affectation pour \u00e9viter l\u2019occupation anarchique ;<\/p>\n<p>\u00b7 La prise en compte de l\u2019apport de tous les acteurs (architectes, g\u00e9om\u00e8tres, soci\u00e9t\u00e9s de BTP\u2026)<\/p>\n<p>II. Minist\u00e8re du Commerce, de l\u2019Industrie et des Petites et Moyennes Entreprises : Communication relative \u00e0 la Politique Nationale du D\u00e9veloppement Industriel de la Guin\u00e9e.<\/p>\n<p>Le Conseil a soutenu \u00e0 l\u2019unanimit\u00e9 la Politique Nationale de D\u00e9veloppement Industrielle de la Guin\u00e9e qui est une premi\u00e8re du genre depuis plusieurs d\u00e9cennies et qui fait partie des priorit\u00e9s Pr\u00e9sidentielles.<\/p>\n<p>Le Conseil a invit\u00e9 Madame la Ministre \u00e0 se mettre en rapport avec le Ministre Secr\u00e9taire G\u00e9n\u00e9ral du Gouvernement pour dispositions \u00e0 prendre avant sa transmission au CNT.<\/p>\n<p>\ud835\udc00\ud835\udc14\ud835\udc17 \ud835\udc13\ud835\udc08\ud835\udc13\ud835\udc11\ud835\udc04\ud835\udc12 \ud835\udc03\ud835\udc04\ud835\udc12 \ud835\udc03\ud835\udc08\ud835\udc15\ud835\udc04\ud835\udc11\ud835\udc12.<\/p>\n<p>\ud835\udc0f\ud835\udc0e\ud835\udc14\ud835\udc11 \ud835\udc0b\ud835\udc00 \ud835\udc12\ud835\udc04\ud835\udc12\ud835\udc12\ud835\udc08\ud835\udc0e\ud835\udc0d \ud835\udc0e\ud835\udc11\ud835\udc03\ud835\udc08\ud835\udc0d\ud835\udc00\ud835\udc08\ud835\udc11\ud835\udc04 \ud835\udc03\ud835\udc14 \ud835\udc02\ud835\udc0e\ud835\udc0d\ud835\udc12\ud835\udc04\ud835\udc08\ud835\udc0b \ud835\udc08\ud835\udc0d\ud835\udc13\ud835\udc04\ud835\udc11\ud835\udc0c\ud835\udc08\ud835\udc0d\ud835\udc08\ud835\udc12\ud835\udc13\ud835\udc04\ud835\udc11\ud835\udc08\ud835\udc04\ud835\udc0b \ud835\udc03\ud835\udc14 \ud835\udc0c\ud835\udc00\ud835\udc11\ud835\udc03\ud835\udc08 \ud835\udfce\ud835\udfd5 \ud835\udc0c\ud835\udc00\ud835\udc11\ud835\udc12 \ud835\udfd0\ud835\udfce\ud835\udfd0\ud835\udfd1<\/p>\n<p>Le Ministre du Travail et de la Fonction Publique a inform\u00e9 le Conseil de l\u2019organisation d\u2019un programme de formation \u00e0 l\u2019intention des membres du Conseil national du dialogue social assur\u00e9 par les experts du Bureau International du Travail.<\/p>\n<p>Le Ministre de l\u2019Enseignement Pr\u00e9-Universitaire et de l\u2019Alphab\u00e9tisation a fait un compte rendu succinct de sa visite de travail en Arabie Saoudite. Visite au cours de laquelle 137 bourses d\u2019\u00e9tudes ont \u00e9t\u00e9 octroy\u00e9s \u00e0 notre pays.<\/p>\n<p>Le Ministre de la Sant\u00e9 et de l\u2019Hygi\u00e8ne Publique a fait part de la mobilisation sans rel\u00e2che d\u2019une \u00e9quipe de m\u00e9decins charg\u00e9s de suivre l\u2019\u00e9tat de sant\u00e9 des retourn\u00e9s de Tunisie.<\/p>\n<p>Le Ministre de la Culture, du Tourisme et de l\u2019Artisanat s\u2019est f\u00e9licit\u00e9 du premier prix du Film des Ecoles Africaines de Cin\u00e9ma que notre pays a remport\u00e9 au Fespaco 2023 au Burkina Faso.<\/p>\n<p>Le Ministre du Travail et de la Fonction Publique a inform\u00e9 le Conseil du lancement du pr\u00e9-enr\u00f4lement des Fonctionnaires et Contractuels de l\u2019Etat, le lundi 13 mars 2023, pour le volet du recensement biom\u00e9trique.<\/p>\n<p>Le Ministre de la Sant\u00e9 et de l\u2019Hygi\u00e8ne Publique a rassur\u00e9 le Conseil que la prise en charge des rapatri\u00e9s de Tunisie se poursuit dans de tr\u00e8s bonnes conditions.<\/p>\n<p>Le Ministre en charge de l\u2019Energie, a fait le compte rendu de sa mission \u00e0 T\u00e9h\u00e9ran, en R\u00e9publique Islamique d\u2019Iran.<\/p>\n<p>La Ministre du Plan et de la Coop\u00e9ration Internationale a fait le point sur le suivi de la mission de Doha : A ce sujet, un Plaidoyer du projet de Cr\u00e9ation de l\u2019Institut International de la Coop\u00e9ration Internationale a \u00e9t\u00e9 port\u00e9e devant l\u2019Assembl\u00e9e G\u00e9n\u00e9rale du Syst\u00e8me des Nations Unies et celle-ci a soutenu et f\u00e9licit\u00e9 l\u2019initiative.<\/p>\n<p>Ensuite, elle a inform\u00e9 de la signature d\u2019une convention ce mercredi 15-mars-2023 entre la R\u00e9publique de Guin\u00e9e et l\u2019Union Europ\u00e9enne d\u2019un montant de 10 millions d\u2019euro pour l\u2019entreprenariat f\u00e9minin.<\/p>\n<p>Et enfin, de la confirmation de la Guin\u00e9e au Conseil d\u2019Administration de l\u2019Institut Africain de D\u00e9veloppement Economique et de la Planification \u2013 IDEP.<\/p>\n<p>Le Ministre de l\u2019Energie, de l\u2019Hydraulique et des Hydrocarbures a fait le compte rendu de la participation de la d\u00e9l\u00e9gation guin\u00e9enne \u00e0 la premi\u00e8re conf\u00e9rence scientifique et de coop\u00e9ration \u00e9conomique entre la R\u00e9publique Islamique d\u2019Iran et les pays de la zone CEDEAO. Il a inform\u00e9 le Conseil qu\u2019au terme de la mission, il a \u00e9t\u00e9 proc\u00e9d\u00e9 \u00e0 la signature entre la d\u00e9l\u00e9gation guin\u00e9enne et les autorit\u00e9s iraniennes de trois (3) m\u00e9morandums d\u2019entente respectivement sur :<\/p>\n<p>La mise en place d\u2019un m\u00e9canisme de troc p\u00e9trole iranien contre produits minier et agricole guin\u00e9ens, la coop\u00e9ration dans les domaines du p\u00e9trole, du gaz et de la p\u00e9trochimie et, la coop\u00e9ration dans les domaines de l\u2019enseignement, de la formation et de la recherche scientifique.<\/p>\n<p>Madame la Ministre de la Promotion F\u00e9minine, de l\u2019Enfance et des Personnes Vuln\u00e9rables a au nom de ses homologues de la P\u00eache, de l\u2019Information et de l\u2019enseignement sup\u00e9rieur fait le compte rendu de leur mission commune \u00e0 New York \u00e0 l\u2019occasion de la 67\u00e8me session des Nations Unies sur le Statut de la Femme.<\/p>\n<p>Le Ministre Directeur de Cabinet de la Pr\u00e9sidence de la R\u00e9publique a inform\u00e9 le Conseil de la c\u00e9r\u00e9monie de relance, sous le leadership de son Excellence Monsieur le Pr\u00e9sident du CNRD, Pr\u00e9sident de la Transition, Chef de l\u2019Etat, Chef Supr\u00eame des Arm\u00e9es, le Colonel Mamadi DOUMBOUYA, des activit\u00e9s du projet Simandou. Il a aussi inform\u00e9 le Conseil de l\u2019adoption de la loi portant Statut G\u00e9n\u00e9ral des Autorit\u00e9s Administratives Ind\u00e9pendantes (AAI) par le Conseil National de la Transition, le 13 mars 2023.<\/p>\n<p>Le Ministre de l\u2019Habitat de l\u2019Urbanisme et de l\u2019Am\u00e9nagement du Territoire a inform\u00e9 le Conseil de la tenue le 15 mars de l\u2019atelier de pr\u00e9sentation du Sch\u00e9ma Directeur du grand Conakry sous la pr\u00e9sidence du Ministre Directeur de Cabinet de la Pr\u00e9sidence de la R\u00e9publique.<\/p>\n<p>\ud835\udc02\ud835\udc28\ud835\udc27\ud835\udc1a\ud835\udc24\ud835\udc2b\ud835\udc32 \ud835\udc25\ud835\udc1e \ud835\udfcf\ud835\udfd4 \ud835\udc26\ud835\udc1a\ud835\udc2b\ud835\udc2c \ud835\udfd0\ud835\udfce\ud835\udfd0\ud835\udfd1<\/p>\n<p>\ud835\udc0b\ud835\udc1e \ud835\udc02\ud835\udc28\ud835\udc27\ud835\udc2c\ud835\udc1e\ud835\udc22\ud835\udc25 \ud835\udc1d\ud835\udc1e\ud835\udc2c \ud835\udc0c\ud835\udc22\ud835\udc27\ud835\udc22\ud835\udc2c\ud835\udc2d\ud835\udc2b\ud835\udc1e\ud835\udc2c<\/p>\n","protected":false},"excerpt":{"rendered":"<p>La Session Ordinaire du Conseil des Ministres s\u2019est tenue ce \ud835\udc23\ud835\udc1e\ud835\udc2e\ud835\udc1d\ud835\udc22 \ud835\udfcf\ud835\udfd4 \ud835\udc26\ud835\udc1a\ud835\udc2b\ud835\udc2c \ud835\udfd0\ud835\udfce\ud835\udfd0\ud835\udfd1 \ud835\udc1d\ud835\udc1e \ud835\udfcf\ud835\udfce\ud835\udc07 \ud835\udc1a\u0300 \ud835\udfcf\ud835\udfd0\ud835\udc07, sous la Haute Autorit\u00e9 de \ud835\udc2c\ud835\udc28\ud835\udc27 \ud835\udc04\ud835\udc31\ud835\udc1c\ud835\udc1e\ud835\udc25\ud835\udc25\ud835\udc1e\ud835\udc27\ud835\udc1c\ud835\udc1e \ud835\udc0c\ud835\udc28\ud835\udc27\ud835\udc2c\ud835\udc22\ud835\udc1e\ud835\udc2e\ud835\udc2b \ud835\udc25\ud835\udc1e \ud835\udc0f\ud835\udc2b\ud835\udc1e\u0301\ud835\udc2c\ud835\udc22\ud835\udc1d\ud835\udc1e\ud835\udc27\ud835\udc2d \ud835\udc1d\ud835\udc2e \ud835\udc02\ud835\udc0d\ud835\udc11\ud835\udc03, \ud835\udc0f\ud835\udc2b\ud835\udc1e\u0301\ud835\udc2c\ud835\udc22\ud835\udc1d\ud835\udc1e\ud835\udc27\ud835\udc2d \ud835\udc1d\ud835\udc1e \ud835\udc25\ud835\udc1a \ud835\udc13\ud835\udc2b\ud835\udc1a\ud835\udc27\ud835\udc2c\ud835\udc22\ud835\udc2d\ud835\udc22\ud835\udc28\ud835\udc27, \ud835\udc02\ud835\udc21\ud835\udc1e\ud835\udc1f \ud835\udc1d\ud835\udc1e \ud835\udc25\u2019\ud835\udc04\ud835\udc2d\ud835\udc1a\ud835\udc2d, \ud835\udc02\ud835\udc21\ud835\udc1e\ud835\udc1f \ud835\udc12\ud835\udc2e\ud835\udc29\ud835\udc2b\ud835\udc1e\u0302\ud835\udc26\ud835\udc1e \ud835\udc1d\ud835\udc1e\ud835\udc2c \ud835\udc00\ud835\udc2b\ud835\udc26\ud835\udc1e\u0301\ud835\udc1e\ud835\udc2c, \ud835\udc25\ud835\udc1e \ud835\udc02\ud835\udc28\ud835\udc25\ud835\udc28\ud835\udc27\ud835\udc1e\ud835\udc25 \ud835\udc0c\ud835\udc1a\ud835\udc26\ud835\udc1a\ud835\udc1d\ud835\udc22 \ud835\udc03\ud835\udc0e\ud835\udc14\ud835\udc0c\ud835\udc01\ud835\udc0e\ud835\udc14\ud835\udc18\ud835\udc00. Les points suivants \u00e9taient inscrits \u00e0 l\u2019ordre du jour : [&hellip;]<\/p>\n","protected":false},"author":2,"featured_media":19722,"comment_status":"closed","ping_status":"closed","sticky":false,"template":"","format":"standard","meta":{"footnotes":""},"categories":[57],"tags":[],"class_list":{"0":"post-19721","1":"post","2":"type-post","3":"status-publish","4":"format-standard","5":"has-post-thumbnail","7":"category-politique"},"_links":{"self":[{"href":"https:\/\/conakrynews.org\/index.php\/wp-json\/wp\/v2\/posts\/19721","targetHints":{"allow":["GET"]}}],"collection":[{"href":"https:\/\/conakrynews.org\/index.php\/wp-json\/wp\/v2\/posts"}],"about":[{"href":"https:\/\/conakrynews.org\/index.php\/wp-json\/wp\/v2\/types\/post"}],"author":[{"embeddable":true,"href":"https:\/\/conakrynews.org\/index.php\/wp-json\/wp\/v2\/users\/2"}],"replies":[{"embeddable":true,"href":"https:\/\/conakrynews.org\/index.php\/wp-json\/wp\/v2\/comments?post=19721"}],"version-history":[{"count":0,"href":"https:\/\/conakrynews.org\/index.php\/wp-json\/wp\/v2\/posts\/19721\/revisions"}],"wp:featuredmedia":[{"embeddable":true,"href":"https:\/\/conakrynews.org\/index.php\/wp-json\/wp\/v2\/media\/19722"}],"wp:attachment":[{"href":"https:\/\/conakrynews.org\/index.php\/wp-json\/wp\/v2\/media?parent=19721"}],"wp:term":[{"taxonomy":"category","embeddable":true,"href":"https:\/\/conakrynews.org\/index.php\/wp-json\/wp\/v2\/categories?post=19721"},{"taxonomy":"post_tag","embeddable":true,"href":"https:\/\/conakrynews.org\/index.php\/wp-json\/wp\/v2\/tags?post=19721"}],"curies":[{"name":"wp","href":"https:\/\/api.w.org\/{rel}","templated":true}]}}