{"id":19729,"date":"2023-03-20T11:19:55","date_gmt":"2023-03-20T11:19:55","guid":{"rendered":"https:\/\/conakrynews.org\/?p=19729"},"modified":"2023-03-20T11:20:26","modified_gmt":"2023-03-20T11:20:26","slug":"guinee-enieme-report-de-la-marche-pacifique-des-forces-vives-dans-le-grand-conakry","status":"publish","type":"post","link":"https:\/\/conakrynews.org\/index.php\/guinee-enieme-report-de-la-marche-pacifique-des-forces-vives-dans-le-grand-conakry\/","title":{"rendered":"Guin\u00e9e : \u00e9ni\u00e8me report de la marche pacifique des forces vives dans le grand Conakry"},"content":{"rendered":"<p>Encore les Forces Vives de Guin\u00e9e d\u00e9cident de reporter \u00e0 nouveau leur marche pacifique qui \u00e9tait pr\u00e9vue ce lundi 20 mars 2023 dans le grand Conakry.<\/p>\n<p>Selon le communiqu\u00e9, aucune date n\u2019a \u00e9t\u00e9 fix\u00e9e pour la tenue d\u2019une prochaine manifestation.<\/p>\n<p>Voici le contenu du communiqu\u00e9 des forces vives guin\u00e9ennes<\/p>\n<p><img loading=\"lazy\" decoding=\"async\" src=\"https:\/\/conakrynews.org\/wp-content\/uploads\/2023\/03\/FB_IMG_1679306661138-289x375.jpg\" alt=\"\" width=\"289\" height=\"375\" class=\"alignright size-medium wp-image-19730\" srcset=\"https:\/\/conakrynews.org\/wp-content\/uploads\/2023\/03\/FB_IMG_1679306661138-289x375.jpg 289w, https:\/\/conakrynews.org\/wp-content\/uploads\/2023\/03\/FB_IMG_1679306661138.jpg 704w\" sizes=\"auto, (max-width: 289px) 100vw, 289px\" \/><\/p>\n","protected":false},"excerpt":{"rendered":"<p>Encore les Forces Vives de Guin\u00e9e d\u00e9cident de reporter \u00e0 nouveau leur marche pacifique qui \u00e9tait pr\u00e9vue ce lundi 20 mars 2023 dans le grand Conakry. Selon le communiqu\u00e9, aucune date n\u2019a \u00e9t\u00e9 fix\u00e9e pour la tenue d\u2019une prochaine manifestation. Voici le contenu du communiqu\u00e9 des forces vives guin\u00e9ennes<\/p>\n","protected":false},"author":2,"featured_media":19731,"comment_status":"closed","ping_status":"closed","sticky":false,"template":"","format":"standard","meta":{"footnotes":""},"categories":[57],"tags":[],"class_list":{"0":"post-19729","1":"post","2":"type-post","3":"status-publish","4":"format-standard","5":"has-post-thumbnail","7":"category-politique"},"_links":{"self":[{"href":"https:\/\/conakrynews.org\/index.php\/wp-json\/wp\/v2\/posts\/19729","targetHints":{"allow":["GET"]}}],"collection":[{"href":"https:\/\/conakrynews.org\/index.php\/wp-json\/wp\/v2\/posts"}],"about":[{"href":"https:\/\/conakrynews.org\/index.php\/wp-json\/wp\/v2\/types\/post"}],"author":[{"embeddable":true,"href":"https:\/\/conakrynews.org\/index.php\/wp-json\/wp\/v2\/users\/2"}],"replies":[{"embeddable":true,"href":"https:\/\/conakrynews.org\/index.php\/wp-json\/wp\/v2\/comments?post=19729"}],"version-history":[{"count":0,"href":"https:\/\/conakrynews.org\/index.php\/wp-json\/wp\/v2\/posts\/19729\/revisions"}],"wp:featuredmedia":[{"embeddable":true,"href":"https:\/\/conakrynews.org\/index.php\/wp-json\/wp\/v2\/media\/19731"}],"wp:attachment":[{"href":"https:\/\/conakrynews.org\/index.php\/wp-json\/wp\/v2\/media?parent=19729"}],"wp:term":[{"taxonomy":"category","embeddable":true,"href":"https:\/\/conakrynews.org\/index.php\/wp-json\/wp\/v2\/categories?post=19729"},{"taxonomy":"post_tag","embeddable":true,"href":"https:\/\/conakrynews.org\/index.php\/wp-json\/wp\/v2\/tags?post=19729"}],"curies":[{"name":"wp","href":"https:\/\/api.w.org\/{rel}","templated":true}]}}